{"id":446931,"date":"2022-03-03T07:54:06","date_gmt":"2022-03-03T04:54:06","guid":{"rendered":"http:\/\/arantv.az\/?p=446931"},"modified":"2022-03-03T07:54:06","modified_gmt":"2022-03-03T04:54:06","slug":"%c9%99dliyy%c9%99-naziri-fuzuli-rayonunda-v%c9%99t%c9%99ndaslari-q%c9%99bul-edib","status":"publish","type":"post","link":"https:\/\/arantv.az\/?p=446931","title":{"rendered":"\u018fdliyy\u0259 naziri F\u00fczuli rayonunda v\u0259t\u0259nda\u015flar\u0131 q\u0259bul edib"},"content":{"rendered":"<p>\u00d6lk\u0259 Prezidenti c\u0259nab \u0130lham \u018fliyevin insanlara layiqli xidm\u0259t g\u00f6st\u0259rilm\u0259si, v\u0259t\u0259nda\u015flar\u0131n, o c\u00fcml\u0259d\u0259n V\u0259t\u0259n m\u00fcharib\u0259si i\u015ftirak\u00e7\u0131lar\u0131n\u0131n v\u0259 \u015f\u0259hid ail\u0259l\u0259rinin qay\u011f\u0131lar\u0131na x\u00fcsusi h\u0259ssasl\u0131qla yana\u015f\u0131lmas\u0131 il\u0259 ba\u011fl\u0131 tap\u015f\u0131r\u0131qlar\u0131 \u018fdliyy\u0259 Nazirliyi t\u0259r\u0259find\u0259n daim diqq\u0259td\u0259 saxlan\u0131l\u0131r.<\/p>\n<div dir=\"auto\">D\u00f6vl\u0259t ba\u015f\u00e7\u0131s\u0131n\u0131n v\u0259t\u0259nda\u015flar\u0131n \u015f\u0259h\u0259r v\u0259 rayonlarda q\u0259bulunun ke\u00e7irilm\u0259sin\u0259 dair tap\u015f\u0131r\u0131\u011f\u0131na uy\u011fun olaraq mart\u0131n 2-d\u0259 \u0259dliyy\u0259 naziri Fikr\u0259t M\u0259mm\u0259dov F\u00fczuli rayonunda F\u00fczuli, Beyl\u0259qan v\u0259 Xocav\u0259nd rayonlar\u0131nda ya\u015fayan v\u0259 dig\u0259r b\u00f6lg\u0259l\u0259rd\u0259n olan v\u0259t\u0259nda\u015flar\u0131 q\u0259bul edib.<\/div>\n<div dir=\"auto\">Q\u0259buldan \u00f6nc\u0259 \u00fcmummilli lider Heyd\u0259r \u018fliyevin Horadiz \u015f\u0259h\u0259rind\u0259 abid\u0259si ziyar\u0259t olunaraq \u00f6n\u00fcn\u0259 g\u00fcl d\u0259st\u0259l\u0259ri qoyulub, \u0259ziz xatir\u0259sin\u0259 d\u0259rin ehtiram bildirilib.<\/div>\n<div dir=\"auto\">Q\u0259bul zaman\u0131 nazir M\u00fcz\u0259ff\u0259r Ali Ba\u015f Komandan c\u0259nab \u0130lham \u018fliyevin r\u0259hb\u0259rliyi il\u0259 V\u0259t\u0259n m\u00fcharib\u0259sind\u0259 qazan\u0131lm\u0131\u015f parlaq Q\u0259l\u0259b\u0259 n\u0259tic\u0259sind\u0259 azad edilmi\u015f torpaqlar\u0131m\u0131z\u0131n s\u00fcr\u0259tl\u0259 b\u0259rpas\u0131n\u0131n soyda\u015flar\u0131m\u0131z\u0131n tezlikl\u0259 \u00f6z d\u0259d\u0259-baba yurdlar\u0131na qay\u0131dacaqlar\u0131na t\u0259minat verdiyini vur\u011fulay\u0131b, h\u0259min rayonlardan olan v\u0259t\u0259nda\u015flar\u0131n qay\u011f\u0131lar\u0131 il\u0259 maraqlan\u0131b.<\/div>\n<div dir=\"auto\">Eyni zamanda h\u0259r bir v\u0259t\u0259nda\u015f diqq\u0259tl\u0259 dinl\u0259nilib v\u0259 \u0259dliyy\u0259 f\u0259aliyy\u0259ti il\u0259 ba\u011fl\u0131 m\u00fcraci\u0259tl\u0259r\u0259 bax\u0131laraq qald\u0131r\u0131lan b\u0259zi m\u0259s\u0259l\u0259l\u0259rin yerind\u0259c\u0259 h\u0259lli il\u0259 ba\u011fl\u0131 t\u0259dbirl\u0259r g\u00f6r\u00fcl\u00fcb, dig\u0259r m\u00fcraci\u0259tl\u0259r ara\u015fd\u0131r\u0131lmas\u0131 \u00fc\u00e7\u00fcn n\u0259zar\u0259t\u0259 g\u00f6t\u00fcr\u00fcl\u00fcb, q\u0259bulda i\u015ftirak ed\u0259n nazirliyin m\u0259sul i\u015f\u00e7il\u0259rin\u0259 m\u00fcvafiq tap\u015f\u0131r\u0131qlar verilib.<\/div>\n<div dir=\"auto\">V\u0259t\u0259n m\u00fcharib\u0259sind\u0259 30 illik h\u0259sr\u0259t\u0259 son qoyularaq do\u011fma torpaqlar\u0131na qovu\u015fmalar\u0131 il\u0259 ba\u011fl\u0131 sevincl\u0259rini b\u00f6l\u00fc\u015f\u0259n sakinl\u0259r onlar\u0131n qay\u011f\u0131lar\u0131na daim diqq\u0259t v\u0259 h\u0259ssasl\u0131qla yana\u015f\u0131lmas\u0131na, yerl\u0259rd\u0259 q\u0259bullar\u0131n ke\u00e7irilm\u0259sin\u0259 g\u00f6r\u0259 \u00f6lk\u0259 Prezidentin\u0259 minn\u0259tdarl\u0131qlar\u0131n\u0131 ifad\u0259 edibl\u0259r.<\/div>\n<div dir=\"auto\">S\u0259f\u0259r \u00e7\u0259r\u00e7iv\u0259sind\u0259 nazir yerli \u0259dliyy\u0259 orqanlar\u0131n\u0131n v\u0259 m\u0259hk\u0259m\u0259l\u0259rin i\u015fi il\u0259 tan\u0131\u015f olub, \u0259dliyy\u0259 i\u015f\u00e7il\u0259ri v\u0259 hakiml\u0259r il\u0259 m\u00fc\u015favir\u0259 ke\u00e7iril\u0259r\u0259k \u0259dliyy\u0259 v\u0259 m\u0259hk\u0259m\u0259 f\u0259aliyy\u0259tinin d\u00f6vl\u0259t ba\u015f\u00e7\u0131s\u0131n\u0131n tap\u015f\u0131r\u0131qlar\u0131na uy\u011fun t\u0259kmill\u0259\u015fdirilm\u0259si il\u0259 ba\u011fl\u0131 g\u00f6r\u00fcl\u0259n i\u015fl\u0259rd\u0259n dan\u0131\u015f\u0131b, qar\u015f\u0131da duran v\u0259zif\u0259l\u0259ri qeyd edib, v\u0259t\u0259nda\u015f m\u0259mnunlu\u011funun y\u00fcks\u0259ldilm\u0259si, etik davran\u0131\u015f qaydalar\u0131na d\u00f6nm\u0259d\u0259n \u0259m\u0259l olunmas\u0131, korrupsiyan\u0131n yolverilm\u0259zliyi il\u0259 ba\u011fl\u0131 t\u00f6vsiy\u0259 v\u0259 tap\u015f\u0131r\u0131qlar verib.<\/div>\n","protected":false},"excerpt":{"rendered":"<p>\u00d6lk\u0259 Prezidenti c\u0259nab \u0130lham \u018fliyevin insanlara layiqli xidm\u0259t g\u00f6st\u0259rilm\u0259si, v\u0259t\u0259nda\u015flar\u0131n, o c\u00fcml\u0259d\u0259n V\u0259t\u0259n m\u00fcharib\u0259si i\u015ftirak\u00e7\u0131lar\u0131n\u0131n v\u0259 \u015f\u0259hid ail\u0259l\u0259rinin qay\u011f\u0131lar\u0131na x\u00fcsusi h\u0259ssasl\u0131qla yana\u015f\u0131lmas\u0131 il\u0259 ba\u011fl\u0131 tap\u015f\u0131r\u0131qlar\u0131 \u018fdliyy\u0259 Nazirliyi t\u0259r\u0259find\u0259n daim diqq\u0259td\u0259 saxlan\u0131l\u0131r. D\u00f6vl\u0259t ba\u015f\u00e7\u0131s\u0131n\u0131n v\u0259t\u0259nda\u015flar\u0131n \u015f\u0259h\u0259r v\u0259 rayonlarda q\u0259bulunun ke\u00e7irilm\u0259sin\u0259 dair tap\u015f\u0131r\u0131\u011f\u0131na uy\u011fun olaraq mart\u0131n 2-d\u0259 \u0259dliyy\u0259 naziri Fikr\u0259t M\u0259mm\u0259dov F\u00fczuli rayonunda F\u00fczuli, Beyl\u0259qan v\u0259 Xocav\u0259nd rayonlar\u0131nda ya\u015fayan v\u0259 dig\u0259r b\u00f6lg\u0259l\u0259rd\u0259n olan v\u0259t\u0259nda\u015flar\u0131 q\u0259bul edib. Q\u0259buldan \u00f6nc\u0259 \u00fcmummilli lider Heyd\u0259r \u018fliyevin Horadiz \u015f\u0259h\u0259rind\u0259 abid\u0259si ziyar\u0259t olunaraq \u00f6n\u00fcn\u0259 g\u00fcl d\u0259st\u0259l\u0259ri qoyulub, \u0259ziz xatir\u0259sin\u0259 d\u0259rin ehtiram bildirilib. Q\u0259bul zaman\u0131 nazir M\u00fcz\u0259ff\u0259r Ali Ba\u015f&hellip;<\/p>\n","protected":false},"author":2,"featured_media":446932,"comment_status":"closed","ping_status":"closed","sticky":false,"template":"","format":"standard","meta":{"om_disable_all_campaigns":false,"_monsterinsights_skip_tracking":false,"_monsterinsights_sitenote_active":false,"_monsterinsights_sitenote_note":"","_monsterinsights_sitenote_category":0},"categories":[1],"tags":[],"aioseo_notices":[],"gutentor_comment":0,"rttpg_featured_image_url":{"full":["https:\/\/arantv.az\/wp-content\/uploads\/2022\/03\/3244.jpg",925,422,false],"landscape":["https:\/\/arantv.az\/wp-content\/uploads\/2022\/03\/3244.jpg",925,422,false],"portraits":["https:\/\/arantv.az\/wp-content\/uploads\/2022\/03\/3244.jpg",925,422,false],"thumbnail":["https:\/\/arantv.az\/wp-content\/uploads\/2022\/03\/3244-500x280.jpg",500,280,true],"medium":["https:\/\/arantv.az\/wp-content\/uploads\/2022\/03\/3244-660x301.jpg",660,301,true],"large":["https:\/\/arantv.az\/wp-content\/uploads\/2022\/03\/3244-840x383.jpg",640,292,true],"1536x1536":["https:\/\/arantv.az\/wp-content\/uploads\/2022\/03\/3244.jpg",925,422,false],"2048x2048":["https:\/\/arantv.az\/wp-content\/uploads\/2022\/03\/3244.jpg",925,422,false],"post-thumbnail":["https:\/\/arantv.az\/wp-content\/uploads\/2022\/03\/3244-240x172.jpg",240,172,true],"advps-thumb-one":["https:\/\/arantv.az\/wp-content\/uploads\/2022\/03\/3244.jpg",925,422,false]},"rttpg_author":{"display_name":"V\u00fcsal Rafiqo\u011flu","author_link":"https:\/\/arantv.az\/?author=2"},"rttpg_comment":0,"rttpg_category":"<a href=\"https:\/\/arantv.az\/?cat=1\" rel=\"category\">C\u0259miyy\u0259t<\/a>","rttpg_excerpt":"\u00d6lk\u0259 Prezidenti c\u0259nab \u0130lham \u018fliyevin insanlara layiqli xidm\u0259t g\u00f6st\u0259rilm\u0259si, v\u0259t\u0259nda\u015flar\u0131n, o c\u00fcml\u0259d\u0259n V\u0259t\u0259n m\u00fcharib\u0259si i\u015ftirak\u00e7\u0131lar\u0131n\u0131n v\u0259 \u015f\u0259hid ail\u0259l\u0259rinin qay\u011f\u0131lar\u0131na x\u00fcsusi h\u0259ssasl\u0131qla yana\u015f\u0131lmas\u0131 il\u0259 ba\u011fl\u0131 tap\u015f\u0131r\u0131qlar\u0131 \u018fdliyy\u0259 Nazirliyi t\u0259r\u0259find\u0259n daim diqq\u0259td\u0259 saxlan\u0131l\u0131r. D\u00f6vl\u0259t ba\u015f\u00e7\u0131s\u0131n\u0131n v\u0259t\u0259nda\u015flar\u0131n \u015f\u0259h\u0259r v\u0259 rayonlarda q\u0259bulunun ke\u00e7irilm\u0259sin\u0259 dair tap\u015f\u0131r\u0131\u011f\u0131na uy\u011fun olaraq mart\u0131n 2-d\u0259 \u0259dliyy\u0259 naziri Fikr\u0259t M\u0259mm\u0259dov F\u00fczuli rayonunda F\u00fczuli, Beyl\u0259qan v\u0259 Xocav\u0259nd&hellip;","_links":{"self":[{"href":"https:\/\/arantv.az\/index.php?rest_route=\/wp\/v2\/posts\/446931"}],"collection":[{"href":"https:\/\/arantv.az\/index.php?rest_route=\/wp\/v2\/posts"}],"about":[{"href":"https:\/\/arantv.az\/index.php?rest_route=\/wp\/v2\/types\/post"}],"author":[{"embeddable":true,"href":"https:\/\/arantv.az\/index.php?rest_route=\/wp\/v2\/users\/2"}],"replies":[{"embeddable":true,"href":"https:\/\/arantv.az\/index.php?rest_route=%2Fwp%2Fv2%2Fcomments&post=446931"}],"version-history":[{"count":0,"href":"https:\/\/arantv.az\/index.php?rest_route=\/wp\/v2\/posts\/446931\/revisions"}],"wp:featuredmedia":[{"embeddable":true,"href":"https:\/\/arantv.az\/index.php?rest_route=\/wp\/v2\/media\/446932"}],"wp:attachment":[{"href":"https:\/\/arantv.az\/index.php?rest_route=%2Fwp%2Fv2%2Fmedia&parent=446931"}],"wp:term":[{"taxonomy":"category","embeddable":true,"href":"https:\/\/arantv.az\/index.php?rest_route=%2Fwp%2Fv2%2Fcategories&post=446931"},{"taxonomy":"post_tag","embeddable":true,"href":"https:\/\/arantv.az\/index.php?rest_route=%2Fwp%2Fv2%2Ftags&post=446931"}],"curies":[{"name":"wp","href":"https:\/\/api.w.org\/{rel}","templated":true}]}}