{"id":446995,"date":"2022-03-03T10:13:05","date_gmt":"2022-03-03T07:13:05","guid":{"rendered":"http:\/\/arantv.az\/?p=446995"},"modified":"2022-03-03T10:13:05","modified_gmt":"2022-03-03T07:13:05","slug":"polsa-prezidenti-rusiyanin-ukraynada-tor%c9%99tdiyi-cinay%c9%99tl%c9%99rd%c9%99-soyqirimi-%c9%99lam%c9%99tl%c9%99ri-var","status":"publish","type":"post","link":"https:\/\/arantv.az\/?p=446995","title":{"rendered":"Pol\u015fa prezidenti: \u201cRusiyan\u0131n Ukraynada t\u00f6r\u0259tdiyi cinay\u0259tl\u0259rd\u0259 soyq\u0131r\u0131m\u0131 \u0259lam\u0259tl\u0259ri var\u201d"},"content":{"rendered":"<p>\u201cRusiyan\u0131n Ukraynada t\u00f6r\u0259tdiyi cinay\u0259tl\u0259rd\u0259 soyq\u0131r\u0131m\u0131 \u0259lam\u0259tl\u0259ri var. M\u00fcharib\u0259y\u0259 s\u0259b\u0259b olanlar beyn\u0259lxalq tribunalda c\u0259zaland\u0131r\u0131lmal\u0131d\u0131r\u201d.<\/p>\n<p>Bu s\u00f6zl\u0259ri Pol\u015fa Prezidenti Anjey Duda deyib.<\/p>\n<div class=\"AdviadNativeVideo\"><\/div>\n<p>\u201cKiyev d\u0259 b\u00fct\u00fcn Ukrayna kimi azad d\u00fcnya \u00fc\u00e7\u00fcn bizim \u00fcmumi d\u0259y\u0259rl\u0259rimizin, azadl\u0131\u011f\u0131m\u0131z\u0131n, suverenlik v\u0259 demokratiyan\u0131n m\u00fcdafi\u0259sinin simvoluna \u00e7evrildi. Art\u0131q bir h\u0259ft\u0259dir Ukrayna \u0259n a\u011f\u0131r \u0259v\u0259z \u00f6d\u0259m\u0259kl\u0259 Rusiya ordusuna m\u00fcqavim\u0259t g\u00f6st\u0259rir. Ya\u015fay\u0131\u015f evl\u0259rin\u0259, m\u0259kt\u0259bl\u0259r\u0259 v\u0259 x\u0259st\u0259xanalara h\u00fccumlar edilir, Rusiya qo\u015funlar\u0131n\u0131n \u00e7oxsayl\u0131 h\u00fccumlar\u0131nda soyq\u0131r\u0131m\u0131 \u0259lam\u0259tl\u0259ri var. \u0130nan\u0131ram ki, onlar c\u0259zas\u0131z qalmayacaqlar, g\u00fcnahkarlar is\u0259 beyn\u0259lxalq tribunallarda m\u0259suliyy\u0259t\u0259 c\u0259lb olunacaqlar\u201d, &#8211; dey\u0259 A.Duda bildirib.<\/p>\n<p>O, qeyd edib ki, Q\u0259rb art\u0131q Pol\u015fan\u0131n t\u0259\u015f\u0259bb\u00fcs\u00fc il\u0259 t\u0259cav\u00fczkara qar\u015f\u0131 ir\u0259li s\u00fcr\u00fcl\u0259n sanksiyalar\u0131 d\u0259st\u0259kl\u0259yib.<\/p>\n<p>\u201cBiz Ukraynan\u0131n A\u0130 \u00fczv\u00fc olmaq c\u0259hdl\u0259rind\u0259 onun v\u0259kiliyik\u201d, &#8211; dey\u0259 A.Duda bildirib.<\/p>\n<p>M\u0259nb\u0259: Unian.net<\/p>\n","protected":false},"excerpt":{"rendered":"<p>\u201cRusiyan\u0131n Ukraynada t\u00f6r\u0259tdiyi cinay\u0259tl\u0259rd\u0259 soyq\u0131r\u0131m\u0131 \u0259lam\u0259tl\u0259ri var. M\u00fcharib\u0259y\u0259 s\u0259b\u0259b olanlar beyn\u0259lxalq tribunalda c\u0259zaland\u0131r\u0131lmal\u0131d\u0131r\u201d. Bu s\u00f6zl\u0259ri Pol\u015fa Prezidenti Anjey Duda deyib. \u201cKiyev d\u0259 b\u00fct\u00fcn Ukrayna kimi azad d\u00fcnya \u00fc\u00e7\u00fcn bizim \u00fcmumi d\u0259y\u0259rl\u0259rimizin, azadl\u0131\u011f\u0131m\u0131z\u0131n, suverenlik v\u0259 demokratiyan\u0131n m\u00fcdafi\u0259sinin simvoluna \u00e7evrildi. Art\u0131q bir h\u0259ft\u0259dir Ukrayna \u0259n a\u011f\u0131r \u0259v\u0259z \u00f6d\u0259m\u0259kl\u0259 Rusiya ordusuna m\u00fcqavim\u0259t g\u00f6st\u0259rir. Ya\u015fay\u0131\u015f evl\u0259rin\u0259, m\u0259kt\u0259bl\u0259r\u0259 v\u0259 x\u0259st\u0259xanalara h\u00fccumlar edilir, Rusiya qo\u015funlar\u0131n\u0131n \u00e7oxsayl\u0131 h\u00fccumlar\u0131nda soyq\u0131r\u0131m\u0131 \u0259lam\u0259tl\u0259ri var. \u0130nan\u0131ram ki, onlar c\u0259zas\u0131z qalmayacaqlar, g\u00fcnahkarlar is\u0259 beyn\u0259lxalq tribunallarda m\u0259suliyy\u0259t\u0259 c\u0259lb olunacaqlar\u201d, &#8211; dey\u0259 A.Duda bildirib. O, qeyd edib ki, Q\u0259rb art\u0131q Pol\u015fan\u0131n t\u0259\u015f\u0259bb\u00fcs\u00fc il\u0259 t\u0259cav\u00fczkara&hellip;<\/p>\n","protected":false},"author":2,"featured_media":446996,"comment_status":"closed","ping_status":"closed","sticky":false,"template":"","format":"standard","meta":{"om_disable_all_campaigns":false,"_monsterinsights_skip_tracking":false,"_monsterinsights_sitenote_active":false,"_monsterinsights_sitenote_note":"","_monsterinsights_sitenote_category":0},"categories":[7],"tags":[],"aioseo_notices":[],"gutentor_comment":0,"rttpg_featured_image_url":{"full":["https:\/\/arantv.az\/wp-content\/uploads\/2022\/03\/274772180_908810759795532_7959210599201857390_n.jpg",620,413,false],"landscape":["https:\/\/arantv.az\/wp-content\/uploads\/2022\/03\/274772180_908810759795532_7959210599201857390_n.jpg",620,413,false],"portraits":["https:\/\/arantv.az\/wp-content\/uploads\/2022\/03\/274772180_908810759795532_7959210599201857390_n.jpg",620,413,false],"thumbnail":["https:\/\/arantv.az\/wp-content\/uploads\/2022\/03\/274772180_908810759795532_7959210599201857390_n-500x280.jpg",500,280,true],"medium":["https:\/\/arantv.az\/wp-content\/uploads\/2022\/03\/274772180_908810759795532_7959210599201857390_n-548x365.jpg",548,365,true],"large":["https:\/\/arantv.az\/wp-content\/uploads\/2022\/03\/274772180_908810759795532_7959210599201857390_n.jpg",620,413,false],"1536x1536":["https:\/\/arantv.az\/wp-content\/uploads\/2022\/03\/274772180_908810759795532_7959210599201857390_n.jpg",620,413,false],"2048x2048":["https:\/\/arantv.az\/wp-content\/uploads\/2022\/03\/274772180_908810759795532_7959210599201857390_n.jpg",620,413,false],"post-thumbnail":["https:\/\/arantv.az\/wp-content\/uploads\/2022\/03\/274772180_908810759795532_7959210599201857390_n-240x172.jpg",240,172,true],"advps-thumb-one":["https:\/\/arantv.az\/wp-content\/uploads\/2022\/03\/274772180_908810759795532_7959210599201857390_n.jpg",620,413,false]},"rttpg_author":{"display_name":"V\u00fcsal Rafiqo\u011flu","author_link":"https:\/\/arantv.az\/?author=2"},"rttpg_comment":0,"rttpg_category":"<a href=\"https:\/\/arantv.az\/?cat=7\" rel=\"category\">D\u00fcnya<\/a>","rttpg_excerpt":"\u201cRusiyan\u0131n Ukraynada t\u00f6r\u0259tdiyi cinay\u0259tl\u0259rd\u0259 soyq\u0131r\u0131m\u0131 \u0259lam\u0259tl\u0259ri var. M\u00fcharib\u0259y\u0259 s\u0259b\u0259b olanlar beyn\u0259lxalq tribunalda c\u0259zaland\u0131r\u0131lmal\u0131d\u0131r\u201d. Bu s\u00f6zl\u0259ri Pol\u015fa Prezidenti Anjey Duda deyib. \u201cKiyev d\u0259 b\u00fct\u00fcn Ukrayna kimi azad d\u00fcnya \u00fc\u00e7\u00fcn bizim \u00fcmumi d\u0259y\u0259rl\u0259rimizin, azadl\u0131\u011f\u0131m\u0131z\u0131n, suverenlik v\u0259 demokratiyan\u0131n m\u00fcdafi\u0259sinin simvoluna \u00e7evrildi. Art\u0131q bir h\u0259ft\u0259dir Ukrayna \u0259n a\u011f\u0131r \u0259v\u0259z \u00f6d\u0259m\u0259kl\u0259 Rusiya ordusuna m\u00fcqavim\u0259t g\u00f6st\u0259rir. Ya\u015fay\u0131\u015f evl\u0259rin\u0259, m\u0259kt\u0259bl\u0259r\u0259 v\u0259 x\u0259st\u0259xanalara&hellip;","_links":{"self":[{"href":"https:\/\/arantv.az\/index.php?rest_route=\/wp\/v2\/posts\/446995"}],"collection":[{"href":"https:\/\/arantv.az\/index.php?rest_route=\/wp\/v2\/posts"}],"about":[{"href":"https:\/\/arantv.az\/index.php?rest_route=\/wp\/v2\/types\/post"}],"author":[{"embeddable":true,"href":"https:\/\/arantv.az\/index.php?rest_route=\/wp\/v2\/users\/2"}],"replies":[{"embeddable":true,"href":"https:\/\/arantv.az\/index.php?rest_route=%2Fwp%2Fv2%2Fcomments&post=446995"}],"version-history":[{"count":0,"href":"https:\/\/arantv.az\/index.php?rest_route=\/wp\/v2\/posts\/446995\/revisions"}],"wp:featuredmedia":[{"embeddable":true,"href":"https:\/\/arantv.az\/index.php?rest_route=\/wp\/v2\/media\/446996"}],"wp:attachment":[{"href":"https:\/\/arantv.az\/index.php?rest_route=%2Fwp%2Fv2%2Fmedia&parent=446995"}],"wp:term":[{"taxonomy":"category","embeddable":true,"href":"https:\/\/arantv.az\/index.php?rest_route=%2Fwp%2Fv2%2Fcategories&post=446995"},{"taxonomy":"post_tag","embeddable":true,"href":"https:\/\/arantv.az\/index.php?rest_route=%2Fwp%2Fv2%2Ftags&post=446995"}],"curies":[{"name":"wp","href":"https:\/\/api.w.org\/{rel}","templated":true}]}}