{"id":447083,"date":"2022-03-03T12:39:29","date_gmt":"2022-03-03T09:39:29","guid":{"rendered":"http:\/\/arantv.az\/?p=447083"},"modified":"2022-03-03T12:39:29","modified_gmt":"2022-03-03T09:39:29","slug":"bu-gun-ilham-z%c9%99kiyevin-dogum-gunudur","status":"publish","type":"post","link":"https:\/\/arantv.az\/?p=447083","title":{"rendered":"Bu g\u00fcn \u0130lham Z\u0259kiyevin do\u011fum g\u00fcn\u00fcd\u00fcr"},"content":{"rendered":"<p>Bu g\u00fcn Az\u0259rbaycan Respublikas\u0131 Milli Paralimpiya Komit\u0259sinin vitse-prezidenti, ikiqat paralimpiya \u00e7empionu \u0130lham Z\u0259kiyevin do\u011fum g\u00fcn\u00fcd\u00fcr.<\/p>\n<p><strong>ARANTV.AZ <\/strong>\u00a0x\u0259b\u0259r verir ki, onun 42 ya\u015f\u0131 tamam olur.<\/p>\n<p>Qeyd ed\u0259k ki, \u0130lham Z\u0259kiyev ikiqat paralimpiya \u00e7empionlu\u011fundan ba\u015fqa, ikiqat d\u00fcnya v\u0259 yeddiqat Avropa \u00e7empionu olub. O h\u0259m\u00e7inin I Avropa Oyunlar\u0131n\u0131n qalibidir.<\/p>\n","protected":false},"excerpt":{"rendered":"<p>Bu g\u00fcn Az\u0259rbaycan Respublikas\u0131 Milli Paralimpiya Komit\u0259sinin vitse-prezidenti, ikiqat paralimpiya \u00e7empionu \u0130lham Z\u0259kiyevin do\u011fum g\u00fcn\u00fcd\u00fcr. ARANTV.AZ \u00a0x\u0259b\u0259r verir ki, onun 42 ya\u015f\u0131 tamam olur. Qeyd ed\u0259k ki, \u0130lham Z\u0259kiyev ikiqat paralimpiya \u00e7empionlu\u011fundan ba\u015fqa, ikiqat d\u00fcnya v\u0259 yeddiqat Avropa \u00e7empionu olub. O h\u0259m\u00e7inin I Avropa Oyunlar\u0131n\u0131n qalibidir.<\/p>\n","protected":false},"author":2,"featured_media":447084,"comment_status":"closed","ping_status":"closed","sticky":false,"template":"","format":"standard","meta":{"om_disable_all_campaigns":false,"_monsterinsights_skip_tracking":false,"_monsterinsights_sitenote_active":false,"_monsterinsights_sitenote_note":"","_monsterinsights_sitenote_category":0},"categories":[6],"tags":[],"aioseo_notices":[],"gutentor_comment":0,"rttpg_featured_image_url":{"full":["https:\/\/arantv.az\/wp-content\/uploads\/2022\/03\/612b3b73022a5612b3b73022a61630223219612b3b73022a1612b3b73022a3.jpg",1200,800,false],"landscape":["https:\/\/arantv.az\/wp-content\/uploads\/2022\/03\/612b3b73022a5612b3b73022a61630223219612b3b73022a1612b3b73022a3.jpg",1200,800,false],"portraits":["https:\/\/arantv.az\/wp-content\/uploads\/2022\/03\/612b3b73022a5612b3b73022a61630223219612b3b73022a1612b3b73022a3.jpg",1200,800,false],"thumbnail":["https:\/\/arantv.az\/wp-content\/uploads\/2022\/03\/612b3b73022a5612b3b73022a61630223219612b3b73022a1612b3b73022a3-500x280.jpg",500,280,true],"medium":["https:\/\/arantv.az\/wp-content\/uploads\/2022\/03\/612b3b73022a5612b3b73022a61630223219612b3b73022a1612b3b73022a3-548x365.jpg",548,365,true],"large":["https:\/\/arantv.az\/wp-content\/uploads\/2022\/03\/612b3b73022a5612b3b73022a61630223219612b3b73022a1612b3b73022a3-840x560.jpg",640,427,true],"1536x1536":["https:\/\/arantv.az\/wp-content\/uploads\/2022\/03\/612b3b73022a5612b3b73022a61630223219612b3b73022a1612b3b73022a3.jpg",1200,800,false],"2048x2048":["https:\/\/arantv.az\/wp-content\/uploads\/2022\/03\/612b3b73022a5612b3b73022a61630223219612b3b73022a1612b3b73022a3.jpg",1200,800,false],"post-thumbnail":["https:\/\/arantv.az\/wp-content\/uploads\/2022\/03\/612b3b73022a5612b3b73022a61630223219612b3b73022a1612b3b73022a3-240x172.jpg",240,172,true],"advps-thumb-one":["https:\/\/arantv.az\/wp-content\/uploads\/2022\/03\/612b3b73022a5612b3b73022a61630223219612b3b73022a1612b3b73022a3-1200x620.jpg",1200,620,true]},"rttpg_author":{"display_name":"V\u00fcsal Rafiqo\u011flu","author_link":"https:\/\/arantv.az\/?author=2"},"rttpg_comment":0,"rttpg_category":"<a href=\"https:\/\/arantv.az\/?cat=6\" rel=\"category\">\u0130dman<\/a>","rttpg_excerpt":"Bu g\u00fcn Az\u0259rbaycan Respublikas\u0131 Milli Paralimpiya Komit\u0259sinin vitse-prezidenti, ikiqat paralimpiya \u00e7empionu \u0130lham Z\u0259kiyevin do\u011fum g\u00fcn\u00fcd\u00fcr. ARANTV.AZ \u00a0x\u0259b\u0259r verir ki, onun 42 ya\u015f\u0131 tamam olur. Qeyd ed\u0259k ki, \u0130lham Z\u0259kiyev ikiqat paralimpiya \u00e7empionlu\u011fundan ba\u015fqa, ikiqat d\u00fcnya v\u0259 yeddiqat Avropa \u00e7empionu olub. O h\u0259m\u00e7inin I Avropa Oyunlar\u0131n\u0131n qalibidir.","_links":{"self":[{"href":"https:\/\/arantv.az\/index.php?rest_route=\/wp\/v2\/posts\/447083"}],"collection":[{"href":"https:\/\/arantv.az\/index.php?rest_route=\/wp\/v2\/posts"}],"about":[{"href":"https:\/\/arantv.az\/index.php?rest_route=\/wp\/v2\/types\/post"}],"author":[{"embeddable":true,"href":"https:\/\/arantv.az\/index.php?rest_route=\/wp\/v2\/users\/2"}],"replies":[{"embeddable":true,"href":"https:\/\/arantv.az\/index.php?rest_route=%2Fwp%2Fv2%2Fcomments&post=447083"}],"version-history":[{"count":0,"href":"https:\/\/arantv.az\/index.php?rest_route=\/wp\/v2\/posts\/447083\/revisions"}],"wp:featuredmedia":[{"embeddable":true,"href":"https:\/\/arantv.az\/index.php?rest_route=\/wp\/v2\/media\/447084"}],"wp:attachment":[{"href":"https:\/\/arantv.az\/index.php?rest_route=%2Fwp%2Fv2%2Fmedia&parent=447083"}],"wp:term":[{"taxonomy":"category","embeddable":true,"href":"https:\/\/arantv.az\/index.php?rest_route=%2Fwp%2Fv2%2Fcategories&post=447083"},{"taxonomy":"post_tag","embeddable":true,"href":"https:\/\/arantv.az\/index.php?rest_route=%2Fwp%2Fv2%2Ftags&post=447083"}],"curies":[{"name":"wp","href":"https:\/\/api.w.org\/{rel}","templated":true}]}}