{"id":447091,"date":"2022-03-03T12:42:47","date_gmt":"2022-03-03T09:42:47","guid":{"rendered":"http:\/\/arantv.az\/?p=447091"},"modified":"2022-03-03T12:42:47","modified_gmt":"2022-03-03T09:42:47","slug":"ilham-%c9%99liyev-ic%c9%99ris%c9%99h%c9%99r-qorugunun-yeni-s%c9%99drini-q%c9%99bul-etdi-yenil%c9%99nib-foto","status":"publish","type":"post","link":"https:\/\/arantv.az\/?p=447091","title":{"rendered":"\u0130lham \u018fliyev \u201c\u0130\u00e7\u0259ri\u015f\u0259h\u0259r\u201d qoru\u011funun yeni s\u0259drini q\u0259bul etdi &#8211; YEN\u0130L\u018fN\u0130B + FOTO"},"content":{"rendered":"<p>Az\u0259rbaycan Respublikas\u0131n\u0131n Prezidenti \u0130lham \u018fliyev mart\u0131n 3-d\u0259 \u015eahin Seyidzad\u0259ni \u201c\u0130\u00e7\u0259ri\u015f\u0259h\u0259r\u201d D\u00f6vl\u0259t Tarix-Memarl\u0131q Qoru\u011fu \u0130dar\u0259sinin \u0130dar\u0259 Hey\u0259tinin s\u0259dri v\u0259zif\u0259sin\u0259 t\u0259yin olunmas\u0131 il\u0259 \u0259laq\u0259dar videoformatda q\u0259bul edib.<\/p>\n<p>AZ\u018fRTAC x\u0259b\u0259r verir ki, d\u00f6vl\u0259timizin ba\u015f\u00e7\u0131s\u0131 q\u0259bulda \u00e7\u0131x\u0131\u015f edib.<\/p>\n<div class=\"AdviadNativeVideo\"><\/div>\n<p><strong>Prezident \u0130lham \u018fliyevin \u00e7\u0131x\u0131\u015f\u0131:<\/strong><\/p>\n<p>-Bu g\u00fcn siz \u201c\u0130\u00e7\u0259ri\u015f\u0259h\u0259r\u201d D\u00f6vl\u0259t Tarix-Memarl\u0131q Qoru\u011fu \u0130dar\u0259sinin idar\u0259 hey\u0259tinin s\u0259dri t\u0259yin edilirsiniz. Siz\u0259 b\u00f6y\u00fck etimad g\u00f6st\u0259rilir. \u018fmin\u0259m ki, siz bu etimad\u0131 do\u011fruldacaqs\u0131n\u0131z, \u00fcz\u0259riniz\u0259 d\u00fc\u015f\u0259n m\u0259suliyy\u0259ti d\u0259rk edirsiniz v\u0259 g\u00f6st\u0259ril\u0259n etimad\u0131 \u00f6z i\u015finizl\u0259 do\u011fruldacaqs\u0131n\u0131z.<\/p>\n<p>\u0130\u00e7\u0259ri\u015f\u0259h\u0259r bizim milli s\u0259rv\u0259timizdir, d\u00fcnya memarl\u0131q tarixinin m\u00f6ht\u0259\u015f\u0259m abid\u0259sidir, Az\u0259rbaycan xalq\u0131n\u0131n istedad\u0131n\u0131n bariz n\u00fcmun\u0259sidir. \u018fsrl\u0259r boyu Az\u0259rbaycan xalq\u0131 \u0130\u00e7\u0259ri\u015f\u0259h\u0259ri, onun i\u00e7ind\u0259 olan tarixi abid\u0259l\u0259ri qoruyub v\u0259 bundan sonra da \u0259srl\u0259r boyu qoruyacaq. \u0130\u00e7\u0259ri\u015f\u0259h\u0259rin h\u0259r bir k\u00fc\u00e7\u0259si, h\u0259r bir tini, h\u0259r bir da\u015f\u0131 qiym\u0259tlidir, tarixi \u0259h\u0259miyy\u0259t k\u0259sb edir. Qala divarlar\u0131, Q\u0131z qalas\u0131, \u015eirvan\u015fahlar saray\u0131, m\u0259scidl\u0259r, karvansaralar, muzeyl\u0259r, dig\u0259r tarixi abid\u0259l\u0259r q\u00fcrur m\u0259nb\u0259yimizdir. D\u00fcnyada \u0130\u00e7\u0259ri\u015f\u0259h\u0259r\u0259 b\u0259nz\u0259ri olan ikinci yer yoxdur. D\u00fczd\u00fcr, d\u00fcnyan\u0131n bir ne\u00e7\u0259 \u00f6lk\u0259sind\u0259 k\u00f6hn\u0259 \u015f\u0259h\u0259r m\u0259h\u0259ll\u0259l\u0259ri vard\u0131r, onlar\u0131n bir ne\u00e7\u0259sind\u0259 m\u0259n olmu\u015fam. Amma tam \u0259minlikl\u0259 dey\u0259 bil\u0259r\u0259m ki, \u0130\u00e7\u0259ri\u015f\u0259h\u0259r kimi ikinci m\u0259kan, ikinci yer d\u00fcnyada yoxdur. Bu, bizim tarixi irsimizdir, biz \u0130\u00e7\u0259ri\u015f\u0259h\u0259ri g\u00f6z b\u0259b\u0259yimiz kimi qorumal\u0131y\u0131q v\u0259 \u0259min\u0259m ki, siz bu m\u0259suliyy\u0259ti d\u0259rk edirsiniz.<\/p>\n<p>\u0130\u00e7\u0259ri\u015f\u0259h\u0259r Bak\u0131 \u015f\u0259h\u0259rinin \u00f6z\u0259yidir. Bak\u0131 \u015f\u0259h\u0259rini \u0130\u00e7\u0259ri\u015f\u0259h\u0259rsiz t\u0259s\u0259vv\u00fcr etm\u0259k m\u00fcmk\u00fcn deyil. Ancaq inzibati b\u00f6lg\u00fc n\u00f6qteyi-n\u0259z\u0259rd\u0259n m\u0259nim S\u0259r\u0259ncam\u0131mla bir ne\u00e7\u0259 il bundan \u0259vv\u0259l \u0130\u00e7\u0259ri\u015f\u0259h\u0259rd\u0259 x\u00fcsusi idar\u0259etm\u0259 mexanizmi yarad\u0131lm\u0131\u015fd\u0131r, idar\u0259 yarad\u0131lm\u0131\u015fd\u0131r. \u0130nzibati n\u00f6qteyi-n\u0259z\u0259rd\u0259n \u0130\u00e7\u0259ri\u015f\u0259h\u0259r m\u00fcst\u0259qil inzibati vahiddir, ancaq Bak\u0131 \u015f\u0259h\u0259rinin bir hiss\u0259sidir. Bak\u0131 \u015f\u0259h\u0259rinin g\u00f6z\u0259lliyi bu g\u00fcn he\u00e7 kim\u0259 sirr deyil v\u0259 Bak\u0131ya g\u0259l\u0259n h\u0259r bir xarici qonaq Bak\u0131ya heyran olur. \u018fmin\u0259m ki, h\u0259r g\u0259l\u0259n, x\u00fcsusil\u0259 ilk d\u0259f\u0259 Bak\u0131ya g\u0259l\u0259n xarici qonaq m\u00fctl\u0259q \u0130\u00e7\u0259ri\u015f\u0259h\u0259r\u0259 ba\u015f \u00e7\u0259kir, \u0130\u00e7\u0259ri\u015f\u0259h\u0259rl\u0259, orada yerl\u0259\u015f\u0259n abid\u0259l\u0259rl\u0259 tan\u0131\u015f olur v\u0259 bir daha g\u00f6r\u00fcr ki, Az\u0259rbaycan xalq\u0131 b\u00f6y\u00fck xalqd\u0131r, q\u0259dim xalqd\u0131r, istedadl\u0131 xalqd\u0131r. Ancaq b\u00f6y\u00fck v\u0259 istedadl\u0131 xalq bel\u0259 m\u00f6ht\u0259\u015f\u0259m, d\u00fcnya \u0259h\u0259miyy\u0259tli abid\u0259 yarada bil\u0259r. Bir daha dem\u0259k ist\u0259yir\u0259m ki, \u0130\u00e7\u0259ri\u015f\u0259h\u0259rin h\u0259r bir hiss\u0259si, h\u0259r bir gu\u015f\u0259si \u0259h\u0259miyy\u0259tlidir v\u0259 eyni zamanda, \u0130\u00e7\u0259ri\u015f\u0259h\u0259r sad\u0259c\u0259 olaraq a\u00e7\u0131q s\u0259ma alt\u0131nda muzey deyil. \u0130\u00e7\u0259ri\u015f\u0259h\u0259rd\u0259 insanlar ya\u015fay\u0131r, \u0259srl\u0259rboyu ya\u015fay\u0131b. Ham\u0131m\u0131z yax\u015f\u0131 bilirik ki, Bak\u0131n\u0131n t\u0259m\u0259li m\u0259hz \u0130\u00e7\u0259ri\u015f\u0259h\u0259rd\u0259 qoyulubdur v\u0259 q\u0259dim d\u00f6vrl\u0259rd\u0259 Qala divarlar\u0131n\u0131n k\u0259nar\u0131nda he\u00e7 bir tikili yox idi. Bu g\u00fcn d\u0259 \u0130\u00e7\u0259ri\u015f\u0259h\u0259rd\u0259 insanlar ya\u015fay\u0131r v\u0259 onlar\u0131n rahatl\u0131\u011f\u0131 \u00fc\u00e7\u00fcn \u0259lb\u0259tt\u0259 ki, b\u00f6y\u00fck i\u015fl\u0259r g\u00f6r\u00fcl\u00fcr v\u0259 g\u00f6r\u00fcl\u0259c\u0259kdir. Eyni zamanda, bir daha dem\u0259k ist\u0259yir\u0259m ki, \u0130\u00e7\u0259ri\u015f\u0259h\u0259r h\u0259m Bak\u0131 sakinl\u0259ri, h\u0259m b\u00fct\u00fcn Az\u0259rbaycan v\u0259t\u0259nda\u015flar\u0131, xarici qonaqlar \u00fc\u00e7\u00fcn \u00e7ox c\u0259lbedici yerdir v\u0259 m\u0259hz buna g\u00f6r\u0259 \u0130\u00e7\u0259ri\u015f\u0259h\u0259r\u0259 h\u0259r g\u00fcn b\u00f6y\u00fck ax\u0131n var. B\u00fct\u00fcn bunlar\u0131 n\u0259z\u0259r\u0259 alaraq i\u015fl\u0259r el\u0259 qurulmal\u0131d\u0131r ki, orada ya\u015fayan insanlar \u0259ziyy\u0259t \u00e7\u0259km\u0259sinl\u0259r, eyni zamanda, turistl\u0259r, qonaqlar \u00fc\u00e7\u00fcn d\u0259 laz\u0131mi \u015f\u0259rait yarad\u0131ls\u0131n. Son ill\u0259r \u0259rzind\u0259 bu istiqam\u0259td\u0259 b\u00f6y\u00fck i\u015fl\u0259r g\u00f6r\u00fcl\u00fcbd\u00fcr. \u0130\u00e7\u0259ri\u015f\u0259h\u0259rin tarixi simas\u0131n\u0131n qorunmas\u0131 \u015f\u0259xs\u0259n m\u0259nim n\u0259zar\u0259timd\u0259dir v\u0259 \u0259min\u0259m ki, sizin r\u0259hb\u0259rliyinizl\u0259 \u0130dar\u0259 qar\u015f\u0131da duran yeni v\u0259zif\u0259l\u0259ri u\u011furla icra ed\u0259c\u0259k. \u0130\u00e7\u0259ri\u015f\u0259h\u0259r \u0259b\u0259di ya\u015fayacaq v\u0259 ya\u015famal\u0131d\u0131r. Biz d\u0259, bizd\u0259n sonra g\u0259l\u0259n n\u0259sill\u0259r d\u0259 haql\u0131 olaraq \u0130\u00e7\u0259ri\u015f\u0259h\u0259rl\u0259 f\u0259xr ed\u0259c\u0259kl\u0259r.<\/p>\n<p>Bak\u0131 \u015f\u0259h\u0259rinin b\u00fct\u00f6vl\u00fckd\u0259 memarl\u0131q ansambl\u0131 unikald\u0131r. H\u0259m co\u011frafi yerl\u0259\u015fm\u0259, h\u0259m X\u0259z\u0259r d\u0259nizinin k\u0259nar\u0131nda yerl\u0259\u015fm\u0259si, eyni zamanda, q\u0259dim abid\u0259l\u0259r, tarixi abid\u0259l\u0259r, m\u00fcasir memarl\u0131q n\u00fcmun\u0259l\u0259ri Bak\u0131da x\u00fcsusi bir aura yarad\u0131r. \u018fmin\u0259m, h\u0259r g\u0259l\u0259n qonaq g\u00f6r\u00fcr ki, Bak\u0131da q\u0259dimlikl\u0259 m\u00fcasirlik aras\u0131nda v\u0259hd\u0259t var. Bak\u0131 inki\u015faf edir, b\u00f6y\u00fcy\u00fcr v\u0259 son vaxtlar Bak\u0131n\u0131n memarl\u0131q m\u0259s\u0259l\u0259l\u0259rin\u0259 x\u00fcsusi diqq\u0259t g\u00f6st\u0259rilir. Vaxt var idi ki, Bak\u0131da in\u015fa edil\u0259n eyb\u0259c\u0259r, y\u00f6nd\u0259msiz binalar g\u00f6b\u0259l\u0259k kimi \u00fcz\u0259 \u00e7\u0131x\u0131rd\u0131. He\u00e7 bir memarl\u0131q normalar\u0131na uy\u011fun g\u0259lm\u0259y\u0259n, he\u00e7 bir memarl\u0131q \u0259msallar\u0131na cavab verm\u0259y\u0259n bu y\u00f6nd\u0259msiz binalar Bak\u0131n\u0131n b\u0259zi yerl\u0259rinin simas\u0131n\u0131 \u0259fsuslar olsun ki, m\u0259nfiy\u0259 do\u011fru d\u0259yi\u015fmi\u015fdir. Ancaq son vaxtlar bu m\u0259s\u0259l\u0259y\u0259 ciddi n\u0259zar\u0259t var. D\u00f6vl\u0259t t\u0259r\u0259find\u0259n b\u00fct\u00fcn bu m\u0259s\u0259l\u0259l\u0259r t\u0259nziml\u0259nir v\u0259 icaz\u0259siz, qanunsuz tikilil\u0259rin say\u0131 xeyli azal\u0131bd\u0131r. Amma h\u0259l\u0259 d\u0259 bel\u0259 hallar var v\u0259 m\u0259n b\u00fct\u00fcn qurumlar\u0131, d\u00f6vl\u0259t qurumlar\u0131n\u0131 v\u0259 sahibkarlar\u0131 x\u0259b\u0259rdar etm\u0259k ist\u0259yir\u0259m ki, buna yol verilm\u0259y\u0259c\u0259k. X\u00fcsusil\u0259 sahibkarlara m\u00fcraci\u0259t edir\u0259m, qazanc dal\u0131nca getm\u0259k o dem\u0259k deyil ki, biz unikal \u015f\u0259h\u0259rimizi eyb\u0259c\u0259r binalarla korlayaq. Biz buna imkan verm\u0259y\u0259c\u0259yik, qanunsuz tikilil\u0259r\u0259 son qoyulmal\u0131d\u0131r. Bu m\u0259s\u0259l\u0259y\u0259 n\u0259zar\u0259t ed\u0259n b\u00fct\u00fcn orqanlar bu i\u015fl\u0259r\u0259 \u00e7ox ciddi yana\u015fmal\u0131d\u0131r &#8211; Bak\u0131 \u015e\u0259h\u0259ri \u0130cra Hakimiyy\u0259ti, Bak\u0131 \u015f\u0259h\u0259rind\u0259 yerl\u0259\u015f\u0259n rayonlar\u0131n icra ba\u015f\u00e7\u0131lar\u0131. \u018fmin\u0259m ki, bundan sonra Bak\u0131 vahid memarl\u0131q konsepsiya \u0259sas\u0131nda inki\u015faf ed\u0259c\u0259k.<\/p>\n<p>Ancaq yen\u0259 d\u0259 deyir\u0259m, son vaxtlar g\u00f6r\u00fclm\u00fc\u015f t\u0259dbirl\u0259r n\u0259tic\u0259sind\u0259 Bak\u0131n\u0131n memarl\u0131q ansambl\u0131 xeyli sa\u011flamla\u015fd\u0131. Bu g\u00fcn bir daha dem\u0259k ist\u0259yir\u0259m, Bak\u0131 unikal \u015f\u0259h\u0259rdir, d\u00fcnyan\u0131n \u0259n g\u00f6z\u0259l \u015f\u0259h\u0259rl\u0259rind\u0259n biridir. Bunu h\u0259r k\u0259s deyir, m\u0259nim al\u0259mimd\u0259 Bak\u0131 d\u00fcnyan\u0131n \u0259n g\u00f6z\u0259l \u015f\u0259h\u0259ridir. Ham\u0131m\u0131z Bak\u0131n\u0131 sevirik, Bak\u0131n\u0131 qorumal\u0131y\u0131q v\u0259 yen\u0259 d\u0259 deyir\u0259m, \u015f\u0259h\u0259r inki\u015faf etm\u0259lidir, ancaq planl\u0131 \u015f\u0259kild\u0259. Bundan sonra da m\u00fcasir memarl\u0131q Bak\u0131n\u0131n q\u0259dimliyini, o q\u0259dim tarixi simas\u0131n\u0131 pozmamal\u0131d\u0131r. Bu iki \u00f6n\u0259mli amil bir-birin\u0259 ziddiyy\u0259t t\u0259\u015fkil etm\u0259m\u0259lidir, \u0259ksin\u0259, q\u0259dimlik v\u0259 m\u00fcasirlik &#8211; Bak\u0131n\u0131n x\u00fcsusi auras\u0131 qorunmal\u0131d\u0131r v\u0259 \u0259min\u0259m ki, biz buna nail olaca\u011f\u0131q.<\/p>\n<p>Ona g\u00f6r\u0259 Bak\u0131n\u0131n inki\u015faf\u0131 v\u0259 idar\u0259etm\u0259 prinsipl\u0259ri ba\u015fqa \u015f\u0259h\u0259rl\u0259rd\u0259n f\u0259rql\u0259nir. Qeyd etdiyim kimi, m\u0259nim S\u0259r\u0259ncam\u0131mla vaxtil\u0259 \u201c\u0130\u00e7\u0259ri\u015f\u0259h\u0259r\u201d D\u00f6vl\u0259t Tarix-Memarl\u0131q Qoru\u011fu \u0130dar\u0259si, Bulvar \u0130dar\u0259si yarad\u0131lm\u0131\u015fd\u0131r. Bulvar da Bak\u0131n\u0131n bir hiss\u0259sidir, ancaq ayr\u0131ca bir inzibati vahididir. N\u0259 \u00fc\u00e7\u00fcn? \u00c7\u00fcnki bulvar da bizim milli s\u0259rv\u0259timizdir v\u0259 indi Az\u0259rbaycan v\u0259t\u0259nda\u015flar\u0131, x\u00fcsusil\u0259 g\u0259ncl\u0259r y\u0259qin ki, bunu xat\u0131rlam\u0131r v\u0259 \u00fcmumiyy\u0259tl\u0259, g\u00f6rm\u0259yibl\u0259r ki, 10-15 il bundan \u0259vv\u0259l bulvar\u0131n v\u0259ziyy\u0259ti nec\u0259 idi &#8211; qaranl\u0131q, s\u0259liq\u0259sizlik v\u0259 he\u00e7 bir \u015f\u0259h\u0259r\u0259 \u015f\u0259r\u0259f g\u0259tirm\u0259y\u0259n m\u0259nz\u0259r\u0259. Biz indi bulvar\u0131n uzunlu\u011funu 5 d\u0259f\u0259 art\u0131rm\u0131\u015f\u0131q v\u0259 bulvar\u0131n h\u0259r bir yerind\u0259 s\u0259liq\u0259-sahman var. N\u0259 \u00fc\u00e7\u00fcn? \u00c7\u00fcnki x\u00fcsusi idar\u0259 yarad\u0131l\u0131b, o idar\u0259nin i\u015fi ancaq bulvara qulluq etm\u0259k, t\u0259mizliyi v\u0259 bulvar\u0131n canl\u0131 orqanizm olmas\u0131n\u0131 t\u0259min etm\u0259kdir. Y\u0259ni, Bak\u0131 \u015f\u0259h\u0259rind\u0259 m\u0259nim s\u0259r\u0259ncamlar\u0131mla yarad\u0131lm\u0131\u015f x\u00fcsusi bir idar\u0259etm\u0259 mexanizmi vard\u0131r, &#8211; Bak\u0131 \u015f\u0259h\u0259ri, \u0130\u00e7\u0259ri\u015f\u0259h\u0259r v\u0259 Bulvar, &#8211; \u00fc\u00e7 qurum. \u018flb\u0259tt\u0259, bu \u00fc\u00e7 qurum aras\u0131nda i\u015fg\u00fczar \u0259laq\u0259l\u0259r t\u0259bii ki, vard\u0131r, olmal\u0131d\u0131r, g\u00fccl\u0259nm\u0259lidir. \u00c7\u00fcnki \u0130\u00e7\u0259ri\u015f\u0259h\u0259rd\u0259 olan insan &#8211; ya yerli v\u0259t\u0259nda\u015f, ya qonaq o q\u0259dim m\u0259kandan \u00e7\u0131x\u0131b bulvara ke\u00e7m\u0259kl\u0259 tam yeni bir Bak\u0131 g\u00f6r\u00fcr, m\u00fcasir bir Bak\u0131 g\u00f6r\u00fcr. Bax, bu amill\u0259r \u00e7ox \u00f6n\u0259mlidir. Ona g\u00f6r\u0259 siz d\u0259 t\u0259bii ki, \u00f6z f\u0259aliyy\u0259tinizd\u0259 bu iki qurumla s\u0131x \u0259laq\u0259d\u0259 olmal\u0131s\u0131n\u0131z, onlar da sizinl\u0259. \u00c7\u00fcnki Bak\u0131, onun b\u00fct\u00fcn yerl\u0259ri, h\u0259r bir gu\u015f\u0259si bizim \u00fc\u00e7\u00fcn do\u011fmad\u0131r, \u0259zizdir. \u018fmin\u0259m ki, Bak\u0131 bundan sonra daha da g\u00f6z\u0259l \u015f\u0259h\u0259r olacaq. Bak\u0131da yeni in\u015fa edil\u0259n binalar &#8211; ist\u0259r ya\u015fay\u0131\u015f binalar\u0131, ist\u0259r ictimai binalar, ticar\u0259t obyektl\u0259ri, ia\u015f\u0259 obyektl\u0259ri \u0259n y\u00fcks\u0259k memarl\u0131q z\u00f6vq\u00fcn\u0259 uy\u011fun olmal\u0131d\u0131r. Bu i\u015fl\u0259r\u0259 d\u00f6vl\u0259t qurumlar\u0131 n\u0259zar\u0259t etm\u0259lidir ki, bundan sonra Bak\u0131 ancaq g\u00f6z\u0259ll\u0259\u015fsin.<\/p>\n<p>Bir daha dem\u0259k ist\u0259yir\u0259m ki, sizin \u00fcz\u0259riniz\u0259 b\u00f6y\u00fck v\u0259zif\u0259 d\u00fc\u015f\u00fcr. Bir daha dem\u0259k ist\u0259yir\u0259m ki, \u0130\u00e7\u0259ri\u015f\u0259h\u0259r bizim milli s\u0259rv\u0259timizdir, bu s\u0259rv\u0259ti biz qorumal\u0131y\u0131q v\u0259 qoruyaca\u011f\u0131q. Siz\u0259 i\u015finizd\u0259 u\u011furlar arzulay\u0131ram.<\/p>\n<p><strong>\u015eahin Seyidzad\u0259:<\/strong>\u00a0C\u0259nab Prezident, etimad g\u00f6st\u0259rdiyiniz \u00fc\u00e7\u00fcn Siz\u0259 t\u0259\u015f\u0259kk\u00fcr edir\u0259m.<\/p>\n<p><strong>Prezident \u0130lham \u018fliyev:<\/strong>\u00a0Sa\u011f ol.<\/p>\n<p><strong>11:34<\/strong><\/p>\n<p>Az\u0259rbaycan Respublikas\u0131n\u0131n Prezidenti \u0130lham \u018fliyev mart\u0131n 3-d\u0259 \u015eahin Seyidzad\u0259ni \u201c\u0130\u00e7\u0259ri\u015f\u0259h\u0259r\u201d D\u00f6vl\u0259t Tarix-Memarl\u0131q Qoru\u011fu \u0130dar\u0259sinin \u0130dar\u0259 Hey\u0259tinin s\u0259dri v\u0259zif\u0259sin\u0259 t\u0259yin olunmas\u0131 il\u0259 \u0259laq\u0259dar videoformatda q\u0259bul edib.<\/p>\n<p>Bununla ba\u011fl\u0131\u00a0<a href=\"https:\/\/azertag.az\/xeber\/Prezident_Ilham_Aliyev_Sahin_Seyidzadeni_Icheriseher_Dovlet_Tarix_Memarliq_Qorugu_Idaresinin_Idare_Heyetinin_sedri_vezifesine_teyin_olunmasi_ile_elaqedar_videoformatda_qebul_edib_YENILANACAK-2037365\" target=\"_blank\" rel=\"noopener\">AZ\u018fRTAC<\/a>\u00a0m\u0259lumat yay\u0131b.<\/p>\n<p>&nbsp;<\/p>\n<div class=\"gallery\">\n<div class=\"gallery-i\"><img src=\"https:\/\/cdn.oxu.az\/uploads\/W1siZiIsIjIwMjIvMDMvMDMvMTEvMzMvNTYvNzA0YmIwZmYtNWIxOC00MDM3LWE1ZTMtODk0NzZjYjgyZjg3LzE2NDYyOTI1MTM0NDEwNDM3MjE2XzEwMDB4NjY5LmpwZyJdLFsicCIsImVuY29kZSIsImpwZyIsIi1xdWFsaXR5IDgwIl0sWyJwIiwidGh1bWIiLCI1OTB4NTkwXHUwMDNlIl1d?sha=f2677b0af93eceb3\" alt=\"\" \/><\/p>\n<div class=\"gallery-i-caption\"><\/div>\n<\/div>\n<div class=\"gallery-i\"><img src=\"https:\/\/cdn.oxu.az\/uploads\/W1siZiIsIjIwMjIvMDMvMDMvMTEvMzMvNTYvODg3Y2U2NjAtMmMzMy00NmIwLWE2ZDQtNjc4ZTAzYjg4ZWIzLzE2NDYyOTI1MzM2MDYzNTMyNTUzXzEwMDB4NjY5LmpwZyJdLFsicCIsImVuY29kZSIsImpwZyIsIi1xdWFsaXR5IDgwIl0sWyJwIiwidGh1bWIiLCI1OTB4NTkwXHUwMDNlIl1d?sha=84b41ca3f683d7fc\" alt=\"\" \/><\/div>\n<\/div>\n","protected":false},"excerpt":{"rendered":"<p>Az\u0259rbaycan Respublikas\u0131n\u0131n Prezidenti \u0130lham \u018fliyev mart\u0131n 3-d\u0259 \u015eahin Seyidzad\u0259ni \u201c\u0130\u00e7\u0259ri\u015f\u0259h\u0259r\u201d D\u00f6vl\u0259t Tarix-Memarl\u0131q Qoru\u011fu \u0130dar\u0259sinin \u0130dar\u0259 Hey\u0259tinin s\u0259dri v\u0259zif\u0259sin\u0259 t\u0259yin olunmas\u0131 il\u0259 \u0259laq\u0259dar videoformatda q\u0259bul edib. AZ\u018fRTAC x\u0259b\u0259r verir ki, d\u00f6vl\u0259timizin ba\u015f\u00e7\u0131s\u0131 q\u0259bulda \u00e7\u0131x\u0131\u015f edib. Prezident \u0130lham \u018fliyevin \u00e7\u0131x\u0131\u015f\u0131: -Bu g\u00fcn siz \u201c\u0130\u00e7\u0259ri\u015f\u0259h\u0259r\u201d D\u00f6vl\u0259t Tarix-Memarl\u0131q Qoru\u011fu \u0130dar\u0259sinin idar\u0259 hey\u0259tinin s\u0259dri t\u0259yin edilirsiniz. Siz\u0259 b\u00f6y\u00fck etimad g\u00f6st\u0259rilir. \u018fmin\u0259m ki, siz bu etimad\u0131 do\u011fruldacaqs\u0131n\u0131z, \u00fcz\u0259riniz\u0259 d\u00fc\u015f\u0259n m\u0259suliyy\u0259ti d\u0259rk edirsiniz v\u0259 g\u00f6st\u0259ril\u0259n etimad\u0131 \u00f6z i\u015finizl\u0259 do\u011fruldacaqs\u0131n\u0131z. \u0130\u00e7\u0259ri\u015f\u0259h\u0259r bizim milli s\u0259rv\u0259timizdir, d\u00fcnya memarl\u0131q tarixinin m\u00f6ht\u0259\u015f\u0259m abid\u0259sidir, Az\u0259rbaycan xalq\u0131n\u0131n istedad\u0131n\u0131n bariz n\u00fcmun\u0259sidir. \u018fsrl\u0259r boyu Az\u0259rbaycan xalq\u0131&hellip;<\/p>\n","protected":false},"author":2,"featured_media":447092,"comment_status":"closed","ping_status":"closed","sticky":false,"template":"","format":"standard","meta":{"om_disable_all_campaigns":false,"_monsterinsights_skip_tracking":false,"_monsterinsights_sitenote_active":false,"_monsterinsights_sitenote_note":"","_monsterinsights_sitenote_category":0},"categories":[4],"tags":[],"aioseo_notices":[],"gutentor_comment":0,"rttpg_featured_image_url":{"full":["https:\/\/arantv.az\/wp-content\/uploads\/2022\/03\/president_iclas_150720_18.jpg",601,465,false],"landscape":["https:\/\/arantv.az\/wp-content\/uploads\/2022\/03\/president_iclas_150720_18.jpg",601,465,false],"portraits":["https:\/\/arantv.az\/wp-content\/uploads\/2022\/03\/president_iclas_150720_18.jpg",601,465,false],"thumbnail":["https:\/\/arantv.az\/wp-content\/uploads\/2022\/03\/president_iclas_150720_18-500x280.jpg",500,280,true],"medium":["https:\/\/arantv.az\/wp-content\/uploads\/2022\/03\/president_iclas_150720_18-472x365.jpg",472,365,true],"large":["https:\/\/arantv.az\/wp-content\/uploads\/2022\/03\/president_iclas_150720_18.jpg",601,465,false],"1536x1536":["https:\/\/arantv.az\/wp-content\/uploads\/2022\/03\/president_iclas_150720_18.jpg",601,465,false],"2048x2048":["https:\/\/arantv.az\/wp-content\/uploads\/2022\/03\/president_iclas_150720_18.jpg",601,465,false],"post-thumbnail":["https:\/\/arantv.az\/wp-content\/uploads\/2022\/03\/president_iclas_150720_18-240x172.jpg",240,172,true],"advps-thumb-one":["https:\/\/arantv.az\/wp-content\/uploads\/2022\/03\/president_iclas_150720_18.jpg",601,465,false]},"rttpg_author":{"display_name":"V\u00fcsal Rafiqo\u011flu","author_link":"https:\/\/arantv.az\/?author=2"},"rttpg_comment":0,"rttpg_category":"<a href=\"https:\/\/arantv.az\/?cat=4\" rel=\"category\">Siyas\u0259t<\/a>","rttpg_excerpt":"Az\u0259rbaycan Respublikas\u0131n\u0131n Prezidenti \u0130lham \u018fliyev mart\u0131n 3-d\u0259 \u015eahin Seyidzad\u0259ni \u201c\u0130\u00e7\u0259ri\u015f\u0259h\u0259r\u201d D\u00f6vl\u0259t Tarix-Memarl\u0131q Qoru\u011fu \u0130dar\u0259sinin \u0130dar\u0259 Hey\u0259tinin s\u0259dri v\u0259zif\u0259sin\u0259 t\u0259yin olunmas\u0131 il\u0259 \u0259laq\u0259dar videoformatda q\u0259bul edib. AZ\u018fRTAC x\u0259b\u0259r verir ki, d\u00f6vl\u0259timizin ba\u015f\u00e7\u0131s\u0131 q\u0259bulda \u00e7\u0131x\u0131\u015f edib. Prezident \u0130lham \u018fliyevin \u00e7\u0131x\u0131\u015f\u0131: -Bu g\u00fcn siz \u201c\u0130\u00e7\u0259ri\u015f\u0259h\u0259r\u201d D\u00f6vl\u0259t Tarix-Memarl\u0131q Qoru\u011fu \u0130dar\u0259sinin idar\u0259 hey\u0259tinin s\u0259dri t\u0259yin edilirsiniz. Siz\u0259 b\u00f6y\u00fck etimad g\u00f6st\u0259rilir.&hellip;","_links":{"self":[{"href":"https:\/\/arantv.az\/index.php?rest_route=\/wp\/v2\/posts\/447091"}],"collection":[{"href":"https:\/\/arantv.az\/index.php?rest_route=\/wp\/v2\/posts"}],"about":[{"href":"https:\/\/arantv.az\/index.php?rest_route=\/wp\/v2\/types\/post"}],"author":[{"embeddable":true,"href":"https:\/\/arantv.az\/index.php?rest_route=\/wp\/v2\/users\/2"}],"replies":[{"embeddable":true,"href":"https:\/\/arantv.az\/index.php?rest_route=%2Fwp%2Fv2%2Fcomments&post=447091"}],"version-history":[{"count":0,"href":"https:\/\/arantv.az\/index.php?rest_route=\/wp\/v2\/posts\/447091\/revisions"}],"wp:featuredmedia":[{"embeddable":true,"href":"https:\/\/arantv.az\/index.php?rest_route=\/wp\/v2\/media\/447092"}],"wp:attachment":[{"href":"https:\/\/arantv.az\/index.php?rest_route=%2Fwp%2Fv2%2Fmedia&parent=447091"}],"wp:term":[{"taxonomy":"category","embeddable":true,"href":"https:\/\/arantv.az\/index.php?rest_route=%2Fwp%2Fv2%2Fcategories&post=447091"},{"taxonomy":"post_tag","embeddable":true,"href":"https:\/\/arantv.az\/index.php?rest_route=%2Fwp%2Fv2%2Ftags&post=447091"}],"curies":[{"name":"wp","href":"https:\/\/api.w.org\/{rel}","templated":true}]}}