{"id":447097,"date":"2022-03-03T12:43:41","date_gmt":"2022-03-03T09:43:41","guid":{"rendered":"http:\/\/arantv.az\/?p=447097"},"modified":"2022-03-03T12:43:41","modified_gmt":"2022-03-03T09:43:41","slug":"almaniya-ukraynaya-2-700-zenit-raketi-ver%c9%99c%c9%99k-foto","status":"publish","type":"post","link":"https:\/\/arantv.az\/?p=447097","title":{"rendered":"Almaniya Ukraynaya 2 700 zenit raketi ver\u0259c\u0259k &#8211; FOTO"},"content":{"rendered":"<p>Almaniyan\u0131n \u0130qtisadiyyat Nazirliyi Ukraynaya 2 700 \u201cStrela\u201d tipli\u00a0zenit-raketinin t\u0259dar\u00fck\u00fcn\u00fc t\u0259sdiql\u0259yib.<\/p>\n<div class=\"AdviadNativeVideo\"><\/div>\n<p>Bu bar\u0259d\u0259 nazirlikd\u0259ki m\u0259nb\u0259l\u0259r\u0259 istinad\u0259n x\u0259b\u0259r verilib.<\/p>\n<p>\u201cAlmaniyan\u0131n \u0130qtisadiyyat Nazirliyi Ukraynaya 2 700 zenit-raketin\u00a0\u00e7atd\u0131r\u0131lmas\u0131na raz\u0131l\u0131q verib\u201d, &#8211; dey\u0259 agentliyin a\u00e7\u0131qlamas\u0131nda bildirilir.<\/p>\n<div>\n<div class=\"twitter-tweet twitter-tweet-rendered\"><iframe id=\"twitter-widget-0\" class=\"\" title=\"Twitter Tweet\" src=\"https:\/\/platform.twitter.com\/embed\/Tweet.html?creatorScreenName=oxuaz&amp;dnt=false&amp;embedId=twitter-widget-0&amp;features=eyJ0ZndfZXhwZXJpbWVudHNfY29va2llX2V4cGlyYXRpb24iOnsiYnVja2V0IjoxMjA5NjAwLCJ2ZXJzaW9uIjpudWxsfSwidGZ3X2hvcml6b25fdHdlZXRfZW1iZWRfOTU1NSI6eyJidWNrZXQiOiJodGUiLCJ2ZXJzaW9uIjpudWxsfSwidGZ3X3NwYWNlX2NhcmQiOnsiYnVja2V0Ijoib2ZmIiwidmVyc2lvbiI6bnVsbH0sInRmd19za2VsZXRvbl9sb2FkaW5nXzEzMzk4Ijp7ImJ1Y2tldCI6ImNvbnRyb2wiLCJ2ZXJzaW9uIjozfX0%3D&amp;frame=false&amp;hideCard=false&amp;hideThread=false&amp;id=1499270882828734465&amp;lang=en&amp;origin=https%3A%2F%2Foxu.az%2Fworld%2F579066&amp;sessionId=b5bcaf7ad85e4569229b7ba6a1e7cc954595b7ac&amp;siteScreenName=oxuaz&amp;theme=light&amp;widgetsVersion=2582c61%3A1645036219416&amp;width=550px\" frameborder=\"0\" scrolling=\"no\" allowfullscreen=\"allowfullscreen\" data-tweet-id=\"1499270882828734465\" data-mce-fragment=\"1\"><\/iframe><\/div>\n<\/div>\n<p>Qeyd ed\u0259k ki, bir g\u00fcn \u0259vv\u0259l Almaniya kansleri Olaf \u015eolz \u00f6lk\u0259sinin Ukraynaya silah t\u0259dar\u00fck\u00fcn\u00fc t\u0259sdiql\u0259diyini demi\u015fdi.<\/p>\n<p>M\u0259nb\u0259:\u00a0\u201cDoy\u00e7e\u201d agentliyi<\/p>\n","protected":false},"excerpt":{"rendered":"<p>Almaniyan\u0131n \u0130qtisadiyyat Nazirliyi Ukraynaya 2 700 \u201cStrela\u201d tipli\u00a0zenit-raketinin t\u0259dar\u00fck\u00fcn\u00fc t\u0259sdiql\u0259yib. Bu bar\u0259d\u0259 nazirlikd\u0259ki m\u0259nb\u0259l\u0259r\u0259 istinad\u0259n x\u0259b\u0259r verilib. \u201cAlmaniyan\u0131n \u0130qtisadiyyat Nazirliyi Ukraynaya 2 700 zenit-raketin\u00a0\u00e7atd\u0131r\u0131lmas\u0131na raz\u0131l\u0131q verib\u201d, &#8211; dey\u0259 agentliyin a\u00e7\u0131qlamas\u0131nda bildirilir. Qeyd ed\u0259k ki, bir g\u00fcn \u0259vv\u0259l Almaniya kansleri Olaf \u015eolz \u00f6lk\u0259sinin Ukraynaya silah t\u0259dar\u00fck\u00fcn\u00fc t\u0259sdiql\u0259diyini demi\u015fdi. M\u0259nb\u0259:\u00a0\u201cDoy\u00e7e\u201d agentliyi<\/p>\n","protected":false},"author":2,"featured_media":447098,"comment_status":"closed","ping_status":"closed","sticky":false,"template":"","format":"standard","meta":{"om_disable_all_campaigns":false,"_monsterinsights_skip_tracking":false,"_monsterinsights_sitenote_active":false,"_monsterinsights_sitenote_note":"","_monsterinsights_sitenote_category":0},"categories":[7],"tags":[],"aioseo_notices":[],"gutentor_comment":0,"rttpg_featured_image_url":{"full":["https:\/\/arantv.az\/wp-content\/uploads\/2022\/03\/FotoJet-12.jpg",620,413,false],"landscape":["https:\/\/arantv.az\/wp-content\/uploads\/2022\/03\/FotoJet-12.jpg",620,413,false],"portraits":["https:\/\/arantv.az\/wp-content\/uploads\/2022\/03\/FotoJet-12.jpg",620,413,false],"thumbnail":["https:\/\/arantv.az\/wp-content\/uploads\/2022\/03\/FotoJet-12-500x280.jpg",500,280,true],"medium":["https:\/\/arantv.az\/wp-content\/uploads\/2022\/03\/FotoJet-12-548x365.jpg",548,365,true],"large":["https:\/\/arantv.az\/wp-content\/uploads\/2022\/03\/FotoJet-12.jpg",620,413,false],"1536x1536":["https:\/\/arantv.az\/wp-content\/uploads\/2022\/03\/FotoJet-12.jpg",620,413,false],"2048x2048":["https:\/\/arantv.az\/wp-content\/uploads\/2022\/03\/FotoJet-12.jpg",620,413,false],"post-thumbnail":["https:\/\/arantv.az\/wp-content\/uploads\/2022\/03\/FotoJet-12-240x172.jpg",240,172,true],"advps-thumb-one":["https:\/\/arantv.az\/wp-content\/uploads\/2022\/03\/FotoJet-12.jpg",620,413,false]},"rttpg_author":{"display_name":"V\u00fcsal Rafiqo\u011flu","author_link":"https:\/\/arantv.az\/?author=2"},"rttpg_comment":0,"rttpg_category":"<a href=\"https:\/\/arantv.az\/?cat=7\" rel=\"category\">D\u00fcnya<\/a>","rttpg_excerpt":"Almaniyan\u0131n \u0130qtisadiyyat Nazirliyi Ukraynaya 2 700 \u201cStrela\u201d tipli\u00a0zenit-raketinin t\u0259dar\u00fck\u00fcn\u00fc t\u0259sdiql\u0259yib. Bu bar\u0259d\u0259 nazirlikd\u0259ki m\u0259nb\u0259l\u0259r\u0259 istinad\u0259n x\u0259b\u0259r verilib. \u201cAlmaniyan\u0131n \u0130qtisadiyyat Nazirliyi Ukraynaya 2 700 zenit-raketin\u00a0\u00e7atd\u0131r\u0131lmas\u0131na raz\u0131l\u0131q verib\u201d, &#8211; dey\u0259 agentliyin a\u00e7\u0131qlamas\u0131nda bildirilir. Qeyd ed\u0259k ki, bir g\u00fcn \u0259vv\u0259l Almaniya kansleri Olaf \u015eolz \u00f6lk\u0259sinin Ukraynaya silah t\u0259dar\u00fck\u00fcn\u00fc t\u0259sdiql\u0259diyini demi\u015fdi. M\u0259nb\u0259:\u00a0\u201cDoy\u00e7e\u201d agentliyi","_links":{"self":[{"href":"https:\/\/arantv.az\/index.php?rest_route=\/wp\/v2\/posts\/447097"}],"collection":[{"href":"https:\/\/arantv.az\/index.php?rest_route=\/wp\/v2\/posts"}],"about":[{"href":"https:\/\/arantv.az\/index.php?rest_route=\/wp\/v2\/types\/post"}],"author":[{"embeddable":true,"href":"https:\/\/arantv.az\/index.php?rest_route=\/wp\/v2\/users\/2"}],"replies":[{"embeddable":true,"href":"https:\/\/arantv.az\/index.php?rest_route=%2Fwp%2Fv2%2Fcomments&post=447097"}],"version-history":[{"count":0,"href":"https:\/\/arantv.az\/index.php?rest_route=\/wp\/v2\/posts\/447097\/revisions"}],"wp:featuredmedia":[{"embeddable":true,"href":"https:\/\/arantv.az\/index.php?rest_route=\/wp\/v2\/media\/447098"}],"wp:attachment":[{"href":"https:\/\/arantv.az\/index.php?rest_route=%2Fwp%2Fv2%2Fmedia&parent=447097"}],"wp:term":[{"taxonomy":"category","embeddable":true,"href":"https:\/\/arantv.az\/index.php?rest_route=%2Fwp%2Fv2%2Fcategories&post=447097"},{"taxonomy":"post_tag","embeddable":true,"href":"https:\/\/arantv.az\/index.php?rest_route=%2Fwp%2Fv2%2Ftags&post=447097"}],"curies":[{"name":"wp","href":"https:\/\/api.w.org\/{rel}","templated":true}]}}