{"id":447101,"date":"2022-03-03T12:44:07","date_gmt":"2022-03-03T09:44:07","guid":{"rendered":"http:\/\/arantv.az\/?p=447101"},"modified":"2022-03-03T12:44:07","modified_gmt":"2022-03-03T09:44:07","slug":"fransa-rusiyada-olan-v%c9%99t%c9%99ndaslarina-bu-olk%c9%99ni-t%c9%99rk-etm%c9%99yi-tovsiy%c9%99-edir","status":"publish","type":"post","link":"https:\/\/arantv.az\/?p=447101","title":{"rendered":"Fransa Rusiyada olan v\u0259t\u0259nda\u015flar\u0131na bu \u00f6lk\u0259ni t\u0259rk etm\u0259yi t\u00f6vsiy\u0259 edir"},"content":{"rendered":"<p>Fransa Rusiyada olan v\u0259t\u0259nda\u015flar\u0131na m\u00fcraci\u0259t edib.<\/p>\n<div class=\"AdviadNativeVideo\"><\/div>\n<p>M\u00fcraci\u0259td\u0259 bildirilib ki, Fransa h\u00f6kum\u0259ti \u00f6z v\u0259t\u0259nda\u015flar\u0131na m\u0259cburiyy\u0259t olmad\u0131\u011f\u0131 t\u0259qdird\u0259 Rusiyada qalma\u011f\u0131 t\u00f6vsiy\u0259 etmir.<\/p>\n<p>\u201cRusiyan\u0131n Ukraynaya t\u0259cav\u00fcz\u00fc il\u0259 \u0259laq\u0259dar t\u0259tbiq edil\u0259n sanksiyalar kontekstind\u0259 v\u0259t\u0259nda\u015flar\u0131m\u0131z daha y\u00fcks\u0259k say\u0131ql\u0131q n\u00fcmayi\u015f etdirilm\u0259lidir\u201d, &#8211; Fransa Xarici \u0130\u015fl\u0259r Nazirliyinin yayd\u0131\u011f\u0131 a\u00e7\u0131qlamada qeyd olunub.<\/p>\n<p>M\u0259nb\u0259: R\u0130A Novosti<\/p>\n","protected":false},"excerpt":{"rendered":"<p>Fransa Rusiyada olan v\u0259t\u0259nda\u015flar\u0131na m\u00fcraci\u0259t edib. M\u00fcraci\u0259td\u0259 bildirilib ki, Fransa h\u00f6kum\u0259ti \u00f6z v\u0259t\u0259nda\u015flar\u0131na m\u0259cburiyy\u0259t olmad\u0131\u011f\u0131 t\u0259qdird\u0259 Rusiyada qalma\u011f\u0131 t\u00f6vsiy\u0259 etmir. \u201cRusiyan\u0131n Ukraynaya t\u0259cav\u00fcz\u00fc il\u0259 \u0259laq\u0259dar t\u0259tbiq edil\u0259n sanksiyalar kontekstind\u0259 v\u0259t\u0259nda\u015flar\u0131m\u0131z daha y\u00fcks\u0259k say\u0131ql\u0131q n\u00fcmayi\u015f etdirilm\u0259lidir\u201d, &#8211; Fransa Xarici \u0130\u015fl\u0259r Nazirliyinin yayd\u0131\u011f\u0131 a\u00e7\u0131qlamada qeyd olunub. M\u0259nb\u0259: R\u0130A Novosti<\/p>\n","protected":false},"author":2,"featured_media":447102,"comment_status":"closed","ping_status":"closed","sticky":false,"template":"","format":"standard","meta":{"om_disable_all_campaigns":false,"_monsterinsights_skip_tracking":false,"_monsterinsights_sitenote_active":false,"_monsterinsights_sitenote_note":"","_monsterinsights_sitenote_category":0},"categories":[7],"tags":[],"aioseo_notices":[],"gutentor_comment":0,"rttpg_featured_image_url":{"full":["https:\/\/arantv.az\/wp-content\/uploads\/2022\/03\/FotoJet-2022-03-03T121323.190.jpg",620,413,false],"landscape":["https:\/\/arantv.az\/wp-content\/uploads\/2022\/03\/FotoJet-2022-03-03T121323.190.jpg",620,413,false],"portraits":["https:\/\/arantv.az\/wp-content\/uploads\/2022\/03\/FotoJet-2022-03-03T121323.190.jpg",620,413,false],"thumbnail":["https:\/\/arantv.az\/wp-content\/uploads\/2022\/03\/FotoJet-2022-03-03T121323.190-500x280.jpg",500,280,true],"medium":["https:\/\/arantv.az\/wp-content\/uploads\/2022\/03\/FotoJet-2022-03-03T121323.190-548x365.jpg",548,365,true],"large":["https:\/\/arantv.az\/wp-content\/uploads\/2022\/03\/FotoJet-2022-03-03T121323.190.jpg",620,413,false],"1536x1536":["https:\/\/arantv.az\/wp-content\/uploads\/2022\/03\/FotoJet-2022-03-03T121323.190.jpg",620,413,false],"2048x2048":["https:\/\/arantv.az\/wp-content\/uploads\/2022\/03\/FotoJet-2022-03-03T121323.190.jpg",620,413,false],"post-thumbnail":["https:\/\/arantv.az\/wp-content\/uploads\/2022\/03\/FotoJet-2022-03-03T121323.190-240x172.jpg",240,172,true],"advps-thumb-one":["https:\/\/arantv.az\/wp-content\/uploads\/2022\/03\/FotoJet-2022-03-03T121323.190.jpg",620,413,false]},"rttpg_author":{"display_name":"V\u00fcsal Rafiqo\u011flu","author_link":"https:\/\/arantv.az\/?author=2"},"rttpg_comment":0,"rttpg_category":"<a href=\"https:\/\/arantv.az\/?cat=7\" rel=\"category\">D\u00fcnya<\/a>","rttpg_excerpt":"Fransa Rusiyada olan v\u0259t\u0259nda\u015flar\u0131na m\u00fcraci\u0259t edib. M\u00fcraci\u0259td\u0259 bildirilib ki, Fransa h\u00f6kum\u0259ti \u00f6z v\u0259t\u0259nda\u015flar\u0131na m\u0259cburiyy\u0259t olmad\u0131\u011f\u0131 t\u0259qdird\u0259 Rusiyada qalma\u011f\u0131 t\u00f6vsiy\u0259 etmir. \u201cRusiyan\u0131n Ukraynaya t\u0259cav\u00fcz\u00fc il\u0259 \u0259laq\u0259dar t\u0259tbiq edil\u0259n sanksiyalar kontekstind\u0259 v\u0259t\u0259nda\u015flar\u0131m\u0131z daha y\u00fcks\u0259k say\u0131ql\u0131q n\u00fcmayi\u015f etdirilm\u0259lidir\u201d, &#8211; Fransa Xarici \u0130\u015fl\u0259r Nazirliyinin yayd\u0131\u011f\u0131 a\u00e7\u0131qlamada qeyd olunub. M\u0259nb\u0259: R\u0130A Novosti","_links":{"self":[{"href":"https:\/\/arantv.az\/index.php?rest_route=\/wp\/v2\/posts\/447101"}],"collection":[{"href":"https:\/\/arantv.az\/index.php?rest_route=\/wp\/v2\/posts"}],"about":[{"href":"https:\/\/arantv.az\/index.php?rest_route=\/wp\/v2\/types\/post"}],"author":[{"embeddable":true,"href":"https:\/\/arantv.az\/index.php?rest_route=\/wp\/v2\/users\/2"}],"replies":[{"embeddable":true,"href":"https:\/\/arantv.az\/index.php?rest_route=%2Fwp%2Fv2%2Fcomments&post=447101"}],"version-history":[{"count":0,"href":"https:\/\/arantv.az\/index.php?rest_route=\/wp\/v2\/posts\/447101\/revisions"}],"wp:featuredmedia":[{"embeddable":true,"href":"https:\/\/arantv.az\/index.php?rest_route=\/wp\/v2\/media\/447102"}],"wp:attachment":[{"href":"https:\/\/arantv.az\/index.php?rest_route=%2Fwp%2Fv2%2Fmedia&parent=447101"}],"wp:term":[{"taxonomy":"category","embeddable":true,"href":"https:\/\/arantv.az\/index.php?rest_route=%2Fwp%2Fv2%2Fcategories&post=447101"},{"taxonomy":"post_tag","embeddable":true,"href":"https:\/\/arantv.az\/index.php?rest_route=%2Fwp%2Fv2%2Ftags&post=447101"}],"curies":[{"name":"wp","href":"https:\/\/api.w.org\/{rel}","templated":true}]}}