{"id":447107,"date":"2022-03-03T12:45:18","date_gmt":"2022-03-03T09:45:18","guid":{"rendered":"http:\/\/arantv.az\/?p=447107"},"modified":"2022-03-03T12:45:18","modified_gmt":"2022-03-03T09:45:18","slug":"az%c9%99rbaycan-%c9%99silli-ukraynali-deputat-rusiya-v%c9%99-belarus-xalqina-muraci%c9%99t-etdi-video","status":"publish","type":"post","link":"https:\/\/arantv.az\/?p=447107","title":{"rendered":"Az\u0259rbaycan \u0259silli ukraynal\u0131 deputat Rusiya v\u0259 Belarus xalq\u0131na m\u00fcraci\u0259t etdi &#8211; V\u0130DEO"},"content":{"rendered":"<p>Az\u0259rbaycan \u0259silli ukraynal\u0131 siyas\u0259t\u00e7i, deputat Rusiya v\u0259 Belarus xalqlar\u0131na m\u00fcraci\u0259t edib.<\/p>\n<p>Onun m\u00fcraci\u0259ti sosial \u015f\u0259b\u0259k\u0259l\u0259rd\u0259 yay\u0131l\u0131b.<\/p>\n<div class=\"AdviadNativeVideo\"><\/div>\n<p>O, Rusiya lideri Vladimir Putinin \u201cUkraynan\u0131 neonasistl\u0259rd\u0259n t\u0259mizl\u0259m\u0259k\u201d a\u00e7\u0131qlamas\u0131na m\u00fcnasib\u0259t bildirib.<\/p>\n<p>\u201cDem\u0259k ist\u0259yir\u0259m ki, m\u0259n M\u0259mm\u0259dov soyadl\u0131, milliy\u0259tc\u0259 az\u0259rbaycanl\u0131\u00a0deputatam. Siz burada neonasistl\u0259ri harada g\u00f6rm\u00fcs\u00fcn\u00fcz?\u201d, &#8211; dey\u0259 o qeyd edib.<\/p>\n<p>Deputat h\u0259m\u00e7inin Ukraynadan ki\u00e7ikd\u0259n b\u00f6y\u00fcy\u0259 h\u0259r k\u0259sin torpaqlar\u0131 qoruma\u011fa haz\u0131r oldu\u011funu vur\u011fulay\u0131b.<\/p>\n<div><iframe loading=\"lazy\" src=\"https:\/\/player.baku.tv\/embed\/51153\" width=\"560\" height=\"315\" frameborder=\"0\" allowfullscreen=\"allowfullscreen\" data-mce-fragment=\"1\"><\/iframe><\/div>\n<p>&nbsp;<\/p>\n","protected":false},"excerpt":{"rendered":"<p>Az\u0259rbaycan \u0259silli ukraynal\u0131 siyas\u0259t\u00e7i, deputat Rusiya v\u0259 Belarus xalqlar\u0131na m\u00fcraci\u0259t edib. Onun m\u00fcraci\u0259ti sosial \u015f\u0259b\u0259k\u0259l\u0259rd\u0259 yay\u0131l\u0131b. O, Rusiya lideri Vladimir Putinin \u201cUkraynan\u0131 neonasistl\u0259rd\u0259n t\u0259mizl\u0259m\u0259k\u201d a\u00e7\u0131qlamas\u0131na m\u00fcnasib\u0259t bildirib. \u201cDem\u0259k ist\u0259yir\u0259m ki, m\u0259n M\u0259mm\u0259dov soyadl\u0131, milliy\u0259tc\u0259 az\u0259rbaycanl\u0131\u00a0deputatam. Siz burada neonasistl\u0259ri harada g\u00f6rm\u00fcs\u00fcn\u00fcz?\u201d, &#8211; dey\u0259 o qeyd edib. Deputat h\u0259m\u00e7inin Ukraynadan ki\u00e7ikd\u0259n b\u00f6y\u00fcy\u0259 h\u0259r k\u0259sin torpaqlar\u0131 qoruma\u011fa haz\u0131r oldu\u011funu vur\u011fulay\u0131b. &nbsp;<\/p>\n","protected":false},"author":2,"featured_media":447108,"comment_status":"closed","ping_status":"closed","sticky":false,"template":"","format":"standard","meta":{"om_disable_all_campaigns":false,"_monsterinsights_skip_tracking":false,"_monsterinsights_sitenote_active":false,"_monsterinsights_sitenote_note":"","_monsterinsights_sitenote_category":0},"categories":[7],"tags":[],"aioseo_notices":[],"gutentor_comment":0,"rttpg_featured_image_url":{"full":["https:\/\/arantv.az\/wp-content\/uploads\/2022\/03\/FotoJet-2022-03-03T131637.021.jpg",620,413,false],"landscape":["https:\/\/arantv.az\/wp-content\/uploads\/2022\/03\/FotoJet-2022-03-03T131637.021.jpg",620,413,false],"portraits":["https:\/\/arantv.az\/wp-content\/uploads\/2022\/03\/FotoJet-2022-03-03T131637.021.jpg",620,413,false],"thumbnail":["https:\/\/arantv.az\/wp-content\/uploads\/2022\/03\/FotoJet-2022-03-03T131637.021-500x280.jpg",500,280,true],"medium":["https:\/\/arantv.az\/wp-content\/uploads\/2022\/03\/FotoJet-2022-03-03T131637.021-548x365.jpg",548,365,true],"large":["https:\/\/arantv.az\/wp-content\/uploads\/2022\/03\/FotoJet-2022-03-03T131637.021.jpg",620,413,false],"1536x1536":["https:\/\/arantv.az\/wp-content\/uploads\/2022\/03\/FotoJet-2022-03-03T131637.021.jpg",620,413,false],"2048x2048":["https:\/\/arantv.az\/wp-content\/uploads\/2022\/03\/FotoJet-2022-03-03T131637.021.jpg",620,413,false],"post-thumbnail":["https:\/\/arantv.az\/wp-content\/uploads\/2022\/03\/FotoJet-2022-03-03T131637.021-240x172.jpg",240,172,true],"advps-thumb-one":["https:\/\/arantv.az\/wp-content\/uploads\/2022\/03\/FotoJet-2022-03-03T131637.021.jpg",620,413,false]},"rttpg_author":{"display_name":"V\u00fcsal Rafiqo\u011flu","author_link":"https:\/\/arantv.az\/?author=2"},"rttpg_comment":0,"rttpg_category":"<a href=\"https:\/\/arantv.az\/?cat=7\" rel=\"category\">D\u00fcnya<\/a>","rttpg_excerpt":"Az\u0259rbaycan \u0259silli ukraynal\u0131 siyas\u0259t\u00e7i, deputat Rusiya v\u0259 Belarus xalqlar\u0131na m\u00fcraci\u0259t edib. Onun m\u00fcraci\u0259ti sosial \u015f\u0259b\u0259k\u0259l\u0259rd\u0259 yay\u0131l\u0131b. O, Rusiya lideri Vladimir Putinin \u201cUkraynan\u0131 neonasistl\u0259rd\u0259n t\u0259mizl\u0259m\u0259k\u201d a\u00e7\u0131qlamas\u0131na m\u00fcnasib\u0259t bildirib. \u201cDem\u0259k ist\u0259yir\u0259m ki, m\u0259n M\u0259mm\u0259dov soyadl\u0131, milliy\u0259tc\u0259 az\u0259rbaycanl\u0131\u00a0deputatam. Siz burada neonasistl\u0259ri harada g\u00f6rm\u00fcs\u00fcn\u00fcz?\u201d, &#8211; dey\u0259 o qeyd edib. Deputat h\u0259m\u00e7inin Ukraynadan ki\u00e7ikd\u0259n b\u00f6y\u00fcy\u0259 h\u0259r k\u0259sin torpaqlar\u0131 qoruma\u011fa haz\u0131r&hellip;","_links":{"self":[{"href":"https:\/\/arantv.az\/index.php?rest_route=\/wp\/v2\/posts\/447107"}],"collection":[{"href":"https:\/\/arantv.az\/index.php?rest_route=\/wp\/v2\/posts"}],"about":[{"href":"https:\/\/arantv.az\/index.php?rest_route=\/wp\/v2\/types\/post"}],"author":[{"embeddable":true,"href":"https:\/\/arantv.az\/index.php?rest_route=\/wp\/v2\/users\/2"}],"replies":[{"embeddable":true,"href":"https:\/\/arantv.az\/index.php?rest_route=%2Fwp%2Fv2%2Fcomments&post=447107"}],"version-history":[{"count":0,"href":"https:\/\/arantv.az\/index.php?rest_route=\/wp\/v2\/posts\/447107\/revisions"}],"wp:featuredmedia":[{"embeddable":true,"href":"https:\/\/arantv.az\/index.php?rest_route=\/wp\/v2\/media\/447108"}],"wp:attachment":[{"href":"https:\/\/arantv.az\/index.php?rest_route=%2Fwp%2Fv2%2Fmedia&parent=447107"}],"wp:term":[{"taxonomy":"category","embeddable":true,"href":"https:\/\/arantv.az\/index.php?rest_route=%2Fwp%2Fv2%2Fcategories&post=447107"},{"taxonomy":"post_tag","embeddable":true,"href":"https:\/\/arantv.az\/index.php?rest_route=%2Fwp%2Fv2%2Ftags&post=447107"}],"curies":[{"name":"wp","href":"https:\/\/api.w.org\/{rel}","templated":true}]}}