{"id":447110,"date":"2022-03-03T12:46:07","date_gmt":"2022-03-03T09:46:07","guid":{"rendered":"http:\/\/arantv.az\/?p=447110"},"modified":"2022-03-03T12:46:07","modified_gmt":"2022-03-03T09:46:07","slug":"torpaq-%c9%99limd%c9%99-bahar-ur%c9%99yimd%c9%99-xeyriyy%c9%99-yarmarkasi-kecirilir-foto","status":"publish","type":"post","link":"https:\/\/arantv.az\/?p=447110","title":{"rendered":"\u201cTorpaq \u0259limd\u0259, bahar \u00fcr\u0259yimd\u0259\u201d xeyriyy\u0259 yarmarkas\u0131 ke\u00e7irilir &#8211; FOTO"},"content":{"rendered":"<p>Mart\u0131n 1-d\u0259n etibar\u0259n Bak\u0131n\u0131n \u201cF\u0259vvar\u0259l\u0259r Meydan\u0131\u201dnda \u201cNargis\u201d Fondunun t\u0259\u015fkilat\u00e7\u0131l\u0131\u011f\u0131 il\u0259 \u201cTorpaq \u0259limd\u0259, bahar \u00fcr\u0259yimd\u0259\u201d xeyriyy\u0259 yarmarkas\u0131na start verilib.<\/p>\n<p>Ki\u00e7ik v\u0259 Orta Biznesin \u0130nki\u015faf\u0131 Agentliyind\u0259n (KOB\u0130A) veril\u0259n m\u0259lumata g\u00f6r\u0259, koronavirus pandemiyas\u0131 il\u0259 ba\u011fl\u0131 iki illik fasil\u0259d\u0259n sonra yenid\u0259n qap\u0131lar\u0131n\u0131 Bak\u0131 sakinl\u0259rin\u0259 v\u0259 \u015f\u0259h\u0259rimizin qonaqlar\u0131na a\u00e7an yarmarkada qurulan evl\u0259rin kiray\u0259sind\u0259n \u0259ld\u0259 olunacaq g\u0259lir m\u00fcxt\u0259lif x\u0259st\u0259likl\u0259rd\u0259n \u0259ziyy\u0259t \u00e7\u0259k\u0259n u\u015faqlar\u0131n m\u00fcalic\u0259 v\u0259 \u0259m\u0259liyyat x\u0259rcl\u0259rinin qar\u015f\u0131lanmas\u0131 \u00fc\u00e7\u00fcn istifad\u0259 edil\u0259c\u0259k.<\/p>\n<div class=\"AdviadNativeVideo\"><\/div>\n<p>Yarmarkan\u0131n \u0259razisind\u0259 qura\u015fd\u0131r\u0131lm\u0131\u015f evl\u0259rd\u0259 \u015firniyyat, sular v\u0259 \u015fir\u0259l\u0259r, milli v\u0259 xarici m\u0259tb\u0259x\u0259 aid yem\u0259kl\u0259r, suvenir v\u0259 h\u0259diyy\u0259l\u0259rin sat\u0131\u015f\u0131 h\u0259yata ke\u00e7irilir. \u015e\u0259kil \u00e7\u0259kdirm\u0259k v\u0259 \u0259yl\u0259nm\u0259k \u00fc\u00e7\u00fcn yarmarkan\u0131n \u0259razisind\u0259 h\u0259r ya\u015fa uy\u011fun oyun zonalar\u0131, \u201cYaz evi\u201d, Novruz Bayram\u0131na aid v\u0259 dig\u0259r m\u00fcxt\u0259lif tematikal\u0131 konstruksiyalar qura\u015fd\u0131r\u0131l\u0131b.<\/p>\n<p>Ki\u00e7ik v\u0259 Orta Biznesin \u0130nki\u015faf\u0131 Agentliyi (KOB\u0130A) yarmarkan\u0131n t\u0259\u015fkilin\u0259 d\u0259st\u0259k g\u00f6st\u0259r\u0259n qurumlardand\u0131r. H\u0259m\u00e7inin, KOB\u0130A-n\u0131n d\u0259st\u0259yi il\u0259 yarmarkada 20-d\u0259n \u00e7ox \u0259lil v\u0259 azt\u0259minatl\u0131 ail\u0259l\u0259rd\u0259n olan s\u0259n\u0259tkarlar, el\u0259c\u0259 d\u0259 mikro sahibkarlar t\u0259r\u0259find\u0259n haz\u0131rlanm\u0131\u015f m\u00fcxt\u0259lif qida m\u0259hsullar\u0131, \u0259l i\u015fl\u0259ri v\u0259 suvenirl\u0259rin sat\u0131\u015f\u0131 t\u0259\u015fkil olunub.<\/p>\n<p>Yarmarka aprelin 10-d\u0259k h\u0259r g\u00fcn saat 11:00-dan 23:00-d\u0259k f\u0259aliyy\u0259t g\u00f6st\u0259r\u0259c\u0259k.<\/p>\n<p>&nbsp;<\/p>\n<div class=\"gallery\">\n<div class=\"gallery-i\"><img src=\"https:\/\/cdn.oxu.az\/uploads\/W1siZiIsIjIwMjIvMDMvMDMvMTIvMTcvMTEvZmMwODZiODUtYmE5Mi00YmI5LWFmMzQtMTVjMzA3OGVjZmNlLzI3NDU2NzkyOV8yNzUzNDE0MjQ2NzY2NDZfMTAxMDAxODQyODA1NTc2Mzc2NF9uLmpwZyJdLFsicCIsImVuY29kZSIsImpwZyIsIi1xdWFsaXR5IDgwIl0sWyJwIiwidGh1bWIiLCI1OTB4NTkwXHUwMDNlIl1d?sha=478abf4147db676d\" alt=\"\" \/><\/p>\n<div class=\"gallery-i-caption\"><\/div>\n<\/div>\n<div class=\"gallery-i\"><img src=\"https:\/\/cdn.oxu.az\/uploads\/W1siZiIsIjIwMjIvMDMvMDMvMTIvMTcvMTEvZGNlMjg3MjgtMTdmZC00OGY0LWFiYWItNjI0ZDM3MTk4NjdiLzI3NDc4NDM1M18yNzk3ODMwODc1Njg4NzhfNDIzNjEyNzQ3OTA0OTQxNDE1NV9uLmpwZyJdLFsicCIsImVuY29kZSIsImpwZyIsIi1xdWFsaXR5IDgwIl0sWyJwIiwidGh1bWIiLCI1OTB4NTkwXHUwMDNlIl1d?sha=f6a078a4a4bc0066\" alt=\"\" \/><\/p>\n<div class=\"gallery-i-caption\"><\/div>\n<\/div>\n<div class=\"gallery-i\"><img src=\"https:\/\/cdn.oxu.az\/uploads\/W1siZiIsIjIwMjIvMDMvMDMvMTIvMTcvMTEvMjMwYzkzNGItYTQyZi00MmM3LWJkM2YtOGEzODcxN2NkMTc3LzI3NDA1NDY4M18xMDExMDI4NjI2NDI5NzA0XzI1NjQwMTg2ODk1MjkxODQ1NzZfbi5qcGciXSxbInAiLCJlbmNvZGUiLCJqcGciLCItcXVhbGl0eSA4MCJdLFsicCIsInRodW1iIiwiNTkweDU5MFx1MDAzZSJdXQ?sha=abb81ba3d4c30329\" alt=\"\" \/><\/p>\n<div class=\"gallery-i-caption\"><\/div>\n<\/div>\n<div class=\"gallery-i\"><img src=\"https:\/\/cdn.oxu.az\/uploads\/W1siZiIsIjIwMjIvMDMvMDMvMTIvMTcvMTEvNDRhOGU0MjktYTQzNy00MDE1LTg0YTQtYjI0MWZkNTVlNWViLzI3NDQ2NjU4NV85OTYzOTEwODEyOTQxNjlfOTAwMjMzOTUxMDUzNzQ5NzI0N19uLmpwZyJdLFsicCIsImVuY29kZSIsImpwZyIsIi1xdWFsaXR5IDgwIl0sWyJwIiwidGh1bWIiLCI1OTB4NTkwXHUwMDNlIl1d?sha=0b237c20140ac1e2\" alt=\"\" \/><\/p>\n<div class=\"gallery-i-caption\"><\/div>\n<\/div>\n<\/div>\n<p>&nbsp;<\/p>\n","protected":false},"excerpt":{"rendered":"<p>Mart\u0131n 1-d\u0259n etibar\u0259n Bak\u0131n\u0131n \u201cF\u0259vvar\u0259l\u0259r Meydan\u0131\u201dnda \u201cNargis\u201d Fondunun t\u0259\u015fkilat\u00e7\u0131l\u0131\u011f\u0131 il\u0259 \u201cTorpaq \u0259limd\u0259, bahar \u00fcr\u0259yimd\u0259\u201d xeyriyy\u0259 yarmarkas\u0131na start verilib. Ki\u00e7ik v\u0259 Orta Biznesin \u0130nki\u015faf\u0131 Agentliyind\u0259n (KOB\u0130A) veril\u0259n m\u0259lumata g\u00f6r\u0259, koronavirus pandemiyas\u0131 il\u0259 ba\u011fl\u0131 iki illik fasil\u0259d\u0259n sonra yenid\u0259n qap\u0131lar\u0131n\u0131 Bak\u0131 sakinl\u0259rin\u0259 v\u0259 \u015f\u0259h\u0259rimizin qonaqlar\u0131na a\u00e7an yarmarkada qurulan evl\u0259rin kiray\u0259sind\u0259n \u0259ld\u0259 olunacaq g\u0259lir m\u00fcxt\u0259lif x\u0259st\u0259likl\u0259rd\u0259n \u0259ziyy\u0259t \u00e7\u0259k\u0259n u\u015faqlar\u0131n m\u00fcalic\u0259 v\u0259 \u0259m\u0259liyyat x\u0259rcl\u0259rinin qar\u015f\u0131lanmas\u0131 \u00fc\u00e7\u00fcn istifad\u0259 edil\u0259c\u0259k. Yarmarkan\u0131n \u0259razisind\u0259 qura\u015fd\u0131r\u0131lm\u0131\u015f evl\u0259rd\u0259 \u015firniyyat, sular v\u0259 \u015fir\u0259l\u0259r, milli v\u0259 xarici m\u0259tb\u0259x\u0259 aid yem\u0259kl\u0259r, suvenir v\u0259 h\u0259diyy\u0259l\u0259rin sat\u0131\u015f\u0131 h\u0259yata ke\u00e7irilir. \u015e\u0259kil \u00e7\u0259kdirm\u0259k v\u0259 \u0259yl\u0259nm\u0259k \u00fc\u00e7\u00fcn yarmarkan\u0131n&hellip;<\/p>\n","protected":false},"author":2,"featured_media":447111,"comment_status":"closed","ping_status":"closed","sticky":false,"template":"","format":"standard","meta":{"om_disable_all_campaigns":false,"_monsterinsights_skip_tracking":false,"_monsterinsights_sitenote_active":false,"_monsterinsights_sitenote_note":"","_monsterinsights_sitenote_category":0},"categories":[1],"tags":[],"aioseo_notices":[],"gutentor_comment":0,"rttpg_featured_image_url":{"full":["https:\/\/arantv.az\/wp-content\/uploads\/2022\/03\/FotoJet-2022-03-03T121403.058.jpg",620,413,false],"landscape":["https:\/\/arantv.az\/wp-content\/uploads\/2022\/03\/FotoJet-2022-03-03T121403.058.jpg",620,413,false],"portraits":["https:\/\/arantv.az\/wp-content\/uploads\/2022\/03\/FotoJet-2022-03-03T121403.058.jpg",620,413,false],"thumbnail":["https:\/\/arantv.az\/wp-content\/uploads\/2022\/03\/FotoJet-2022-03-03T121403.058-500x280.jpg",500,280,true],"medium":["https:\/\/arantv.az\/wp-content\/uploads\/2022\/03\/FotoJet-2022-03-03T121403.058-548x365.jpg",548,365,true],"large":["https:\/\/arantv.az\/wp-content\/uploads\/2022\/03\/FotoJet-2022-03-03T121403.058.jpg",620,413,false],"1536x1536":["https:\/\/arantv.az\/wp-content\/uploads\/2022\/03\/FotoJet-2022-03-03T121403.058.jpg",620,413,false],"2048x2048":["https:\/\/arantv.az\/wp-content\/uploads\/2022\/03\/FotoJet-2022-03-03T121403.058.jpg",620,413,false],"post-thumbnail":["https:\/\/arantv.az\/wp-content\/uploads\/2022\/03\/FotoJet-2022-03-03T121403.058-240x172.jpg",240,172,true],"advps-thumb-one":["https:\/\/arantv.az\/wp-content\/uploads\/2022\/03\/FotoJet-2022-03-03T121403.058.jpg",620,413,false]},"rttpg_author":{"display_name":"V\u00fcsal Rafiqo\u011flu","author_link":"https:\/\/arantv.az\/?author=2"},"rttpg_comment":0,"rttpg_category":"<a href=\"https:\/\/arantv.az\/?cat=1\" rel=\"category\">C\u0259miyy\u0259t<\/a>","rttpg_excerpt":"Mart\u0131n 1-d\u0259n etibar\u0259n Bak\u0131n\u0131n \u201cF\u0259vvar\u0259l\u0259r Meydan\u0131\u201dnda \u201cNargis\u201d Fondunun t\u0259\u015fkilat\u00e7\u0131l\u0131\u011f\u0131 il\u0259 \u201cTorpaq \u0259limd\u0259, bahar \u00fcr\u0259yimd\u0259\u201d xeyriyy\u0259 yarmarkas\u0131na start verilib. Ki\u00e7ik v\u0259 Orta Biznesin \u0130nki\u015faf\u0131 Agentliyind\u0259n (KOB\u0130A) veril\u0259n m\u0259lumata g\u00f6r\u0259, koronavirus pandemiyas\u0131 il\u0259 ba\u011fl\u0131 iki illik fasil\u0259d\u0259n sonra yenid\u0259n qap\u0131lar\u0131n\u0131 Bak\u0131 sakinl\u0259rin\u0259 v\u0259 \u015f\u0259h\u0259rimizin qonaqlar\u0131na a\u00e7an yarmarkada qurulan evl\u0259rin kiray\u0259sind\u0259n \u0259ld\u0259 olunacaq g\u0259lir m\u00fcxt\u0259lif x\u0259st\u0259likl\u0259rd\u0259n \u0259ziyy\u0259t \u00e7\u0259k\u0259n&hellip;","_links":{"self":[{"href":"https:\/\/arantv.az\/index.php?rest_route=\/wp\/v2\/posts\/447110"}],"collection":[{"href":"https:\/\/arantv.az\/index.php?rest_route=\/wp\/v2\/posts"}],"about":[{"href":"https:\/\/arantv.az\/index.php?rest_route=\/wp\/v2\/types\/post"}],"author":[{"embeddable":true,"href":"https:\/\/arantv.az\/index.php?rest_route=\/wp\/v2\/users\/2"}],"replies":[{"embeddable":true,"href":"https:\/\/arantv.az\/index.php?rest_route=%2Fwp%2Fv2%2Fcomments&post=447110"}],"version-history":[{"count":0,"href":"https:\/\/arantv.az\/index.php?rest_route=\/wp\/v2\/posts\/447110\/revisions"}],"wp:featuredmedia":[{"embeddable":true,"href":"https:\/\/arantv.az\/index.php?rest_route=\/wp\/v2\/media\/447111"}],"wp:attachment":[{"href":"https:\/\/arantv.az\/index.php?rest_route=%2Fwp%2Fv2%2Fmedia&parent=447110"}],"wp:term":[{"taxonomy":"category","embeddable":true,"href":"https:\/\/arantv.az\/index.php?rest_route=%2Fwp%2Fv2%2Fcategories&post=447110"},{"taxonomy":"post_tag","embeddable":true,"href":"https:\/\/arantv.az\/index.php?rest_route=%2Fwp%2Fv2%2Ftags&post=447110"}],"curies":[{"name":"wp","href":"https:\/\/api.w.org\/{rel}","templated":true}]}}