{"id":447116,"date":"2022-03-03T12:47:07","date_gmt":"2022-03-03T09:47:07","guid":{"rendered":"http:\/\/arantv.az\/?p=447116"},"modified":"2022-03-03T12:47:07","modified_gmt":"2022-03-03T09:47:07","slug":"bir-milyondan-cox-qacqin-ukraynani-t%c9%99rk-etdi-ur%c9%99kagridan-goruntul%c9%99r-video","status":"publish","type":"post","link":"https:\/\/arantv.az\/?p=447116","title":{"rendered":"Bir milyondan \u00e7ox qa\u00e7q\u0131n Ukraynan\u0131 t\u0259rk etdi: \u00dcr\u0259ka\u011fr\u0131dan g\u00f6r\u00fcnt\u00fcl\u0259r &#8211; V\u0130DEO"},"content":{"rendered":"<article class=\"news\">\n<div class=\"news-inner\">\n<p>Birl\u0259\u015fmi\u015f Mill\u0259tl\u0259r T\u0259\u015fkilat\u0131 (BMT) Rusiya-Ukrayna m\u00fcharib\u0259si s\u0259b\u0259bind\u0259n 1 milyondan \u00e7ox qa\u00e7q\u0131n\u0131n Ukraynadan qon\u015fu \u00f6lk\u0259l\u0259r\u0259 ke\u00e7diyini bildirib.<\/p>\n<p>BMT-nin Qa\u00e7q\u0131nlar \u00fczr\u0259 Ali Komissarl\u0131\u011f\u0131 Ukraynadak\u0131 qa\u00e7q\u0131n b\u00f6hran\u0131 il\u0259 ba\u011fl\u0131 m\u00fcxt\u0259lif m\u0259nb\u0259l\u0259rd\u0259n m\u0259lumat payla\u015f\u0131b.<\/p>\n<div class=\"AdviadNativeVideo\"><\/div>\n<p>M\u00fcvafiq olaraq, fevral\u0131n 24-d\u0259n mart\u0131n 2-n\u0259 q\u0259d\u0259r 1 milyondan \u00e7ox qa\u00e7q\u0131n Ukraynadan qon\u015fu \u00f6lk\u0259l\u0259r\u0259, o c\u00fcml\u0259d\u0259n yar\u0131dan \u00e7oxu Pol\u015faya ke\u00e7ib.<\/p>\n<p>S\u0259rh\u0259dd\u0259n Pol\u015faya 505 082, Macar\u0131stana 139 686, Moldovaya 97 827, Slovakiyaya 72 200, Rum\u0131niyaya 51 261, Rusiyaya 47 800, Belarusa 357 v\u0259 dig\u0259r Avropa \u00f6lk\u0259l\u0259rin\u0259 88 147 qa\u00e7q\u0131n ke\u00e7ib.<\/p>\n<p>Bu r\u0259q\u0259ml\u0259r\u0259 \u0259lav\u0259 olaraq, 18-23 fevral tarixl\u0259rind\u0259 Donetsk v\u0259 Luqansk vilay\u0259tl\u0259rind\u0259n Rusiyaya 96 min insan\u0131n ke\u00e7diyini bildirib.<\/p>\n<p>Ukraynada v\u0259ziyy\u0259t daha da g\u0259rginl\u0259\u015f\u0259rs\u0259, 4 milyona q\u0259d\u0259r m\u00fclki \u015f\u0259xsin \u00f6lk\u0259ni t\u0259rk ed\u0259 bil\u0259c\u0259yi bar\u0259d\u0259 x\u0259b\u0259rdarl\u0131q edilib.<\/p>\n<div><iframe loading=\"lazy\" src=\"https:\/\/player.baku.tv\/embed\/51148\" width=\"560\" height=\"315\" frameborder=\"0\" allowfullscreen=\"allowfullscreen\" data-mce-fragment=\"1\"><\/iframe><\/div>\n<\/div>\n<\/article>\n","protected":false},"excerpt":{"rendered":"<p>Birl\u0259\u015fmi\u015f Mill\u0259tl\u0259r T\u0259\u015fkilat\u0131 (BMT) Rusiya-Ukrayna m\u00fcharib\u0259si s\u0259b\u0259bind\u0259n 1 milyondan \u00e7ox qa\u00e7q\u0131n\u0131n Ukraynadan qon\u015fu \u00f6lk\u0259l\u0259r\u0259 ke\u00e7diyini bildirib. BMT-nin Qa\u00e7q\u0131nlar \u00fczr\u0259 Ali Komissarl\u0131\u011f\u0131 Ukraynadak\u0131 qa\u00e7q\u0131n b\u00f6hran\u0131 il\u0259 ba\u011fl\u0131 m\u00fcxt\u0259lif m\u0259nb\u0259l\u0259rd\u0259n m\u0259lumat payla\u015f\u0131b. M\u00fcvafiq olaraq, fevral\u0131n 24-d\u0259n mart\u0131n 2-n\u0259 q\u0259d\u0259r 1 milyondan \u00e7ox qa\u00e7q\u0131n Ukraynadan qon\u015fu \u00f6lk\u0259l\u0259r\u0259, o c\u00fcml\u0259d\u0259n yar\u0131dan \u00e7oxu Pol\u015faya ke\u00e7ib. S\u0259rh\u0259dd\u0259n Pol\u015faya 505 082, Macar\u0131stana 139 686, Moldovaya 97 827, Slovakiyaya 72 200, Rum\u0131niyaya 51 261, Rusiyaya 47 800, Belarusa 357 v\u0259 dig\u0259r Avropa \u00f6lk\u0259l\u0259rin\u0259 88 147 qa\u00e7q\u0131n ke\u00e7ib. Bu r\u0259q\u0259ml\u0259r\u0259 \u0259lav\u0259 olaraq, 18-23 fevral tarixl\u0259rind\u0259 Donetsk v\u0259 Luqansk vilay\u0259tl\u0259rind\u0259n&hellip;<\/p>\n","protected":false},"author":2,"featured_media":447117,"comment_status":"closed","ping_status":"closed","sticky":false,"template":"","format":"standard","meta":{"om_disable_all_campaigns":false,"_monsterinsights_skip_tracking":false,"_monsterinsights_sitenote_active":false,"_monsterinsights_sitenote_note":"","_monsterinsights_sitenote_category":0},"categories":[7],"tags":[],"aioseo_notices":[],"gutentor_comment":0,"rttpg_featured_image_url":{"full":["https:\/\/arantv.az\/wp-content\/uploads\/2022\/03\/FotoJet-2022-03-03T123818.665.jpg",620,413,false],"landscape":["https:\/\/arantv.az\/wp-content\/uploads\/2022\/03\/FotoJet-2022-03-03T123818.665.jpg",620,413,false],"portraits":["https:\/\/arantv.az\/wp-content\/uploads\/2022\/03\/FotoJet-2022-03-03T123818.665.jpg",620,413,false],"thumbnail":["https:\/\/arantv.az\/wp-content\/uploads\/2022\/03\/FotoJet-2022-03-03T123818.665-500x280.jpg",500,280,true],"medium":["https:\/\/arantv.az\/wp-content\/uploads\/2022\/03\/FotoJet-2022-03-03T123818.665-548x365.jpg",548,365,true],"large":["https:\/\/arantv.az\/wp-content\/uploads\/2022\/03\/FotoJet-2022-03-03T123818.665.jpg",620,413,false],"1536x1536":["https:\/\/arantv.az\/wp-content\/uploads\/2022\/03\/FotoJet-2022-03-03T123818.665.jpg",620,413,false],"2048x2048":["https:\/\/arantv.az\/wp-content\/uploads\/2022\/03\/FotoJet-2022-03-03T123818.665.jpg",620,413,false],"post-thumbnail":["https:\/\/arantv.az\/wp-content\/uploads\/2022\/03\/FotoJet-2022-03-03T123818.665-240x172.jpg",240,172,true],"advps-thumb-one":["https:\/\/arantv.az\/wp-content\/uploads\/2022\/03\/FotoJet-2022-03-03T123818.665.jpg",620,413,false]},"rttpg_author":{"display_name":"V\u00fcsal Rafiqo\u011flu","author_link":"https:\/\/arantv.az\/?author=2"},"rttpg_comment":0,"rttpg_category":"<a href=\"https:\/\/arantv.az\/?cat=7\" rel=\"category\">D\u00fcnya<\/a>","rttpg_excerpt":"Birl\u0259\u015fmi\u015f Mill\u0259tl\u0259r T\u0259\u015fkilat\u0131 (BMT) Rusiya-Ukrayna m\u00fcharib\u0259si s\u0259b\u0259bind\u0259n 1 milyondan \u00e7ox qa\u00e7q\u0131n\u0131n Ukraynadan qon\u015fu \u00f6lk\u0259l\u0259r\u0259 ke\u00e7diyini bildirib. BMT-nin Qa\u00e7q\u0131nlar \u00fczr\u0259 Ali Komissarl\u0131\u011f\u0131 Ukraynadak\u0131 qa\u00e7q\u0131n b\u00f6hran\u0131 il\u0259 ba\u011fl\u0131 m\u00fcxt\u0259lif m\u0259nb\u0259l\u0259rd\u0259n m\u0259lumat payla\u015f\u0131b. M\u00fcvafiq olaraq, fevral\u0131n 24-d\u0259n mart\u0131n 2-n\u0259 q\u0259d\u0259r 1 milyondan \u00e7ox qa\u00e7q\u0131n Ukraynadan qon\u015fu \u00f6lk\u0259l\u0259r\u0259, o c\u00fcml\u0259d\u0259n yar\u0131dan \u00e7oxu Pol\u015faya ke\u00e7ib. S\u0259rh\u0259dd\u0259n Pol\u015faya 505 082, Macar\u0131stana&hellip;","_links":{"self":[{"href":"https:\/\/arantv.az\/index.php?rest_route=\/wp\/v2\/posts\/447116"}],"collection":[{"href":"https:\/\/arantv.az\/index.php?rest_route=\/wp\/v2\/posts"}],"about":[{"href":"https:\/\/arantv.az\/index.php?rest_route=\/wp\/v2\/types\/post"}],"author":[{"embeddable":true,"href":"https:\/\/arantv.az\/index.php?rest_route=\/wp\/v2\/users\/2"}],"replies":[{"embeddable":true,"href":"https:\/\/arantv.az\/index.php?rest_route=%2Fwp%2Fv2%2Fcomments&post=447116"}],"version-history":[{"count":0,"href":"https:\/\/arantv.az\/index.php?rest_route=\/wp\/v2\/posts\/447116\/revisions"}],"wp:featuredmedia":[{"embeddable":true,"href":"https:\/\/arantv.az\/index.php?rest_route=\/wp\/v2\/media\/447117"}],"wp:attachment":[{"href":"https:\/\/arantv.az\/index.php?rest_route=%2Fwp%2Fv2%2Fmedia&parent=447116"}],"wp:term":[{"taxonomy":"category","embeddable":true,"href":"https:\/\/arantv.az\/index.php?rest_route=%2Fwp%2Fv2%2Fcategories&post=447116"},{"taxonomy":"post_tag","embeddable":true,"href":"https:\/\/arantv.az\/index.php?rest_route=%2Fwp%2Fv2%2Ftags&post=447116"}],"curies":[{"name":"wp","href":"https:\/\/api.w.org\/{rel}","templated":true}]}}