{"id":447122,"date":"2022-03-03T12:49:39","date_gmt":"2022-03-03T09:49:39","guid":{"rendered":"http:\/\/arantv.az\/?p=447122"},"modified":"2022-03-03T12:49:39","modified_gmt":"2022-03-03T09:49:39","slug":"az%c9%99rbaycan-rusiya-v%c9%99-ukraynani-bir-daha-t%c9%99cili-dialoqa-cagirir","status":"publish","type":"post","link":"https:\/\/arantv.az\/?p=447122","title":{"rendered":"Az\u0259rbaycan Rusiya v\u0259 Ukraynan\u0131 bir daha t\u0259cili dialoqa \u00e7a\u011f\u0131r\u0131r"},"content":{"rendered":"<p>Az\u0259rbaycan Rusiya v\u0259 Ukrayna aras\u0131nda m\u00fcharib\u0259 \u0259traf\u0131nda yaranm\u0131\u015f v\u0259ziyy\u0259tin beyn\u0259lxalq h\u00fcququn norma v\u0259 prinsipl\u0259rin\u0259, o c\u00fcml\u0259d\u0259n suverenliy\u0259, \u0259razi b\u00fct\u00f6vl\u00fcy\u00fcn\u0259 v\u0259 s\u0259rh\u0259dl\u0259rinin toxunulmazl\u0131\u011f\u0131na h\u00f6rm\u0259tl\u0259, tam uy\u011fun, s\u00fclh yolu il\u0259 diplomatik vasit\u0259l\u0259rl\u0259 h\u0259llinin t\u0259r\u0259fdar\u0131d\u0131r.<\/p>\n<p><strong>ARANTV.AZ\u00a0 x\u0259b\u0259r verir ki,<\/strong>\u00a0\u00a0bunu Az\u0259rbaycan\u0131n BMT-d\u0259ki n\u00fcmay\u0259nd\u0259si Ya\u015far \u018fliyev\u00a0t\u0259\u015fkilat\u0131n Ba\u015f Assambleyas\u0131n\u0131n 11-ci f\u00f6vq\u0259lad\u0259 x\u00fcsusi sessiyas\u0131nda \u00e7\u0131x\u0131\u015f\u0131 zaman\u0131 deyib.<\/p>\n<p>\u201cUkrayna v\u0259 onun \u0259traf\u0131nda v\u0259ziyy\u0259t h\u0259ddind\u0259n art\u0131q narahatl\u0131q do\u011furur v\u0259 bu, g\u0259rginliyin azald\u0131lmas\u0131, beyn\u0259lxalq h\u00fcquqa uy\u011fun olaraq s\u00fclh yolu il\u0259 h\u0259llinin tap\u0131lmas\u0131 \u00fc\u00e7\u00fcn t\u0259cili t\u0259dbirl\u0259rin g\u00f6r\u00fclm\u0259sini t\u0259l\u0259b edir. Az\u0259rbaycan m\u00f6vcud b\u00f6hran\u0131n x\u00fcsusil\u0259 m\u00fclki \u0259hali aras\u0131nda \u0259h\u0259miyy\u0259tli itkil\u0259r\u0259 s\u0259b\u0259b olmaqda davam etm\u0259sind\u0259n d\u0259rin t\u0259\u0259ss\u00fcf hissi ke\u00e7irir. \u00d6l\u0259n v\u0259 yaralananlar\u0131n ail\u0259l\u0259rin\u0259 ba\u015fsa\u011fl\u0131\u011f\u0131 veririk.<\/p>\n<p>Biz beyn\u0259lxalq humanitar h\u00fcquqa ciddi riay\u0259t etm\u0259y\u0259 \u00e7a\u011f\u0131r\u0131r\u0131q. V\u0259t\u0259nda\u015flar\u0131n h\u0259yat\u0131 v\u0259 m\u00fclki infrastruktur h\u0259r zaman qorunmal\u0131 v\u0259 t\u0259min olunmal\u0131d\u0131r. \u0130nki\u015faf ed\u0259n humanitar b\u00f6hran m\u00f6vcud v\u0259ziyy\u0259tin m\u00fclki \u0259haliy\u0259 t\u0259sirini yum\u015faltmaq \u00fc\u00e7\u00fcn s\u00fcr\u0259tli t\u0259dbirl\u0259r g\u00f6rm\u0259yi t\u0259l\u0259b edir. Bu anla\u015fmaya \u0259saslanaraq, Az\u0259rbaycan art\u0131q Ukrayna xalq\u0131na d\u0259rman, tibbi avadanl\u0131q v\u0259 dig\u0259r z\u0259ruri \u0259\u015fyalarla ikit\u0259r\u0259fli \u0259sasda humanitar yard\u0131m g\u00f6st\u0259rib\u201d, &#8211; b\u0259yanatda deyilir.<\/p>\n<p>Ya\u015far \u018fliyev qeyd edib ki, d\u00f6vl\u0259tl\u0259r aras\u0131nda dostluq v\u0259 \u0259m\u0259kda\u015fl\u0131\u011fa aid beyn\u0259lxalq h\u00fcququn norma v\u0259 prinsipl\u0259rin\u0259 ciddi \u0259m\u0259l olunmas\u0131, d\u00f6vl\u0259tl\u0259rin \u00fcz\u0259rin\u0259 g\u00f6t\u00fcrd\u00fcy\u00fc \u00f6hd\u0259likl\u0259rin vicdanla yerin\u0259 yetirilm\u0259si beyn\u0259lxalq v\u0259 regional s\u00fclh\u00fcn v\u0259 t\u0259hl\u00fck\u0259sizliyin qorunmas\u0131 \u00fc\u00e7\u00fcn m\u00fch\u00fcm \u0259h\u0259miyy\u0259t k\u0259sb edir. \u201cOna g\u00f6r\u0259 d\u0259 Az\u0259rbaycan v\u0259ziyy\u0259tin daha da g\u0259rginl\u0259\u015fm\u0259sinin qar\u015f\u0131s\u0131n\u0131 almaq \u00fc\u00e7\u00fcn bir daha t\u0259cili dialoqa \u00e7a\u011f\u0131r\u0131r v\u0259 t\u0259r\u0259fl\u0259r aras\u0131nda birba\u015fa dan\u0131\u015f\u0131qlar\u0131n apar\u0131lmas\u0131n\u0131n vacibliyini vur\u011fulay\u0131r\u201d, &#8211; b\u0259yanatda vur\u011fulan\u0131r.<\/p>\n<p>\u201cReport\u201dun diplomatik m\u0259nb\u0259l\u0259rd\u0259n \u0259ld\u0259 etdiyi m\u0259lumata g\u00f6r\u0259, Ba\u015f Assambleyan\u0131n \u201cUkraynaya qar\u015f\u0131 t\u0259cav\u00fcz\u201d q\u0259tnam\u0259sinin s\u0259sverm\u0259sind\u0259 Az\u0259rbaycan\u0131n m\u00f6vqeyi birba\u015fa Az\u0259rbaycan\u0131n Qo\u015fulmama H\u0259r\u0259kat\u0131n\u0131n s\u0259dri olmas\u0131 v\u0259 \u00fczvl\u0259rinin bu c\u00fcr probleml\u0259r\u0259 v\u0259 m\u00fcnaqi\u015f\u0259l\u0259r\u0259 ilk n\u00f6vb\u0259d\u0259 q\u0259r\u0259zsiz m\u00fcnasib\u0259t b\u0259sl\u0259m\u0259si il\u0259 birba\u015fa ba\u011fl\u0131d\u0131r.<\/p>\n<p>Eyni zamanda, Az\u0259rbaycan\u00a0birm\u0259nal\u0131 olaraq Ukraynadak\u0131 m\u00fcnaqi\u015f\u0259nin beyn\u0259lxalq h\u00fcququn prinsipl\u0259ri, o c\u00fcml\u0259d\u0259n d\u00f6vl\u0259tl\u0259rin suverenliyi v\u0259 \u0259razi b\u00fct\u00f6vl\u00fcy\u00fcn\u00fcn qorunub saxlan\u0131lmas\u0131 prinsipl\u0259ri \u0259sas\u0131nda h\u0259llinin lehin\u0259 \u00e7\u0131x\u0131\u015f edib.<\/p>\n<p>Birl\u0259\u015fmi\u015f Mill\u0259tl\u0259r T\u0259\u015fkilat\u0131n\u0131n Ba\u015f Assambleyas\u0131 Rusiya Federasiyas\u0131n\u0131 Ukraynaya qar\u015f\u0131 h\u0259rbi \u0259m\u0259liyyatlar\u0131 dayand\u0131rma\u011fa v\u0259 b\u00fct\u00fcn Rusiya qo\u015funlar\u0131n\u0131 Ukrayna \u0259razil\u0259rind\u0259n, o c\u00fcml\u0259d\u0259n Kr\u0131m v\u0259 Donbassdan \u00e7\u0131xarma\u011fa \u00e7a\u011f\u0131ran \u201cUkraynaya qar\u015f\u0131 t\u0259cav\u00fcz\u201d adl\u0131 q\u0259tnam\u0259ni d\u0259st\u0259kl\u0259yib.<\/p>\n<p>O c\u00fcml\u0259d\u0259n, BMT-y\u0259 \u00fczv olan 141 \u00f6lk\u0259 q\u0259tnam\u0259nin lehin\u0259, 5-i \u0259leyhin\u0259, 35-i is\u0259 bit\u0259r\u0259f qal\u0131b.<\/p>\n","protected":false},"excerpt":{"rendered":"<p>Az\u0259rbaycan Rusiya v\u0259 Ukrayna aras\u0131nda m\u00fcharib\u0259 \u0259traf\u0131nda yaranm\u0131\u015f v\u0259ziyy\u0259tin beyn\u0259lxalq h\u00fcququn norma v\u0259 prinsipl\u0259rin\u0259, o c\u00fcml\u0259d\u0259n suverenliy\u0259, \u0259razi b\u00fct\u00f6vl\u00fcy\u00fcn\u0259 v\u0259 s\u0259rh\u0259dl\u0259rinin toxunulmazl\u0131\u011f\u0131na h\u00f6rm\u0259tl\u0259, tam uy\u011fun, s\u00fclh yolu il\u0259 diplomatik vasit\u0259l\u0259rl\u0259 h\u0259llinin t\u0259r\u0259fdar\u0131d\u0131r. ARANTV.AZ\u00a0 x\u0259b\u0259r verir ki,\u00a0\u00a0bunu Az\u0259rbaycan\u0131n BMT-d\u0259ki n\u00fcmay\u0259nd\u0259si Ya\u015far \u018fliyev\u00a0t\u0259\u015fkilat\u0131n Ba\u015f Assambleyas\u0131n\u0131n 11-ci f\u00f6vq\u0259lad\u0259 x\u00fcsusi sessiyas\u0131nda \u00e7\u0131x\u0131\u015f\u0131 zaman\u0131 deyib. \u201cUkrayna v\u0259 onun \u0259traf\u0131nda v\u0259ziyy\u0259t h\u0259ddind\u0259n art\u0131q narahatl\u0131q do\u011furur v\u0259 bu, g\u0259rginliyin azald\u0131lmas\u0131, beyn\u0259lxalq h\u00fcquqa uy\u011fun olaraq s\u00fclh yolu il\u0259 h\u0259llinin tap\u0131lmas\u0131 \u00fc\u00e7\u00fcn t\u0259cili t\u0259dbirl\u0259rin g\u00f6r\u00fclm\u0259sini t\u0259l\u0259b edir. Az\u0259rbaycan m\u00f6vcud b\u00f6hran\u0131n x\u00fcsusil\u0259 m\u00fclki \u0259hali aras\u0131nda \u0259h\u0259miyy\u0259tli itkil\u0259r\u0259 s\u0259b\u0259b olmaqda davam&hellip;<\/p>\n","protected":false},"author":2,"featured_media":447123,"comment_status":"closed","ping_status":"closed","sticky":false,"template":"","format":"standard","meta":{"om_disable_all_campaigns":false,"_monsterinsights_skip_tracking":false,"_monsterinsights_sitenote_active":false,"_monsterinsights_sitenote_note":"","_monsterinsights_sitenote_category":0},"categories":[4],"tags":[],"aioseo_notices":[],"gutentor_comment":0,"rttpg_featured_image_url":{"full":["https:\/\/arantv.az\/wp-content\/uploads\/2022\/03\/958adb57159358491847868640810643295.jpg",975,540,false],"landscape":["https:\/\/arantv.az\/wp-content\/uploads\/2022\/03\/958adb57159358491847868640810643295.jpg",975,540,false],"portraits":["https:\/\/arantv.az\/wp-content\/uploads\/2022\/03\/958adb57159358491847868640810643295.jpg",975,540,false],"thumbnail":["https:\/\/arantv.az\/wp-content\/uploads\/2022\/03\/958adb57159358491847868640810643295-500x280.jpg",500,280,true],"medium":["https:\/\/arantv.az\/wp-content\/uploads\/2022\/03\/958adb57159358491847868640810643295-660x365.jpg",660,365,true],"large":["https:\/\/arantv.az\/wp-content\/uploads\/2022\/03\/958adb57159358491847868640810643295-840x465.jpg",640,354,true],"1536x1536":["https:\/\/arantv.az\/wp-content\/uploads\/2022\/03\/958adb57159358491847868640810643295.jpg",975,540,false],"2048x2048":["https:\/\/arantv.az\/wp-content\/uploads\/2022\/03\/958adb57159358491847868640810643295.jpg",975,540,false],"post-thumbnail":["https:\/\/arantv.az\/wp-content\/uploads\/2022\/03\/958adb57159358491847868640810643295-240x172.jpg",240,172,true],"advps-thumb-one":["https:\/\/arantv.az\/wp-content\/uploads\/2022\/03\/958adb57159358491847868640810643295.jpg",975,540,false]},"rttpg_author":{"display_name":"V\u00fcsal Rafiqo\u011flu","author_link":"https:\/\/arantv.az\/?author=2"},"rttpg_comment":0,"rttpg_category":"<a href=\"https:\/\/arantv.az\/?cat=4\" rel=\"category\">Siyas\u0259t<\/a>","rttpg_excerpt":"Az\u0259rbaycan Rusiya v\u0259 Ukrayna aras\u0131nda m\u00fcharib\u0259 \u0259traf\u0131nda yaranm\u0131\u015f v\u0259ziyy\u0259tin beyn\u0259lxalq h\u00fcququn norma v\u0259 prinsipl\u0259rin\u0259, o c\u00fcml\u0259d\u0259n suverenliy\u0259, \u0259razi b\u00fct\u00f6vl\u00fcy\u00fcn\u0259 v\u0259 s\u0259rh\u0259dl\u0259rinin toxunulmazl\u0131\u011f\u0131na h\u00f6rm\u0259tl\u0259, tam uy\u011fun, s\u00fclh yolu il\u0259 diplomatik vasit\u0259l\u0259rl\u0259 h\u0259llinin t\u0259r\u0259fdar\u0131d\u0131r. ARANTV.AZ\u00a0 x\u0259b\u0259r verir ki,\u00a0\u00a0bunu Az\u0259rbaycan\u0131n BMT-d\u0259ki n\u00fcmay\u0259nd\u0259si Ya\u015far \u018fliyev\u00a0t\u0259\u015fkilat\u0131n Ba\u015f Assambleyas\u0131n\u0131n 11-ci f\u00f6vq\u0259lad\u0259 x\u00fcsusi sessiyas\u0131nda \u00e7\u0131x\u0131\u015f\u0131 zaman\u0131 deyib. \u201cUkrayna v\u0259 onun \u0259traf\u0131nda v\u0259ziyy\u0259t&hellip;","_links":{"self":[{"href":"https:\/\/arantv.az\/index.php?rest_route=\/wp\/v2\/posts\/447122"}],"collection":[{"href":"https:\/\/arantv.az\/index.php?rest_route=\/wp\/v2\/posts"}],"about":[{"href":"https:\/\/arantv.az\/index.php?rest_route=\/wp\/v2\/types\/post"}],"author":[{"embeddable":true,"href":"https:\/\/arantv.az\/index.php?rest_route=\/wp\/v2\/users\/2"}],"replies":[{"embeddable":true,"href":"https:\/\/arantv.az\/index.php?rest_route=%2Fwp%2Fv2%2Fcomments&post=447122"}],"version-history":[{"count":0,"href":"https:\/\/arantv.az\/index.php?rest_route=\/wp\/v2\/posts\/447122\/revisions"}],"wp:featuredmedia":[{"embeddable":true,"href":"https:\/\/arantv.az\/index.php?rest_route=\/wp\/v2\/media\/447123"}],"wp:attachment":[{"href":"https:\/\/arantv.az\/index.php?rest_route=%2Fwp%2Fv2%2Fmedia&parent=447122"}],"wp:term":[{"taxonomy":"category","embeddable":true,"href":"https:\/\/arantv.az\/index.php?rest_route=%2Fwp%2Fv2%2Fcategories&post=447122"},{"taxonomy":"post_tag","embeddable":true,"href":"https:\/\/arantv.az\/index.php?rest_route=%2Fwp%2Fv2%2Ftags&post=447122"}],"curies":[{"name":"wp","href":"https:\/\/api.w.org\/{rel}","templated":true}]}}