{"id":447153,"date":"2022-03-03T13:02:43","date_gmt":"2022-03-03T10:02:43","guid":{"rendered":"http:\/\/arantv.az\/?p=447153"},"modified":"2022-03-03T13:02:43","modified_gmt":"2022-03-03T10:02:43","slug":"ilham-%c9%99liyev-az%c9%99rbaycan-xalqi-boyuk-q%c9%99dim-istedadli-xalqdir","status":"publish","type":"post","link":"https:\/\/arantv.az\/?p=447153","title":{"rendered":"\u0130lham \u018fliyev: Az\u0259rbaycan xalq\u0131 b\u00f6y\u00fck, q\u0259dim, istedadl\u0131 xalqd\u0131r"},"content":{"rendered":"<blockquote><p><strong>Az\u0259rbaycan xalq\u0131 b\u00f6y\u00fck xalqd\u0131r, q\u0259dim xalqd\u0131r, istedadl\u0131 xalqd\u0131r.<\/strong><\/p><\/blockquote>\n<p><strong>ARANTV.AZ\u00a0<\/strong> <a href=\"http:\/\/azertag.az\/\" target=\"_blank\" rel=\"noopener\">AZ\u018fRTAC<\/a>-a istinad\u0259n bildirir ki,\u00a0bunu Prezident \u0130lham \u018fliyev mart\u0131n 3-d\u0259 \u015eahin Seyidzad\u0259ni &#8220;\u0130\u00e7\u0259ri\u015f\u0259h\u0259r&#8221; D\u00f6vl\u0259t Tarix-Memarl\u0131q Qoru\u011fu \u0130dar\u0259sinin \u0130dar\u0259 Hey\u0259tinin s\u0259dri v\u0259zif\u0259sin\u0259 t\u0259yin olunmas\u0131 il\u0259 \u0259laq\u0259dar videoformatda q\u0259bul ed\u0259rk\u0259n deyib.<\/p>\n<p>D\u00f6vl\u0259t ba\u015f\u00e7\u0131s\u0131 bildirib: &#8220;\u0130\u00e7\u0259ri\u015f\u0259h\u0259r Bak\u0131 \u015f\u0259h\u0259rinin \u00f6z\u0259yidir. Bak\u0131 \u015f\u0259h\u0259rini \u0130\u00e7\u0259ri\u015f\u0259h\u0259rsiz t\u0259s\u0259vv\u00fcr etm\u0259k m\u00fcmk\u00fcn deyil. Ancaq inzibati b\u00f6lg\u00fc n\u00f6qteyi-n\u0259z\u0259rd\u0259n m\u0259nim S\u0259r\u0259ncam\u0131mla bir ne\u00e7\u0259 il bundan \u0259vv\u0259l \u0130\u00e7\u0259ri\u015f\u0259h\u0259rd\u0259 x\u00fcsusi idar\u0259etm\u0259 mexanizmi yarad\u0131lm\u0131\u015fd\u0131r, idar\u0259 yarad\u0131lm\u0131\u015fd\u0131r. \u0130nzibati n\u00f6qteyi-n\u0259z\u0259rd\u0259n \u0130\u00e7\u0259ri\u015f\u0259h\u0259r m\u00fcst\u0259qil inzibati vahiddir, ancaq Bak\u0131 \u015f\u0259h\u0259rinin bir hiss\u0259sidir. Bak\u0131 \u015f\u0259h\u0259rinin g\u00f6z\u0259lliyi bu g\u00fcn he\u00e7 kim\u0259 sirr deyil v\u0259 Bak\u0131ya g\u0259l\u0259n h\u0259r bir xarici qonaq Bak\u0131ya heyran olur. \u018fmin\u0259m ki, h\u0259r g\u0259l\u0259n, x\u00fcsusil\u0259 ilk d\u0259f\u0259 Bak\u0131ya g\u0259l\u0259n xarici qonaq m\u00fctl\u0259q \u0130\u00e7\u0259ri\u015f\u0259h\u0259r\u0259 ba\u015f \u00e7\u0259kir, \u0130\u00e7\u0259ri\u015f\u0259h\u0259rl\u0259, orada yerl\u0259\u015f\u0259n abid\u0259l\u0259rl\u0259 tan\u0131\u015f olur v\u0259 bir daha g\u00f6r\u00fcr ki, Az\u0259rbaycan xalq\u0131 b\u00f6y\u00fck xalqd\u0131r, q\u0259dim xalqd\u0131r, istedadl\u0131 xalqd\u0131r. Ancaq b\u00f6y\u00fck v\u0259 istedadl\u0131 xalq bel\u0259 m\u00f6ht\u0259\u015f\u0259m, d\u00fcnya \u0259h\u0259miyy\u0259tli abid\u0259 yarada bil\u0259r. Bir daha dem\u0259k ist\u0259yir\u0259m ki, \u0130\u00e7\u0259ri\u015f\u0259h\u0259rin h\u0259r bir hiss\u0259si, h\u0259r bir gu\u015f\u0259si \u0259h\u0259miyy\u0259tlidir v\u0259 eyni zamanda, \u0130\u00e7\u0259ri\u015f\u0259h\u0259r sad\u0259c\u0259 olaraq a\u00e7\u0131q s\u0259ma alt\u0131nda muzey deyil. \u0130\u00e7\u0259ri\u015f\u0259h\u0259rd\u0259 insanlar ya\u015fay\u0131r, \u0259srl\u0259rboyu ya\u015fay\u0131b. Ham\u0131m\u0131z yax\u015f\u0131 bilirik ki, Bak\u0131n\u0131n t\u0259m\u0259li m\u0259hz \u0130\u00e7\u0259ri\u015f\u0259h\u0259rd\u0259 qoyulubdur v\u0259 q\u0259dim d\u00f6vrl\u0259rd\u0259 Qala divarlar\u0131n\u0131n k\u0259nar\u0131nda he\u00e7 bir tikili yox idi. Bu g\u00fcn d\u0259 \u0130\u00e7\u0259ri\u015f\u0259h\u0259rd\u0259 insanlar ya\u015fay\u0131r v\u0259 onlar\u0131n rahatl\u0131\u011f\u0131 \u00fc\u00e7\u00fcn \u0259lb\u0259tt\u0259 ki, b\u00f6y\u00fck i\u015fl\u0259r g\u00f6r\u00fcl\u00fcr v\u0259 g\u00f6r\u00fcl\u0259c\u0259kdir. Eyni zamanda, bir daha dem\u0259k ist\u0259yir\u0259m ki, \u0130\u00e7\u0259ri\u015f\u0259h\u0259r h\u0259m Bak\u0131 sakinl\u0259ri, h\u0259m b\u00fct\u00fcn Az\u0259rbaycan v\u0259t\u0259nda\u015flar\u0131, xarici qonaqlar \u00fc\u00e7\u00fcn \u00e7ox c\u0259lbedici yerdir v\u0259 m\u0259hz buna g\u00f6r\u0259 \u0130\u00e7\u0259ri\u015f\u0259h\u0259r\u0259 h\u0259r g\u00fcn b\u00f6y\u00fck ax\u0131n var. B\u00fct\u00fcn bunlar\u0131 n\u0259z\u0259r\u0259 alaraq i\u015fl\u0259r el\u0259 qurulmal\u0131d\u0131r ki, orada ya\u015fayan insanlar \u0259ziyy\u0259t \u00e7\u0259km\u0259sinl\u0259r, eyni zamanda, turistl\u0259r, qonaqlar \u00fc\u00e7\u00fcn d\u0259 laz\u0131mi \u015f\u0259rait yarad\u0131ls\u0131n. Son ill\u0259r \u0259rzind\u0259 bu istiqam\u0259td\u0259 b\u00f6y\u00fck i\u015fl\u0259r g\u00f6r\u00fcl\u00fcbd\u00fcr. \u0130\u00e7\u0259ri\u015f\u0259h\u0259rin tarixi simas\u0131n\u0131n qorunmas\u0131 \u015f\u0259xs\u0259n m\u0259nim n\u0259zar\u0259timd\u0259dir v\u0259 \u0259min\u0259m ki, sizin r\u0259hb\u0259rliyinizl\u0259 \u0130dar\u0259 qar\u015f\u0131da duran yeni v\u0259zif\u0259l\u0259ri u\u011furla icra ed\u0259c\u0259k. \u0130\u00e7\u0259ri\u015f\u0259h\u0259r \u0259b\u0259di ya\u015fayacaq v\u0259 ya\u015famal\u0131d\u0131r. Biz d\u0259, bizd\u0259n sonra g\u0259l\u0259n n\u0259sill\u0259r d\u0259 haql\u0131 olaraq \u0130\u00e7\u0259ri\u015f\u0259h\u0259rl\u0259 f\u0259xr ed\u0259c\u0259kl\u0259r&#8221;.<\/p>\n","protected":false},"excerpt":{"rendered":"<p>Az\u0259rbaycan xalq\u0131 b\u00f6y\u00fck xalqd\u0131r, q\u0259dim xalqd\u0131r, istedadl\u0131 xalqd\u0131r. ARANTV.AZ\u00a0 AZ\u018fRTAC-a istinad\u0259n bildirir ki,\u00a0bunu Prezident \u0130lham \u018fliyev mart\u0131n 3-d\u0259 \u015eahin Seyidzad\u0259ni &#8220;\u0130\u00e7\u0259ri\u015f\u0259h\u0259r&#8221; D\u00f6vl\u0259t Tarix-Memarl\u0131q Qoru\u011fu \u0130dar\u0259sinin \u0130dar\u0259 Hey\u0259tinin s\u0259dri v\u0259zif\u0259sin\u0259 t\u0259yin olunmas\u0131 il\u0259 \u0259laq\u0259dar videoformatda q\u0259bul ed\u0259rk\u0259n deyib. D\u00f6vl\u0259t ba\u015f\u00e7\u0131s\u0131 bildirib: &#8220;\u0130\u00e7\u0259ri\u015f\u0259h\u0259r Bak\u0131 \u015f\u0259h\u0259rinin \u00f6z\u0259yidir. Bak\u0131 \u015f\u0259h\u0259rini \u0130\u00e7\u0259ri\u015f\u0259h\u0259rsiz t\u0259s\u0259vv\u00fcr etm\u0259k m\u00fcmk\u00fcn deyil. Ancaq inzibati b\u00f6lg\u00fc n\u00f6qteyi-n\u0259z\u0259rd\u0259n m\u0259nim S\u0259r\u0259ncam\u0131mla bir ne\u00e7\u0259 il bundan \u0259vv\u0259l \u0130\u00e7\u0259ri\u015f\u0259h\u0259rd\u0259 x\u00fcsusi idar\u0259etm\u0259 mexanizmi yarad\u0131lm\u0131\u015fd\u0131r, idar\u0259 yarad\u0131lm\u0131\u015fd\u0131r. \u0130nzibati n\u00f6qteyi-n\u0259z\u0259rd\u0259n \u0130\u00e7\u0259ri\u015f\u0259h\u0259r m\u00fcst\u0259qil inzibati vahiddir, ancaq Bak\u0131 \u015f\u0259h\u0259rinin bir hiss\u0259sidir. Bak\u0131 \u015f\u0259h\u0259rinin g\u00f6z\u0259lliyi bu g\u00fcn he\u00e7 kim\u0259 sirr deyil v\u0259&hellip;<\/p>\n","protected":false},"author":2,"featured_media":447144,"comment_status":"closed","ping_status":"closed","sticky":false,"template":"","format":"standard","meta":{"om_disable_all_campaigns":false,"_monsterinsights_skip_tracking":false,"_monsterinsights_sitenote_active":false,"_monsterinsights_sitenote_note":"","_monsterinsights_sitenote_category":0},"categories":[4],"tags":[],"aioseo_notices":[],"gutentor_comment":0,"rttpg_featured_image_url":{"full":["https:\/\/arantv.az\/wp-content\/uploads\/2022\/03\/1023936.jpg",800,600,false],"landscape":["https:\/\/arantv.az\/wp-content\/uploads\/2022\/03\/1023936.jpg",800,600,false],"portraits":["https:\/\/arantv.az\/wp-content\/uploads\/2022\/03\/1023936.jpg",800,600,false],"thumbnail":["https:\/\/arantv.az\/wp-content\/uploads\/2022\/03\/1023936-500x280.jpg",500,280,true],"medium":["https:\/\/arantv.az\/wp-content\/uploads\/2022\/03\/1023936-487x365.jpg",487,365,true],"large":["https:\/\/arantv.az\/wp-content\/uploads\/2022\/03\/1023936.jpg",640,480,false],"1536x1536":["https:\/\/arantv.az\/wp-content\/uploads\/2022\/03\/1023936.jpg",800,600,false],"2048x2048":["https:\/\/arantv.az\/wp-content\/uploads\/2022\/03\/1023936.jpg",800,600,false],"post-thumbnail":["https:\/\/arantv.az\/wp-content\/uploads\/2022\/03\/1023936-240x172.jpg",240,172,true],"advps-thumb-one":["https:\/\/arantv.az\/wp-content\/uploads\/2022\/03\/1023936.jpg",800,600,false]},"rttpg_author":{"display_name":"V\u00fcsal Rafiqo\u011flu","author_link":"https:\/\/arantv.az\/?author=2"},"rttpg_comment":0,"rttpg_category":"<a href=\"https:\/\/arantv.az\/?cat=4\" rel=\"category\">Siyas\u0259t<\/a>","rttpg_excerpt":"Az\u0259rbaycan xalq\u0131 b\u00f6y\u00fck xalqd\u0131r, q\u0259dim xalqd\u0131r, istedadl\u0131 xalqd\u0131r. ARANTV.AZ\u00a0 AZ\u018fRTAC-a istinad\u0259n bildirir ki,\u00a0bunu Prezident \u0130lham \u018fliyev mart\u0131n 3-d\u0259 \u015eahin Seyidzad\u0259ni &#8220;\u0130\u00e7\u0259ri\u015f\u0259h\u0259r&#8221; D\u00f6vl\u0259t Tarix-Memarl\u0131q Qoru\u011fu \u0130dar\u0259sinin \u0130dar\u0259 Hey\u0259tinin s\u0259dri v\u0259zif\u0259sin\u0259 t\u0259yin olunmas\u0131 il\u0259 \u0259laq\u0259dar videoformatda q\u0259bul ed\u0259rk\u0259n deyib. D\u00f6vl\u0259t ba\u015f\u00e7\u0131s\u0131 bildirib: &#8220;\u0130\u00e7\u0259ri\u015f\u0259h\u0259r Bak\u0131 \u015f\u0259h\u0259rinin \u00f6z\u0259yidir. Bak\u0131 \u015f\u0259h\u0259rini \u0130\u00e7\u0259ri\u015f\u0259h\u0259rsiz t\u0259s\u0259vv\u00fcr etm\u0259k m\u00fcmk\u00fcn deyil. Ancaq inzibati b\u00f6lg\u00fc n\u00f6qteyi-n\u0259z\u0259rd\u0259n&hellip;","_links":{"self":[{"href":"https:\/\/arantv.az\/index.php?rest_route=\/wp\/v2\/posts\/447153"}],"collection":[{"href":"https:\/\/arantv.az\/index.php?rest_route=\/wp\/v2\/posts"}],"about":[{"href":"https:\/\/arantv.az\/index.php?rest_route=\/wp\/v2\/types\/post"}],"author":[{"embeddable":true,"href":"https:\/\/arantv.az\/index.php?rest_route=\/wp\/v2\/users\/2"}],"replies":[{"embeddable":true,"href":"https:\/\/arantv.az\/index.php?rest_route=%2Fwp%2Fv2%2Fcomments&post=447153"}],"version-history":[{"count":0,"href":"https:\/\/arantv.az\/index.php?rest_route=\/wp\/v2\/posts\/447153\/revisions"}],"wp:featuredmedia":[{"embeddable":true,"href":"https:\/\/arantv.az\/index.php?rest_route=\/wp\/v2\/media\/447144"}],"wp:attachment":[{"href":"https:\/\/arantv.az\/index.php?rest_route=%2Fwp%2Fv2%2Fmedia&parent=447153"}],"wp:term":[{"taxonomy":"category","embeddable":true,"href":"https:\/\/arantv.az\/index.php?rest_route=%2Fwp%2Fv2%2Fcategories&post=447153"},{"taxonomy":"post_tag","embeddable":true,"href":"https:\/\/arantv.az\/index.php?rest_route=%2Fwp%2Fv2%2Ftags&post=447153"}],"curies":[{"name":"wp","href":"https:\/\/api.w.org\/{rel}","templated":true}]}}