{"id":447225,"date":"2022-03-03T14:07:15","date_gmt":"2022-03-03T11:07:15","guid":{"rendered":"http:\/\/arantv.az\/?p=447225"},"modified":"2022-03-03T14:07:15","modified_gmt":"2022-03-03T11:07:15","slug":"daha-200-az%c9%99rbaycanli-odessadan-moldova-s%c9%99rh%c9%99din%c9%99-yola-salinib","status":"publish","type":"post","link":"https:\/\/arantv.az\/?p=447225","title":{"rendered":"Daha 200 az\u0259rbaycanl\u0131 Odessadan Moldova s\u0259rh\u0259din\u0259 yola sal\u0131n\u0131b"},"content":{"rendered":"<p>\u201cDaha 200 az\u0259rbaycanl\u0131 Odessadan Moldova s\u0259rh\u0259din\u0259 yola sal\u0131n\u0131b\u201d.<\/p>\n<p><strong>ARANTV.AZ\u00a0 x\u0259b\u0259r verir ki,<\/strong>\u00a0bu bar\u0259d\u0259 &#8220;Birlik&#8221; Odessa az\u0259rbaycanl\u0131lar\u0131 Diaspora t\u0259\u015fkilat\u0131n\u0131n r\u0259hb\u0259rl\u0259rind\u0259n biri olan Anar Natiqo\u011flu bildirib.<\/p>\n<p>\u201cBirlik&#8221; Odessa diaspor t\u0259\u015fkilat\u0131 olaraq Az\u0259rbaycan Respublikas\u0131 Diasporla i\u015f \u00fczr\u0259 D\u00f6vl\u0259t komit\u0259sinin d\u0259st\u0259yi il\u0259 bu g\u00fcn daha 200-\u0259 yax\u0131n soyda\u015f\u0131m\u0131z\u0131 \u015f\u0259h\u0259rimizd\u0259n Moldova s\u0259rh\u0259din\u0259 t\u0259xliy\u0259sini u\u011furla ba\u015fa \u00e7atd\u0131rd\u0131q. Tanr\u0131 d\u00f6vl\u0259timizi, mill\u0259timizi var el\u0259sin\u201d, &#8211; o vur\u011fulay\u0131b.<\/p>\n<p>Qeyd ed\u0259k ki, indiy\u0259 q\u0259d\u0259r 220-d\u0259n \u00e7ox v\u0259t\u0259nda\u015f\u0131m\u0131z Odessadan t\u0259xliy\u0259 edilib.<\/p>\n","protected":false},"excerpt":{"rendered":"<p>\u201cDaha 200 az\u0259rbaycanl\u0131 Odessadan Moldova s\u0259rh\u0259din\u0259 yola sal\u0131n\u0131b\u201d. ARANTV.AZ\u00a0 x\u0259b\u0259r verir ki,\u00a0bu bar\u0259d\u0259 &#8220;Birlik&#8221; Odessa az\u0259rbaycanl\u0131lar\u0131 Diaspora t\u0259\u015fkilat\u0131n\u0131n r\u0259hb\u0259rl\u0259rind\u0259n biri olan Anar Natiqo\u011flu bildirib. \u201cBirlik&#8221; Odessa diaspor t\u0259\u015fkilat\u0131 olaraq Az\u0259rbaycan Respublikas\u0131 Diasporla i\u015f \u00fczr\u0259 D\u00f6vl\u0259t komit\u0259sinin d\u0259st\u0259yi il\u0259 bu g\u00fcn daha 200-\u0259 yax\u0131n soyda\u015f\u0131m\u0131z\u0131 \u015f\u0259h\u0259rimizd\u0259n Moldova s\u0259rh\u0259din\u0259 t\u0259xliy\u0259sini u\u011furla ba\u015fa \u00e7atd\u0131rd\u0131q. Tanr\u0131 d\u00f6vl\u0259timizi, mill\u0259timizi var el\u0259sin\u201d, &#8211; o vur\u011fulay\u0131b. Qeyd ed\u0259k ki, indiy\u0259 q\u0259d\u0259r 220-d\u0259n \u00e7ox v\u0259t\u0259nda\u015f\u0131m\u0131z Odessadan t\u0259xliy\u0259 edilib.<\/p>\n","protected":false},"author":2,"featured_media":447226,"comment_status":"closed","ping_status":"closed","sticky":false,"template":"","format":"standard","meta":{"om_disable_all_campaigns":false,"_monsterinsights_skip_tracking":false,"_monsterinsights_sitenote_active":false,"_monsterinsights_sitenote_note":"","_monsterinsights_sitenote_category":0},"categories":[1],"tags":[],"aioseo_notices":[],"gutentor_comment":0,"rttpg_featured_image_url":{"full":["https:\/\/arantv.az\/wp-content\/uploads\/2022\/03\/b1b0432c164630143881559969510301388.jpg",975,540,false],"landscape":["https:\/\/arantv.az\/wp-content\/uploads\/2022\/03\/b1b0432c164630143881559969510301388.jpg",975,540,false],"portraits":["https:\/\/arantv.az\/wp-content\/uploads\/2022\/03\/b1b0432c164630143881559969510301388.jpg",975,540,false],"thumbnail":["https:\/\/arantv.az\/wp-content\/uploads\/2022\/03\/b1b0432c164630143881559969510301388-500x280.jpg",500,280,true],"medium":["https:\/\/arantv.az\/wp-content\/uploads\/2022\/03\/b1b0432c164630143881559969510301388-660x365.jpg",660,365,true],"large":["https:\/\/arantv.az\/wp-content\/uploads\/2022\/03\/b1b0432c164630143881559969510301388-840x465.jpg",640,354,true],"1536x1536":["https:\/\/arantv.az\/wp-content\/uploads\/2022\/03\/b1b0432c164630143881559969510301388.jpg",975,540,false],"2048x2048":["https:\/\/arantv.az\/wp-content\/uploads\/2022\/03\/b1b0432c164630143881559969510301388.jpg",975,540,false],"post-thumbnail":["https:\/\/arantv.az\/wp-content\/uploads\/2022\/03\/b1b0432c164630143881559969510301388-240x172.jpg",240,172,true],"advps-thumb-one":["https:\/\/arantv.az\/wp-content\/uploads\/2022\/03\/b1b0432c164630143881559969510301388.jpg",975,540,false]},"rttpg_author":{"display_name":"V\u00fcsal Rafiqo\u011flu","author_link":"https:\/\/arantv.az\/?author=2"},"rttpg_comment":0,"rttpg_category":"<a href=\"https:\/\/arantv.az\/?cat=1\" rel=\"category\">C\u0259miyy\u0259t<\/a>","rttpg_excerpt":"\u201cDaha 200 az\u0259rbaycanl\u0131 Odessadan Moldova s\u0259rh\u0259din\u0259 yola sal\u0131n\u0131b\u201d. ARANTV.AZ\u00a0 x\u0259b\u0259r verir ki,\u00a0bu bar\u0259d\u0259 &#8220;Birlik&#8221; Odessa az\u0259rbaycanl\u0131lar\u0131 Diaspora t\u0259\u015fkilat\u0131n\u0131n r\u0259hb\u0259rl\u0259rind\u0259n biri olan Anar Natiqo\u011flu bildirib. \u201cBirlik&#8221; Odessa diaspor t\u0259\u015fkilat\u0131 olaraq Az\u0259rbaycan Respublikas\u0131 Diasporla i\u015f \u00fczr\u0259 D\u00f6vl\u0259t komit\u0259sinin d\u0259st\u0259yi il\u0259 bu g\u00fcn daha 200-\u0259 yax\u0131n soyda\u015f\u0131m\u0131z\u0131 \u015f\u0259h\u0259rimizd\u0259n Moldova s\u0259rh\u0259din\u0259 t\u0259xliy\u0259sini u\u011furla ba\u015fa \u00e7atd\u0131rd\u0131q. Tanr\u0131 d\u00f6vl\u0259timizi, mill\u0259timizi var&hellip;","_links":{"self":[{"href":"https:\/\/arantv.az\/index.php?rest_route=\/wp\/v2\/posts\/447225"}],"collection":[{"href":"https:\/\/arantv.az\/index.php?rest_route=\/wp\/v2\/posts"}],"about":[{"href":"https:\/\/arantv.az\/index.php?rest_route=\/wp\/v2\/types\/post"}],"author":[{"embeddable":true,"href":"https:\/\/arantv.az\/index.php?rest_route=\/wp\/v2\/users\/2"}],"replies":[{"embeddable":true,"href":"https:\/\/arantv.az\/index.php?rest_route=%2Fwp%2Fv2%2Fcomments&post=447225"}],"version-history":[{"count":0,"href":"https:\/\/arantv.az\/index.php?rest_route=\/wp\/v2\/posts\/447225\/revisions"}],"wp:featuredmedia":[{"embeddable":true,"href":"https:\/\/arantv.az\/index.php?rest_route=\/wp\/v2\/media\/447226"}],"wp:attachment":[{"href":"https:\/\/arantv.az\/index.php?rest_route=%2Fwp%2Fv2%2Fmedia&parent=447225"}],"wp:term":[{"taxonomy":"category","embeddable":true,"href":"https:\/\/arantv.az\/index.php?rest_route=%2Fwp%2Fv2%2Fcategories&post=447225"},{"taxonomy":"post_tag","embeddable":true,"href":"https:\/\/arantv.az\/index.php?rest_route=%2Fwp%2Fv2%2Ftags&post=447225"}],"curies":[{"name":"wp","href":"https:\/\/api.w.org\/{rel}","templated":true}]}}