{"id":447241,"date":"2022-03-03T14:55:47","date_gmt":"2022-03-03T11:55:47","guid":{"rendered":"http:\/\/arantv.az\/?p=447241"},"modified":"2022-03-03T14:55:47","modified_gmt":"2022-03-03T11:55:47","slug":"yeni-az%c9%99rbaycan-partiyasi-sumqayit-s%c9%99h%c9%99r-t%c9%99skilatinin-s%c9%99dri-ictimaiyy%c9%99t%c9%99-t%c9%99qdim-edilib-foto","status":"publish","type":"post","link":"https:\/\/arantv.az\/?p=447241","title":{"rendered":"Yeni Az\u0259rbaycan Partiyas\u0131 Sumqay\u0131t \u015f\u0259h\u0259r t\u0259\u015fkilat\u0131n\u0131n s\u0259dri ictimaiyy\u0259t\u0259 t\u0259qdim edilib &#8211; FOTO"},"content":{"rendered":"<p>Yeni Az\u0259rbaycan Partiyas\u0131 Sumqay\u0131t \u015f\u0259h\u0259r t\u0259\u015fkilat\u0131n\u0131n s\u0259dri Ramiz H\u00fcseynovun \u015f\u0259h\u0259r ictimaiyy\u0259tin\u0259 t\u0259qdimat\u0131 ke\u00e7irilib.<\/p>\n<p>T\u0259dbir\u0259 ba\u015flamazdan \u0259vv\u0259l Sumqay\u0131t \u015f\u0259h\u0259r ictimaiyy\u0259tinin n\u00fcmay\u0259nd\u0259l\u0259ri il\u0259 birlikd\u0259 m\u00fcasir m\u00fcst\u0259qil Az\u0259rbaycan\u0131n memar\u0131 v\u0259 qurucusu, YAP-\u0131n yarad\u0131c\u0131s\u0131, xalq\u0131m\u0131z\u0131n \u00dcmummilli Lideri Heyd\u0259r \u018fliyevin abid\u0259sini ziyar\u0259t etdik, abid\u0259nin \u00f6n\u00fcn\u0259 g\u00fcll\u0259r d\u00fcz\u0259r\u0259k xatir\u0259sini ehtiramla yad edilib.<\/p>\n<div class=\"AdviadNativeVideo\"><\/div>\n<p>Daha sonra Yeni Az\u0259rbaycan Partiyas\u0131 Sumqay\u0131t \u015f\u0259h\u0259r t\u0259\u015fkilat\u0131n\u0131n inzibati binas\u0131nda Ramiz H\u00fcseynov idar\u0259, m\u00fc\u0259ssis\u0259, t\u0259\u015fkilat r\u0259hb\u0259rl\u0259ri v\u0259 ictimaiyy\u0259t n\u00fcmay\u0259nd\u0259l\u0259rin\u0259 t\u0259qdim edilib.<\/p>\n<p>Ke\u00e7iril\u0259n t\u0259qdimatda \u00e7\u0131x\u0131\u015f ed\u0259r\u0259k\u00a0 Ramiz H\u00fcseynov Yeni Az\u0259rbaycan Partiyas\u0131n\u0131n n\u0259inki \u00f6lk\u0259mizin, h\u0259tta regionun-C\u0259nubi Qafqaz\u0131n \u0259n iri v\u0259 sayca \u0259n \u00e7ox \u00fczv\u00fc olan partiyas\u0131 oldu\u011funu v\u0259 bu bax\u0131mdan \u00fcz\u0259rimiz\u0259 g\u0259l\u0259c\u0259k n\u0259sill\u0259r\u0259 sa\u011flam c\u0259miyy\u0259tin \u00f6t\u00fcr\u00fclm\u0259si kimi m\u00fch\u00fcm v\u0259zif\u0259nin d\u00fc\u015fd\u00fcy\u00fcn\u00fc t\u0259dbir i\u015ftirak\u00e7\u0131lar\u0131n\u0131n diqq\u0259tin\u0259 \u00e7atd\u0131r\u0131b.<\/p>\n<p>Eyni zamanda partiyan\u0131n pandemiya d\u00f6vr\u00fc azt\u0259minatl\u0131 ail\u0259l\u0259r\u0259 g\u00f6st\u0259rdiyi d\u0259st\u0259k, h\u0259yata ke\u00e7irdiyi maarifl\u0259ndirici t\u0259dbirl\u0259rd\u0259n s\u00f6z a\u00e7\u0131l\u0131b. \u00d6lk\u0259mizd\u0259 son ill\u0259r h\u0259yata ke\u00e7iril\u0259n islahatlar hakimiyy\u0259tin b\u00fct\u00fcn sah\u0259l\u0259rind\u0259 oldu\u011fu kimi hakim partiyan\u0131n i\u015fin\u0259 d\u0259 \u00f6z t\u00f6vf\u0259sini verdiyini v\u0259 bu bax\u0131mdan h\u0259r birimizin f\u0259aliyy\u0259ti keyfiyy\u0259tc\u0259 yeni m\u0259rh\u0259l\u0259y\u0259 ke\u00e7id ald\u0131\u011f\u0131 qeyd edilib.<\/p>\n<p>&nbsp;<\/p>\n<div class=\"gallery\">\n<div class=\"gallery-i\"><img src=\"https:\/\/cdn.oxu.az\/uploads\/W1siZiIsIjIwMjIvMDMvMDMvMTUvNDUvMzUvMDQwNTVkYTktMGQzNy00MDI3LWExYmYtZWVjNDQ3OTAyMTFmL2Y2LmpwZyJdLFsicCIsImVuY29kZSIsImpwZyIsIi1xdWFsaXR5IDgwIl0sWyJwIiwidGh1bWIiLCI1OTB4NTkwXHUwMDNlIl1d?sha=cbccb915a7d3efc7\" alt=\"\" \/><\/p>\n<div class=\"gallery-i-caption\"><\/div>\n<\/div>\n<div class=\"gallery-i\"><img src=\"https:\/\/cdn.oxu.az\/uploads\/W1siZiIsIjIwMjIvMDMvMDMvMTUvNDUvMzUvNDQyY2QwOGItZThmMS00MTAxLWFlZWQtNTVjODczMGRhN2JhL2Y1LmpwZyJdLFsicCIsImVuY29kZSIsImpwZyIsIi1xdWFsaXR5IDgwIl0sWyJwIiwidGh1bWIiLCI1OTB4NTkwXHUwMDNlIl1d?sha=fbffdc0331ca48c0\" alt=\"\" \/><\/p>\n<div class=\"gallery-i-caption\"><\/div>\n<\/div>\n<div class=\"gallery-i\"><img src=\"https:\/\/cdn.oxu.az\/uploads\/W1siZiIsIjIwMjIvMDMvMDMvMTUvNDUvMzUvOTZkY2I4NWYtNDk1Ni00OWU0LWFhZTAtYzcyOWFkYjdlYjAzL2Y0LmpwZyJdLFsicCIsImVuY29kZSIsImpwZyIsIi1xdWFsaXR5IDgwIl0sWyJwIiwidGh1bWIiLCI1OTB4NTkwXHUwMDNlIl1d?sha=cb8ab760d8a58d8a\" alt=\"\" \/><\/p>\n<div class=\"gallery-i-caption\"><\/div>\n<\/div>\n<div class=\"gallery-i\"><img src=\"https:\/\/cdn.oxu.az\/uploads\/W1siZiIsIjIwMjIvMDMvMDMvMTUvNDUvMzUvNzQwMmNkYjUtMTA5Ny00ZDQ3LWJiMGEtOTgxNWFmZDQ5MGMyL2YzLmpwZyJdLFsicCIsImVuY29kZSIsImpwZyIsIi1xdWFsaXR5IDgwIl0sWyJwIiwidGh1bWIiLCI1OTB4NTkwXHUwMDNlIl1d?sha=9675fe0bb79792f2\" alt=\"\" \/><\/p>\n<div class=\"gallery-i-caption\"><\/div>\n<\/div>\n<div class=\"gallery-i\"><img src=\"https:\/\/cdn.oxu.az\/uploads\/W1siZiIsIjIwMjIvMDMvMDMvMTUvNDUvMzUvMjAwNDViNmUtZTlhOS00ZjI1LWE4NTctODAzNmI2YTBhMDA0L2YyLmpwZyJdLFsicCIsImVuY29kZSIsImpwZyIsIi1xdWFsaXR5IDgwIl0sWyJwIiwidGh1bWIiLCI1OTB4NTkwXHUwMDNlIl1d?sha=dd402eea3e6a1b4b\" alt=\"\" \/><\/p>\n<div class=\"gallery-i-caption\"><\/div>\n<\/div>\n<div class=\"gallery-i\"><img src=\"https:\/\/cdn.oxu.az\/uploads\/W1siZiIsIjIwMjIvMDMvMDMvMTUvNDUvMzYvMTI0ZDRmZWEtZGQ3OS00NzgzLTlmNjAtZDJjMzRlMjA4YjAzL2YxLmpwZyJdLFsicCIsImVuY29kZSIsImpwZyIsIi1xdWFsaXR5IDgwIl0sWyJwIiwidGh1bWIiLCI1OTB4NTkwXHUwMDNlIl1d?sha=4107f980277e4a33\" alt=\"\" \/><\/div>\n<\/div>\n","protected":false},"excerpt":{"rendered":"<p>Yeni Az\u0259rbaycan Partiyas\u0131 Sumqay\u0131t \u015f\u0259h\u0259r t\u0259\u015fkilat\u0131n\u0131n s\u0259dri Ramiz H\u00fcseynovun \u015f\u0259h\u0259r ictimaiyy\u0259tin\u0259 t\u0259qdimat\u0131 ke\u00e7irilib. T\u0259dbir\u0259 ba\u015flamazdan \u0259vv\u0259l Sumqay\u0131t \u015f\u0259h\u0259r ictimaiyy\u0259tinin n\u00fcmay\u0259nd\u0259l\u0259ri il\u0259 birlikd\u0259 m\u00fcasir m\u00fcst\u0259qil Az\u0259rbaycan\u0131n memar\u0131 v\u0259 qurucusu, YAP-\u0131n yarad\u0131c\u0131s\u0131, xalq\u0131m\u0131z\u0131n \u00dcmummilli Lideri Heyd\u0259r \u018fliyevin abid\u0259sini ziyar\u0259t etdik, abid\u0259nin \u00f6n\u00fcn\u0259 g\u00fcll\u0259r d\u00fcz\u0259r\u0259k xatir\u0259sini ehtiramla yad edilib. Daha sonra Yeni Az\u0259rbaycan Partiyas\u0131 Sumqay\u0131t \u015f\u0259h\u0259r t\u0259\u015fkilat\u0131n\u0131n inzibati binas\u0131nda Ramiz H\u00fcseynov idar\u0259, m\u00fc\u0259ssis\u0259, t\u0259\u015fkilat r\u0259hb\u0259rl\u0259ri v\u0259 ictimaiyy\u0259t n\u00fcmay\u0259nd\u0259l\u0259rin\u0259 t\u0259qdim edilib. Ke\u00e7iril\u0259n t\u0259qdimatda \u00e7\u0131x\u0131\u015f ed\u0259r\u0259k\u00a0 Ramiz H\u00fcseynov Yeni Az\u0259rbaycan Partiyas\u0131n\u0131n n\u0259inki \u00f6lk\u0259mizin, h\u0259tta regionun-C\u0259nubi Qafqaz\u0131n \u0259n iri v\u0259 sayca \u0259n \u00e7ox \u00fczv\u00fc olan partiyas\u0131&hellip;<\/p>\n","protected":false},"author":2,"featured_media":447242,"comment_status":"closed","ping_status":"closed","sticky":false,"template":"","format":"standard","meta":{"om_disable_all_campaigns":false,"_monsterinsights_skip_tracking":false,"_monsterinsights_sitenote_active":false,"_monsterinsights_sitenote_note":"","_monsterinsights_sitenote_category":0},"categories":[4],"tags":[],"aioseo_notices":[],"gutentor_comment":0,"rttpg_featured_image_url":{"full":["https:\/\/arantv.az\/wp-content\/uploads\/2022\/03\/FotoJet-34.jpg",620,416,false],"landscape":["https:\/\/arantv.az\/wp-content\/uploads\/2022\/03\/FotoJet-34.jpg",620,416,false],"portraits":["https:\/\/arantv.az\/wp-content\/uploads\/2022\/03\/FotoJet-34.jpg",620,416,false],"thumbnail":["https:\/\/arantv.az\/wp-content\/uploads\/2022\/03\/FotoJet-34-500x280.jpg",500,280,true],"medium":["https:\/\/arantv.az\/wp-content\/uploads\/2022\/03\/FotoJet-34-544x365.jpg",544,365,true],"large":["https:\/\/arantv.az\/wp-content\/uploads\/2022\/03\/FotoJet-34.jpg",620,416,false],"1536x1536":["https:\/\/arantv.az\/wp-content\/uploads\/2022\/03\/FotoJet-34.jpg",620,416,false],"2048x2048":["https:\/\/arantv.az\/wp-content\/uploads\/2022\/03\/FotoJet-34.jpg",620,416,false],"post-thumbnail":["https:\/\/arantv.az\/wp-content\/uploads\/2022\/03\/FotoJet-34-240x172.jpg",240,172,true],"advps-thumb-one":["https:\/\/arantv.az\/wp-content\/uploads\/2022\/03\/FotoJet-34.jpg",620,416,false]},"rttpg_author":{"display_name":"V\u00fcsal Rafiqo\u011flu","author_link":"https:\/\/arantv.az\/?author=2"},"rttpg_comment":0,"rttpg_category":"<a href=\"https:\/\/arantv.az\/?cat=4\" rel=\"category\">Siyas\u0259t<\/a>","rttpg_excerpt":"Yeni Az\u0259rbaycan Partiyas\u0131 Sumqay\u0131t \u015f\u0259h\u0259r t\u0259\u015fkilat\u0131n\u0131n s\u0259dri Ramiz H\u00fcseynovun \u015f\u0259h\u0259r ictimaiyy\u0259tin\u0259 t\u0259qdimat\u0131 ke\u00e7irilib. T\u0259dbir\u0259 ba\u015flamazdan \u0259vv\u0259l Sumqay\u0131t \u015f\u0259h\u0259r ictimaiyy\u0259tinin n\u00fcmay\u0259nd\u0259l\u0259ri il\u0259 birlikd\u0259 m\u00fcasir m\u00fcst\u0259qil Az\u0259rbaycan\u0131n memar\u0131 v\u0259 qurucusu, YAP-\u0131n yarad\u0131c\u0131s\u0131, xalq\u0131m\u0131z\u0131n \u00dcmummilli Lideri Heyd\u0259r \u018fliyevin abid\u0259sini ziyar\u0259t etdik, abid\u0259nin \u00f6n\u00fcn\u0259 g\u00fcll\u0259r d\u00fcz\u0259r\u0259k xatir\u0259sini ehtiramla yad edilib. Daha sonra Yeni Az\u0259rbaycan Partiyas\u0131 Sumqay\u0131t \u015f\u0259h\u0259r t\u0259\u015fkilat\u0131n\u0131n inzibati&hellip;","_links":{"self":[{"href":"https:\/\/arantv.az\/index.php?rest_route=\/wp\/v2\/posts\/447241"}],"collection":[{"href":"https:\/\/arantv.az\/index.php?rest_route=\/wp\/v2\/posts"}],"about":[{"href":"https:\/\/arantv.az\/index.php?rest_route=\/wp\/v2\/types\/post"}],"author":[{"embeddable":true,"href":"https:\/\/arantv.az\/index.php?rest_route=\/wp\/v2\/users\/2"}],"replies":[{"embeddable":true,"href":"https:\/\/arantv.az\/index.php?rest_route=%2Fwp%2Fv2%2Fcomments&post=447241"}],"version-history":[{"count":0,"href":"https:\/\/arantv.az\/index.php?rest_route=\/wp\/v2\/posts\/447241\/revisions"}],"wp:featuredmedia":[{"embeddable":true,"href":"https:\/\/arantv.az\/index.php?rest_route=\/wp\/v2\/media\/447242"}],"wp:attachment":[{"href":"https:\/\/arantv.az\/index.php?rest_route=%2Fwp%2Fv2%2Fmedia&parent=447241"}],"wp:term":[{"taxonomy":"category","embeddable":true,"href":"https:\/\/arantv.az\/index.php?rest_route=%2Fwp%2Fv2%2Fcategories&post=447241"},{"taxonomy":"post_tag","embeddable":true,"href":"https:\/\/arantv.az\/index.php?rest_route=%2Fwp%2Fv2%2Ftags&post=447241"}],"curies":[{"name":"wp","href":"https:\/\/api.w.org\/{rel}","templated":true}]}}