{"id":447250,"date":"2022-03-03T15:13:01","date_gmt":"2022-03-03T12:13:01","guid":{"rendered":"http:\/\/arantv.az\/?p=447250"},"modified":"2022-03-03T15:13:01","modified_gmt":"2022-03-03T12:13:01","slug":"buca-s%c9%99h%c9%99ri-rusiya-h%c9%99rbcil%c9%99rind%c9%99n-geri-alindi-video","status":"publish","type":"post","link":"https:\/\/arantv.az\/?p=447250","title":{"rendered":"Bu\u00e7a \u015f\u0259h\u0259ri Rusiya h\u0259rb\u00e7il\u0259rind\u0259n geri al\u0131nd\u0131 &#8211; V\u0130DEO"},"content":{"rendered":"<p>Ukrayna ordusu Kiyev vilay\u0259tinin Bu\u00e7a \u015f\u0259h\u0259rini Rusiya h\u0259rb\u00e7il\u0259rind\u0259n geri al\u0131b v\u0259 yerli \u015f\u0259h\u0259r \u015furas\u0131 yax\u0131nl\u0131\u011f\u0131nda Ukrayna bayra\u011f\u0131\u00a0qald\u0131r\u0131l\u0131b.<\/p>\n<div class=\"AdviadNativeVideo\"><\/div>\n<p>Ukraynan\u0131n Quru Qo\u015funlar\u0131 hadis\u0259nin g\u00f6r\u00fcnt\u00fcl\u0259rini yay\u0131b.<\/p>\n<p>\u201cBu\u00e7a \u015f\u0259h\u0259ri mart\u0131n 3-d\u0259&#8230; \u015e\u0259h\u0259rin \u00fcz\u0259rind\u0259 Ukrayna bayra\u011f\u0131n\u0131 qald\u0131r\u0131r\u0131q\u201d, &#8211; dey\u0259 h\u0259rb\u00e7il\u0259r bildirib.<\/p>\n<div><iframe loading=\"lazy\" src=\"https:\/\/player.baku.tv\/embed\/51167\" width=\"560\" height=\"315\" frameborder=\"0\" allowfullscreen=\"allowfullscreen\" data-mce-fragment=\"1\"><\/iframe><\/div>\n<p>M\u0259nb\u0259: Segodnya<\/p>\n","protected":false},"excerpt":{"rendered":"<p>Ukrayna ordusu Kiyev vilay\u0259tinin Bu\u00e7a \u015f\u0259h\u0259rini Rusiya h\u0259rb\u00e7il\u0259rind\u0259n geri al\u0131b v\u0259 yerli \u015f\u0259h\u0259r \u015furas\u0131 yax\u0131nl\u0131\u011f\u0131nda Ukrayna bayra\u011f\u0131\u00a0qald\u0131r\u0131l\u0131b. Ukraynan\u0131n Quru Qo\u015funlar\u0131 hadis\u0259nin g\u00f6r\u00fcnt\u00fcl\u0259rini yay\u0131b. \u201cBu\u00e7a \u015f\u0259h\u0259ri mart\u0131n 3-d\u0259&#8230; \u015e\u0259h\u0259rin \u00fcz\u0259rind\u0259 Ukrayna bayra\u011f\u0131n\u0131 qald\u0131r\u0131r\u0131q\u201d, &#8211; dey\u0259 h\u0259rb\u00e7il\u0259r bildirib. M\u0259nb\u0259: Segodnya<\/p>\n","protected":false},"author":2,"featured_media":447251,"comment_status":"closed","ping_status":"closed","sticky":false,"template":"","format":"standard","meta":{"om_disable_all_campaigns":false,"_monsterinsights_skip_tracking":false,"_monsterinsights_sitenote_active":false,"_monsterinsights_sitenote_note":"","_monsterinsights_sitenote_category":0},"categories":[7],"tags":[],"aioseo_notices":[],"gutentor_comment":0,"rttpg_featured_image_url":{"full":["https:\/\/arantv.az\/wp-content\/uploads\/2022\/03\/FotoJet-2022-03-03T155118.152.jpg",620,413,false],"landscape":["https:\/\/arantv.az\/wp-content\/uploads\/2022\/03\/FotoJet-2022-03-03T155118.152.jpg",620,413,false],"portraits":["https:\/\/arantv.az\/wp-content\/uploads\/2022\/03\/FotoJet-2022-03-03T155118.152.jpg",620,413,false],"thumbnail":["https:\/\/arantv.az\/wp-content\/uploads\/2022\/03\/FotoJet-2022-03-03T155118.152-500x280.jpg",500,280,true],"medium":["https:\/\/arantv.az\/wp-content\/uploads\/2022\/03\/FotoJet-2022-03-03T155118.152-548x365.jpg",548,365,true],"large":["https:\/\/arantv.az\/wp-content\/uploads\/2022\/03\/FotoJet-2022-03-03T155118.152.jpg",620,413,false],"1536x1536":["https:\/\/arantv.az\/wp-content\/uploads\/2022\/03\/FotoJet-2022-03-03T155118.152.jpg",620,413,false],"2048x2048":["https:\/\/arantv.az\/wp-content\/uploads\/2022\/03\/FotoJet-2022-03-03T155118.152.jpg",620,413,false],"post-thumbnail":["https:\/\/arantv.az\/wp-content\/uploads\/2022\/03\/FotoJet-2022-03-03T155118.152-240x172.jpg",240,172,true],"advps-thumb-one":["https:\/\/arantv.az\/wp-content\/uploads\/2022\/03\/FotoJet-2022-03-03T155118.152.jpg",620,413,false]},"rttpg_author":{"display_name":"V\u00fcsal Rafiqo\u011flu","author_link":"https:\/\/arantv.az\/?author=2"},"rttpg_comment":0,"rttpg_category":"<a href=\"https:\/\/arantv.az\/?cat=7\" rel=\"category\">D\u00fcnya<\/a>","rttpg_excerpt":"Ukrayna ordusu Kiyev vilay\u0259tinin Bu\u00e7a \u015f\u0259h\u0259rini Rusiya h\u0259rb\u00e7il\u0259rind\u0259n geri al\u0131b v\u0259 yerli \u015f\u0259h\u0259r \u015furas\u0131 yax\u0131nl\u0131\u011f\u0131nda Ukrayna bayra\u011f\u0131\u00a0qald\u0131r\u0131l\u0131b. Ukraynan\u0131n Quru Qo\u015funlar\u0131 hadis\u0259nin g\u00f6r\u00fcnt\u00fcl\u0259rini yay\u0131b. \u201cBu\u00e7a \u015f\u0259h\u0259ri mart\u0131n 3-d\u0259&#8230; \u015e\u0259h\u0259rin \u00fcz\u0259rind\u0259 Ukrayna bayra\u011f\u0131n\u0131 qald\u0131r\u0131r\u0131q\u201d, &#8211; dey\u0259 h\u0259rb\u00e7il\u0259r bildirib. M\u0259nb\u0259: Segodnya","_links":{"self":[{"href":"https:\/\/arantv.az\/index.php?rest_route=\/wp\/v2\/posts\/447250"}],"collection":[{"href":"https:\/\/arantv.az\/index.php?rest_route=\/wp\/v2\/posts"}],"about":[{"href":"https:\/\/arantv.az\/index.php?rest_route=\/wp\/v2\/types\/post"}],"author":[{"embeddable":true,"href":"https:\/\/arantv.az\/index.php?rest_route=\/wp\/v2\/users\/2"}],"replies":[{"embeddable":true,"href":"https:\/\/arantv.az\/index.php?rest_route=%2Fwp%2Fv2%2Fcomments&post=447250"}],"version-history":[{"count":0,"href":"https:\/\/arantv.az\/index.php?rest_route=\/wp\/v2\/posts\/447250\/revisions"}],"wp:featuredmedia":[{"embeddable":true,"href":"https:\/\/arantv.az\/index.php?rest_route=\/wp\/v2\/media\/447251"}],"wp:attachment":[{"href":"https:\/\/arantv.az\/index.php?rest_route=%2Fwp%2Fv2%2Fmedia&parent=447250"}],"wp:term":[{"taxonomy":"category","embeddable":true,"href":"https:\/\/arantv.az\/index.php?rest_route=%2Fwp%2Fv2%2Fcategories&post=447250"},{"taxonomy":"post_tag","embeddable":true,"href":"https:\/\/arantv.az\/index.php?rest_route=%2Fwp%2Fv2%2Ftags&post=447250"}],"curies":[{"name":"wp","href":"https:\/\/api.w.org\/{rel}","templated":true}]}}