{"id":447503,"date":"2022-03-04T09:44:18","date_gmt":"2022-03-04T06:44:18","guid":{"rendered":"http:\/\/arantv.az\/?p=447503"},"modified":"2022-03-04T09:44:18","modified_gmt":"2022-03-04T06:44:18","slug":"%c9%99liabbas-salahzad%c9%99-milli-maraqlarin-qorunmasi-yap-in-f%c9%99aliyy%c9%99t-strategiyasinin-%c9%99sas-prioritetidir","status":"publish","type":"post","link":"https:\/\/arantv.az\/?p=447503","title":{"rendered":"\u018fliabbas Salahzad\u0259: Milli maraqlar\u0131n qorunmas\u0131 YAP-\u0131n f\u0259aliyy\u0259t strategiyas\u0131n\u0131n \u0259sas prioritetidir"},"content":{"rendered":"<p>Milli M\u0259clisin deputat\u0131 \u018fliabbas Salahzad\u0259 Yeni Az\u0259rbaycan Partiyas\u0131n\u0131n VII qurultay\u0131ndan \u00f6t\u0259n bir ild\u0259 \u00f6lk\u0259mizin v\u0259 partiyan\u0131n h\u0259yat\u0131nda ba\u015f ver\u0259n yenilikl\u0259rd\u0259n b\u0259hs ed\u0259r\u0259k bildirib ki, t\u0259kmill\u0259\u015fm\u0259, yenil\u0259\u015fm\u0259 d\u00f6vl\u0259t siyas\u0259timizin \u0259sas\u0131n\u0131 t\u0259\u015fkil edir: \u201c1993-c\u00fc ild\u0259 ulu \u00f6nd\u0259r Heyd\u0259r \u018fliyevin xalq\u0131n t\u0259kidli t\u0259l\u0259bi il\u0259 hakimiyy\u0259t\u0259 qay\u0131d\u0131\u015f\u0131\u00a0 Az\u0259rbaycan\u0131n, eyni zamanda, \u00dcmummilli Liderin yarad\u0131c\u0131s\u0131 oldu\u011fu Yeni Az\u0259rbaycan Partiyas\u0131n\u0131n h\u0259yat\u0131nda yeni m\u0259rh\u0259l\u0259nin t\u0259m\u0259lini qoydu. D\u00f6vl\u0259t ba\u015f\u00e7\u0131s\u0131, Yeni Az\u0259rbaycan Partiyas\u0131n\u0131n S\u0259dri \u0130lham \u018fliyev VII qurultaydak\u0131 \u00e7\u0131x\u0131\u015f\u0131nda partiyan\u0131n yarad\u0131lmas\u0131n\u0131 \u015f\u0259rtl\u0259ndir\u0259n amill\u0259rd\u0259n, ulu \u00f6nd\u0259r Heyd\u0259r \u018fliyevin xilaskarl\u0131q missiyas\u0131ndan, \u00f6lk\u0259 Prezidenti \u0130lham \u018fliyevin \u00dcmummilli Liderin siyasi kursunu b\u00fct\u00fcn istiqam\u0259tl\u0259rd\u0259 u\u011furla davam etdir\u0259r\u0259k Az\u0259rbaycana tarixi Z\u0259f\u0259rimizin sevincini ya\u015fatmas\u0131ndan b\u0259hs etdi, \u00a0\u00a0qar\u015f\u0131dak\u0131 d\u00f6vr\u00fcn prioritetl\u0259rini a\u00e7\u0131qlad\u0131. Postm\u00fcnaqi\u015f\u0259 d\u00f6vr\u00fcn\u00fcn \u0259sas \u00e7a\u011f\u0131r\u0131\u015flar\u0131ndan biri i\u015f\u011faldan azad edilmi\u015f \u0259razil\u0259rimizd\u0259 b\u0259rpa v\u0259 quruculuq i\u015fl\u0259rinin tezlikl\u0259 ba\u015fa \u00e7atd\u0131r\u0131lmas\u0131 v\u0259 soyda\u015flar\u0131m\u0131z\u0131n B\u00f6y\u00fck Qay\u0131d\u0131\u015f\u0131n\u0131n reall\u0131\u011fa \u00e7evrilm\u0259sidir.\u00a0 Partiyan\u0131n VII qurultay\u0131nda d\u00f6vl\u0259t ba\u015f\u00e7\u0131s\u0131 \u0130lham \u018fliyevin yeni d\u00f6vr\u00fcn yeni reall\u0131qlar\u0131na s\u00f6yk\u0259n\u0259r\u0259k partiyan\u0131n yeni proqram\u0131n\u0131n haz\u0131rlanmas\u0131 v\u0259 t\u0259sdiqi il\u0259 ba\u011fl\u0131 tap\u015f\u0131r\u0131\u011f\u0131na uy\u011fun olaraq \u00f6t\u0259n ilin dekabr\u0131nda YAP \u0130dar\u0259 Hey\u0259tinin q\u0259rar\u0131 il\u0259\u00a0 t\u0259sdiql\u0259n\u0259n\u00a0 yeni proqramda da \u201cPartiyan\u0131n \u0259sas h\u0259d\u0259fl\u0259ri\u201d f\u0259slind\u0259 \u201c\u0130\u015f\u011faldan azad edilmi\u015f \u0259razil\u0259r\u0259 B\u00f6y\u00fck Qay\u0131d\u0131\u015f\u201d b\u00f6lm\u0259si \u00f6z \u0259ksini tap\u0131b.\u201d<\/p>\n<p>\u018fliabbas Salahzad\u0259 qeyd edib ki, ulu \u00f6nd\u0259r Heyd\u0259r \u018fliyevin \u00a0\u0259traf\u0131nda yarad\u0131lm\u0131\u015f Yeni Az\u0259rbaycan Partiyan\u0131n f\u0259aliyy\u0259ti \u00f6lk\u0259d\u0259 siyasi sabitliyin t\u0259min olunmas\u0131na xidm\u0259t edib: \u201c\u00dcmummilli Liderin \u00a0siyasi irsi inki\u015faf\u0131n t\u0259m\u0259lind\u0259 dayanan \u00a0\u0259sas ideoloji amildir. Yarand\u0131\u011f\u0131\u00a0 g\u00fcnd\u0259n \u00fcmumxalq partiyas\u0131 kimi tan\u0131nan v\u0259 n\u00fcfuz qazanan YAP-\u0131n s\u0131ralar\u0131nda bu g\u00fcn 800 min\u0259 yax\u0131n \u00fczv\u00fcn birl\u0259\u015fm\u0259si d\u0259 Heyd\u0259r ideyalar\u0131na sadiqliyin, Prezident \u0130lham \u018fliyevin h\u0259yata ke\u00e7irdiyi siyas\u0259t\u0259 d\u0259st\u0259yin ayd\u0131n ifad\u0259sidir. Ulu \u00d6nd\u0259r Heyd\u0259r \u018fliyevin yorulmaz siyasi f\u0259aliyy\u0259ti ona xalq\u0131n sevgi v\u0259 ehtiram\u0131n\u0131 qazand\u0131rm\u0131\u015fd\u0131r.\u201d<\/p>\n<p>Mill\u0259t v\u0259kili vur\u011fulay\u0131b ki, partiyan\u0131n qurultaylar\u0131nda q\u0259bul olunan q\u0259rarlar \u00f6lk\u0259mizin h\u0259yat\u0131nda yeni m\u0259rh\u0259l\u0259nin ba\u015flanmas\u0131na stimuldur: \u201cYAP-\u0131n VII qurultay\u0131n\u0131n ke\u00e7irilm\u0259si Prezident \u0130lham \u018fliyevin islahatlar siyas\u0259tinin davam\u0131d\u0131r. Yeni Az\u0259rbaycan Partiyas\u0131 daim yenil\u0259\u015fm\u0259y\u0259, t\u0259kmill\u0259\u015fm\u0259y\u0259 b\u00f6y\u00fck \u00f6n\u0259m verir. 2019-cu ilin sonlar\u0131nda partiya \u00f6lk\u0259d\u0259 geni\u015f v\u00fcs\u0259t alan islahatlar prosesinin qanunverici orqanda da \u00f6z \u0259ksini tapmas\u0131 \u00fc\u00e7\u00fcn Milli M\u0259clisin burax\u0131lmas\u0131 v\u0259 n\u00f6vb\u0259d\u0259nk\u0259nar parlament se\u00e7kil\u0259rinin ke\u00e7irilm\u0259si t\u0259\u015f\u0259bb\u00fcs\u00fc il\u0259 \u00e7\u0131x\u0131\u015f etdi. YAP-\u0131n h\u0259r bir t\u0259\u015f\u0259bb\u00fcs\u00fc, q\u0259bul etdiyi h\u0259r bir q\u0259rar d\u00f6vl\u0259timizin inki\u015faf\u0131na, xalq\u0131m\u0131z\u0131n rifah\u0131na xidm\u0259t etdiyi \u00fc\u00e7\u00fcn daim \u00f6lk\u0259 ictimaiyy\u0259ti t\u0259r\u0259find\u0259n b\u00f6y\u00fck d\u0259st\u0259k qazan\u0131r. 2018-ci il prezident v\u0259 2020-ci il parlament se\u00e7kil\u0259rind\u0259n, x\u00fcsus\u0259n d\u0259 2020-ci ild\u0259 \u0130kinci Qaraba\u011f m\u00fcharib\u0259sind\u0259 \u0259ld\u0259 olunmu\u015f Q\u0259l\u0259b\u0259d\u0259n sonra yaranm\u0131\u015f yeni reall\u0131q siyasi islahatlar\u0131n d\u0259rinl\u0259\u015fm\u0259si \u00fc\u00e7\u00fcn z\u0259min yaratm\u015fd\u0131r. Yaranm\u0131\u015f yeni reall\u0131qlar hakim partiyada islahatlar\u0131n apar\u0131lmas\u0131 v\u0259 yeni f\u0259aliyy\u0259t prioritetl\u0259rinin m\u00fc\u0259yy\u0259n olunmas\u0131n\u0131n z\u0259ruriliyini m\u00fc\u0259yy\u0259n etdi.\u201d<\/p>\n<p>\u201cMilli maraqlar\u0131n qorunmas\u0131 YAP-\u0131n f\u0259aliyy\u0259t strategiyas\u0131n\u0131n \u0259sas\u00a0 prioritetidir\u201d s\u00f6yl\u0259y\u0259n \u018fliabbas Salahzad\u0259 qeyd edib ki, Az\u0259rbaycan\u0131n xarici siyas\u0259tinin \u0259sas m\u0259s\u0259l\u0259si bu g\u00fcn tarix\u0259 qovu\u015fan Da\u011fl\u0131q Qaraba\u011f m\u00fcnaqi\u015f\u0259si idi: \u201cD\u00f6vl\u0259t ba\u015f\u00e7\u0131s\u0131 \u0130lham \u018fliyevin vur\u011fulad\u0131\u011f\u0131 kimi, 2003-2020-ci ill\u0259r \u0259razi b\u00fct\u00f6vl\u00fcy\u00fcm\u00fcz\u00fcn b\u0259rpas\u0131na, 30 illik i\u015f\u011fala son qoyulmas\u0131na haz\u0131rl\u0131q d\u00f6vr\u00fc kimi xarakteriz\u0259 olunur. Bu ill\u0259r \u0259rzind\u0259 Az\u0259rbaycan b\u00fct\u00fcn sah\u0259l\u0259rd\u0259 g\u00fccl\u0259ndi, beyn\u0259lxalq d\u0259st\u0259k qazand\u0131. \u00a0Verdiyi v\u0259dl\u0259r\u0259 sadiqliyini onlar\u0131n h\u0259yata ke\u00e7irilm\u0259si istiqam\u0259tind\u0259 atd\u0131\u011f\u0131 add\u0131mlar\u0131 il\u0259 t\u0259sdiql\u0259y\u0259n d\u00f6vl\u0259t ba\u015f\u00e7\u0131s\u0131 \u0130lham \u018fliyevin q\u0259tiyy\u0259ti, ordumuzun r\u0259\u015fad\u0259ti, xalq\u0131m\u0131z\u0131n birliyi say\u0259sind\u0259 torpaqlar\u0131m\u0131z\u0131n i\u015f\u011faldan azad edilm\u0259si v\u0259di d\u0259 reall\u0131\u011fa \u00e7evrildi. M\u00f6ht\u0259r\u0259m Prezidentimiz \u0130lham \u018fliyev ata v\u0259siyy\u0259tini yerin\u0259 yetirdiyi \u00fc\u00e7\u00fcn \u00f6z\u00fcn\u00fc xo\u015fb\u0259xt hiss etdiyini bildirdi.\u201d<\/p>\n<p>Mill\u0259t v\u0259kili onu da vur\u011fulay\u0131b ki, YAP \u00f6lk\u0259nin v\u0259t\u0259np\u0259rv\u0259r, intellektual ehtiyat\u0131 olan yeni g\u0259nc n\u0259slin \u00a0n\u00fcmay\u0259nd\u0259l\u0259rini \u00f6z\u00fcnd\u0259 birl\u0259\u015fdirir: \u201cTorpaqlar\u0131m\u0131z\u0131n azad edilm\u0259sind\u0259 b\u00fct\u00fcn n\u0259sill\u0259rin n\u00fcmay\u0259nd\u0259l\u0259ri u\u011furlu f\u0259aliyy\u0259t g\u00f6st\u0259rib. D\u00f6y\u00fc\u015fd\u0259 i\u015ftirak ed\u0259nl\u0259rin m\u00fctl\u0259q \u0259ks\u0259riyy\u0259ti c\u0259nab \u00a0\u0130lham \u018fliyevin\u00a0 Prezident se\u00e7ildiyi 2003-c\u00fc ild\u0259n bu g\u00fcn\u0259 yeti\u015f\u0259n g\u0259nclikdir. Partiyan\u0131n h\u0259r bir \u00fczv\u00fc, o c\u00fcml\u0259d\u0259n g\u0259ncl\u0259r postm\u00fcnaqi\u015f\u0259 d\u00f6vr\u00fcn\u00fcn reall\u0131qlar\u0131n\u0131n t\u0259bli\u011fin\u0259 \u00a0\u00f6z t\u00f6hf\u0259l\u0259rini verm\u0259y\u0259 s\u0259y g\u00f6st\u0259rirl\u0259r.\u201d<\/p>\n<p>\u018fliabbas Salahzad\u0259\u00a0 Yeni Az\u0259rbaycan Partiyas\u0131n\u0131n VII qurultay\u0131nda q\u0259bul olunmu\u015f q\u0259rarlar\u0131n \u00a0partiyan\u0131n f\u0259aliyy\u0259tind\u0259 keyfiyy\u0259t etibaril\u0259 \u0259h\u0259miyy\u0259tli d\u0259yi\u015fiklikl\u0259r\u0259 s\u0259b\u0259b oldu\u011funu \u00f6n\u0259 \u00e7\u0259k\u0259r\u0259k bildirib ki, m\u00fcasir d\u00f6vr\u00fcn b\u00fct\u00fcn t\u0259l\u0259b v\u0259 \u00e7a\u011f\u0131r\u0131\u015flar\u0131na cavab ver\u0259n partiyan\u0131n yeni Nizamnam\u0259si t\u0259sdiq olundu: \u00a0\u201cPartiya S\u0259drinin Birinci m\u00fcavini v\u0259zif\u0259si t\u0259sis olundu, h\u0259m\u00e7inin partiyan\u0131n strukturuna Veteranlar \u015euras\u0131n\u0131n, G\u0259ncl\u0259r Birliyinin, M\u0259rk\u0259zi Aparat\u0131n, yerli t\u0259\u015fkilatlar\u0131n v\u0259 onlar\u0131n aparatlar\u0131n\u0131n daxil oldu\u011fu t\u0259sbit edildi. Partiyan\u0131n t\u0259sdiql\u0259n\u0259n yeni proqram\u0131nda \u00a0\u0259sas h\u0259d\u0259fl\u0259ri yer al\u0131r: Heyd\u0259r \u018fliyev irsinin t\u0259bli\u011fi v\u0259 t\u0259\u015fviqi; G\u00fccl\u00fc iqtisadiyyat v\u0259 davaml\u0131 inki\u015faf; \u0130nkl\u00fcziv c\u0259miyy\u0259t, \u0259dal\u0259tli sosial t\u0259minat v\u0259 insan kapital\u0131n\u0131n inki\u015faf\u0131; \u015e\u0259ffafl\u0131\u011f\u0131n art\u0131r\u0131lmas\u0131; V\u0259t\u0259nda\u015f c\u0259miyy\u0259tinin inki\u015faf\u0131; Az\u0259rbaycan dili v\u0259 d\u00fcnya az\u0259rbaycanl\u0131lar\u0131n\u0131n h\u0259mr\u0259yliyi; M\u0259d\u0259ni irsin v\u0259 milli-m\u0259n\u0259vi d\u0259y\u0259rl\u0259rin qorunmas\u0131; V\u0259t\u0259nda\u015f h\u0259mr\u0259yliyinin t\u0259minat\u0131; Milli maraqlar v\u0259 xarici siyas\u0259t; Ordu quruculu\u011fu v\u0259 \u00a0\u0130\u015f\u011faldan azad olunmu\u015f \u0259razil\u0259r\u0259 B\u00f6y\u00fck Qay\u0131d\u0131\u015f. \u00dcmumil\u0259\u015fdirilmi\u015f \u015f\u0259kild\u0259 qeyd ets\u0259k, \u00a0YAP-\u0131n f\u0259aliyy\u0259tinin h\u0259d\u0259fl\u0259ri milli maraqlar\u0131n qorunmas\u0131na, Az\u0259rbaycan d\u00f6vl\u0259tinin dayan\u0131ql\u0131 inki\u015faf\u0131na, beyn\u0259lxalq m\u00fcnasib\u0259tl\u0259r sistemind\u0259 n\u00fcfuzunun art\u0131r\u0131lmas\u0131na, habel\u0259 beyn\u0259lxalq bazarlarda \u00f6lk\u0259nin r\u0259qab\u0259t\u0259 d\u00f6z\u00fcml\u00fcl\u00fck g\u00f6st\u0259ricil\u0259rinin y\u00fcks\u0259ldilm\u0259sin\u0259 xidm\u0259t edir.\u201d<\/p>\n","protected":false},"excerpt":{"rendered":"<p>Milli M\u0259clisin deputat\u0131 \u018fliabbas Salahzad\u0259 Yeni Az\u0259rbaycan Partiyas\u0131n\u0131n VII qurultay\u0131ndan \u00f6t\u0259n bir ild\u0259 \u00f6lk\u0259mizin v\u0259 partiyan\u0131n h\u0259yat\u0131nda ba\u015f ver\u0259n yenilikl\u0259rd\u0259n b\u0259hs ed\u0259r\u0259k bildirib ki, t\u0259kmill\u0259\u015fm\u0259, yenil\u0259\u015fm\u0259 d\u00f6vl\u0259t siyas\u0259timizin \u0259sas\u0131n\u0131 t\u0259\u015fkil edir: \u201c1993-c\u00fc ild\u0259 ulu \u00f6nd\u0259r Heyd\u0259r \u018fliyevin xalq\u0131n t\u0259kidli t\u0259l\u0259bi il\u0259 hakimiyy\u0259t\u0259 qay\u0131d\u0131\u015f\u0131\u00a0 Az\u0259rbaycan\u0131n, eyni zamanda, \u00dcmummilli Liderin yarad\u0131c\u0131s\u0131 oldu\u011fu Yeni Az\u0259rbaycan Partiyas\u0131n\u0131n h\u0259yat\u0131nda yeni m\u0259rh\u0259l\u0259nin t\u0259m\u0259lini qoydu. D\u00f6vl\u0259t ba\u015f\u00e7\u0131s\u0131, Yeni Az\u0259rbaycan Partiyas\u0131n\u0131n S\u0259dri \u0130lham \u018fliyev VII qurultaydak\u0131 \u00e7\u0131x\u0131\u015f\u0131nda partiyan\u0131n yarad\u0131lmas\u0131n\u0131 \u015f\u0259rtl\u0259ndir\u0259n amill\u0259rd\u0259n, ulu \u00f6nd\u0259r Heyd\u0259r \u018fliyevin xilaskarl\u0131q missiyas\u0131ndan, \u00f6lk\u0259 Prezidenti \u0130lham \u018fliyevin \u00dcmummilli Liderin siyasi kursunu b\u00fct\u00fcn istiqam\u0259tl\u0259rd\u0259 u\u011furla&hellip;<\/p>\n","protected":false},"author":2,"featured_media":447504,"comment_status":"closed","ping_status":"closed","sticky":false,"template":"","format":"standard","meta":{"om_disable_all_campaigns":false,"_monsterinsights_skip_tracking":false,"_monsterinsights_sitenote_active":false,"_monsterinsights_sitenote_note":"","_monsterinsights_sitenote_category":0},"categories":[4],"tags":[],"aioseo_notices":[],"gutentor_comment":0,"rttpg_featured_image_url":{"full":["https:\/\/arantv.az\/wp-content\/uploads\/2022\/03\/8462a7c2163671455133678386211076961.jpg",975,540,false],"landscape":["https:\/\/arantv.az\/wp-content\/uploads\/2022\/03\/8462a7c2163671455133678386211076961.jpg",975,540,false],"portraits":["https:\/\/arantv.az\/wp-content\/uploads\/2022\/03\/8462a7c2163671455133678386211076961.jpg",975,540,false],"thumbnail":["https:\/\/arantv.az\/wp-content\/uploads\/2022\/03\/8462a7c2163671455133678386211076961-500x280.jpg",500,280,true],"medium":["https:\/\/arantv.az\/wp-content\/uploads\/2022\/03\/8462a7c2163671455133678386211076961-660x365.jpg",660,365,true],"large":["https:\/\/arantv.az\/wp-content\/uploads\/2022\/03\/8462a7c2163671455133678386211076961-840x465.jpg",640,354,true],"1536x1536":["https:\/\/arantv.az\/wp-content\/uploads\/2022\/03\/8462a7c2163671455133678386211076961.jpg",975,540,false],"2048x2048":["https:\/\/arantv.az\/wp-content\/uploads\/2022\/03\/8462a7c2163671455133678386211076961.jpg",975,540,false],"post-thumbnail":["https:\/\/arantv.az\/wp-content\/uploads\/2022\/03\/8462a7c2163671455133678386211076961-240x172.jpg",240,172,true],"advps-thumb-one":["https:\/\/arantv.az\/wp-content\/uploads\/2022\/03\/8462a7c2163671455133678386211076961.jpg",975,540,false]},"rttpg_author":{"display_name":"V\u00fcsal Rafiqo\u011flu","author_link":"https:\/\/arantv.az\/?author=2"},"rttpg_comment":0,"rttpg_category":"<a href=\"https:\/\/arantv.az\/?cat=4\" rel=\"category\">Siyas\u0259t<\/a>","rttpg_excerpt":"Milli M\u0259clisin deputat\u0131 \u018fliabbas Salahzad\u0259 Yeni Az\u0259rbaycan Partiyas\u0131n\u0131n VII qurultay\u0131ndan \u00f6t\u0259n bir ild\u0259 \u00f6lk\u0259mizin v\u0259 partiyan\u0131n h\u0259yat\u0131nda ba\u015f ver\u0259n yenilikl\u0259rd\u0259n b\u0259hs ed\u0259r\u0259k bildirib ki, t\u0259kmill\u0259\u015fm\u0259, yenil\u0259\u015fm\u0259 d\u00f6vl\u0259t siyas\u0259timizin \u0259sas\u0131n\u0131 t\u0259\u015fkil edir: \u201c1993-c\u00fc ild\u0259 ulu \u00f6nd\u0259r Heyd\u0259r \u018fliyevin xalq\u0131n t\u0259kidli t\u0259l\u0259bi il\u0259 hakimiyy\u0259t\u0259 qay\u0131d\u0131\u015f\u0131\u00a0 Az\u0259rbaycan\u0131n, eyni zamanda, \u00dcmummilli Liderin yarad\u0131c\u0131s\u0131 oldu\u011fu Yeni Az\u0259rbaycan Partiyas\u0131n\u0131n h\u0259yat\u0131nda yeni&hellip;","_links":{"self":[{"href":"https:\/\/arantv.az\/index.php?rest_route=\/wp\/v2\/posts\/447503"}],"collection":[{"href":"https:\/\/arantv.az\/index.php?rest_route=\/wp\/v2\/posts"}],"about":[{"href":"https:\/\/arantv.az\/index.php?rest_route=\/wp\/v2\/types\/post"}],"author":[{"embeddable":true,"href":"https:\/\/arantv.az\/index.php?rest_route=\/wp\/v2\/users\/2"}],"replies":[{"embeddable":true,"href":"https:\/\/arantv.az\/index.php?rest_route=%2Fwp%2Fv2%2Fcomments&post=447503"}],"version-history":[{"count":0,"href":"https:\/\/arantv.az\/index.php?rest_route=\/wp\/v2\/posts\/447503\/revisions"}],"wp:featuredmedia":[{"embeddable":true,"href":"https:\/\/arantv.az\/index.php?rest_route=\/wp\/v2\/media\/447504"}],"wp:attachment":[{"href":"https:\/\/arantv.az\/index.php?rest_route=%2Fwp%2Fv2%2Fmedia&parent=447503"}],"wp:term":[{"taxonomy":"category","embeddable":true,"href":"https:\/\/arantv.az\/index.php?rest_route=%2Fwp%2Fv2%2Fcategories&post=447503"},{"taxonomy":"post_tag","embeddable":true,"href":"https:\/\/arantv.az\/index.php?rest_route=%2Fwp%2Fv2%2Ftags&post=447503"}],"curies":[{"name":"wp","href":"https:\/\/api.w.org\/{rel}","templated":true}]}}