{"id":447509,"date":"2022-03-04T09:46:31","date_gmt":"2022-03-04T06:46:31","guid":{"rendered":"http:\/\/arantv.az\/?p=447509"},"modified":"2022-03-04T09:46:31","modified_gmt":"2022-03-04T06:46:31","slug":"g%c9%99l%c9%99n-il-susada-acilacaq-m%c9%99kt%c9%99bd%c9%99-nec%c9%99-sagird-d%c9%99rs-ala-bil%c9%99c%c9%99k-aciqlama","status":"publish","type":"post","link":"https:\/\/arantv.az\/?p=447509","title":{"rendered":"G\u0259l\u0259n il \u015eu\u015fada a\u00e7\u0131lacaq m\u0259kt\u0259bd\u0259 ne\u00e7\u0259 \u015fagird d\u0259rs ala bil\u0259c\u0259k? &#8211; A\u00c7IQLAMA"},"content":{"rendered":"<p>\u201c\u0130\u015f\u011faldan azad olunan \u0259razil\u0259rd\u0259 t\u0259hsil infrastrukturunun yarad\u0131lmas\u0131 istiqam\u0259tind\u0259 s\u00fcr\u0259tli i\u015fl\u0259r gedir\u201d.<\/p>\n<p><strong>ARANTV.AZ<\/strong>-\u0131n m\u0259lumat\u0131na g\u00f6r\u0259, bunu T\u0259hsil Nazirliyi v\u0259 Az\u0259rbaycan Respublikas\u0131n\u0131n Minat\u0259mizl\u0259m\u0259 Agentliyinin (ANAMA) birg\u0259 t\u0259\u015fkilat\u00e7\u0131l\u0131\u011f\u0131 il\u0259 \u201cPartlay\u0131c\u0131 Sursatlar\u0131n T\u0259hl\u00fck\u0259sin\u0259 dair Maarifl\u0259ndirm\u0259\u201d (PSTM) t\u0259dbirind\u0259 t\u0259hsil naziri Emin \u018fmrullayev bildirib.<\/p>\n<div class=\"AdviadNativeVideo\"><\/div>\n<p>Nazir bildirib ki, g\u0259l\u0259n ilin \u0259vv\u0259lind\u0259 \u015eu\u015fadak\u0131 m\u0259kt\u0259bin a\u00e7\u0131l\u0131\u015f\u0131 planla\u015fd\u0131r\u0131l\u0131r:<\/p>\n<p>\u201cM\u0259kt\u0259bd\u0259 960 \u015fagird d\u0259rs ala bil\u0259r\u201d.<\/p>\n<p>Onun s\u00f6zl\u0259rin\u0259 g\u00f6r\u0259, t\u0259hsil m\u00fc\u0259ssis\u0259l\u0259rinin m\u00fc\u0259llim-\u015fagird (t\u0259l\u0259b\u0259) hey\u0259tinin partlay\u0131\u015f t\u0259hl\u00fck\u0259sin\u0259 qar\u015f\u0131 maarifl\u0259ndirilm\u0259si bar\u0259d\u0259\u00a0metodiki t\u00f6vsiy\u0259l\u0259rin\u00a0haz\u0131rlan\u0131r:<\/p>\n<p>\u201cMetodiki t\u00f6vsiy\u0259l\u0259r\u0259 uy\u011fun olaraq m\u0259kt\u0259bl\u0259rd\u0259 m\u00fct\u0259madi \u015f\u0259kild\u0259\u00a0mina t\u0259hl\u00fck\u0259si, onun f\u0259sadlar\u0131 bar\u0259d\u0259 \u015fagirdl\u0259rl\u0259 maarifl\u0259ndirici t\u0259dbirl\u0259r h\u0259yata ke\u00e7irilir. Bu t\u0259dbirl\u0259rin\u00a0ba\u015f ver\u0259 bil\u0259c\u0259k t\u0259hl\u00fck\u0259l\u0259rin qar\u015f\u0131s\u0131n\u0131n al\u0131nmas\u0131 bax\u0131m\u0131ndan \u0259h\u0259miyy\u0259ti b\u00f6y\u00fckd\u00fcr\u201d.<\/p>\n<p>O qeyd edib ki, A\u011fdamdak\u0131 m\u0259kt\u0259bin tikintisinin ba\u015fa \u00e7atmas\u0131 g\u0259l\u0259n sonuna n\u0259z\u0259rd\u0259 tutulub.<\/p>\n","protected":false},"excerpt":{"rendered":"<p>\u201c\u0130\u015f\u011faldan azad olunan \u0259razil\u0259rd\u0259 t\u0259hsil infrastrukturunun yarad\u0131lmas\u0131 istiqam\u0259tind\u0259 s\u00fcr\u0259tli i\u015fl\u0259r gedir\u201d. ARANTV.AZ-\u0131n m\u0259lumat\u0131na g\u00f6r\u0259, bunu T\u0259hsil Nazirliyi v\u0259 Az\u0259rbaycan Respublikas\u0131n\u0131n Minat\u0259mizl\u0259m\u0259 Agentliyinin (ANAMA) birg\u0259 t\u0259\u015fkilat\u00e7\u0131l\u0131\u011f\u0131 il\u0259 \u201cPartlay\u0131c\u0131 Sursatlar\u0131n T\u0259hl\u00fck\u0259sin\u0259 dair Maarifl\u0259ndirm\u0259\u201d (PSTM) t\u0259dbirind\u0259 t\u0259hsil naziri Emin \u018fmrullayev bildirib. Nazir bildirib ki, g\u0259l\u0259n ilin \u0259vv\u0259lind\u0259 \u015eu\u015fadak\u0131 m\u0259kt\u0259bin a\u00e7\u0131l\u0131\u015f\u0131 planla\u015fd\u0131r\u0131l\u0131r: \u201cM\u0259kt\u0259bd\u0259 960 \u015fagird d\u0259rs ala bil\u0259r\u201d. Onun s\u00f6zl\u0259rin\u0259 g\u00f6r\u0259, t\u0259hsil m\u00fc\u0259ssis\u0259l\u0259rinin m\u00fc\u0259llim-\u015fagird (t\u0259l\u0259b\u0259) hey\u0259tinin partlay\u0131\u015f t\u0259hl\u00fck\u0259sin\u0259 qar\u015f\u0131 maarifl\u0259ndirilm\u0259si bar\u0259d\u0259\u00a0metodiki t\u00f6vsiy\u0259l\u0259rin\u00a0haz\u0131rlan\u0131r: \u201cMetodiki t\u00f6vsiy\u0259l\u0259r\u0259 uy\u011fun olaraq m\u0259kt\u0259bl\u0259rd\u0259 m\u00fct\u0259madi \u015f\u0259kild\u0259\u00a0mina t\u0259hl\u00fck\u0259si, onun f\u0259sadlar\u0131 bar\u0259d\u0259 \u015fagirdl\u0259rl\u0259 maarifl\u0259ndirici t\u0259dbirl\u0259r h\u0259yata ke\u00e7irilir. Bu t\u0259dbirl\u0259rin\u00a0ba\u015f ver\u0259 bil\u0259c\u0259k t\u0259hl\u00fck\u0259l\u0259rin qar\u015f\u0131s\u0131n\u0131n&hellip;<\/p>\n","protected":false},"author":2,"featured_media":447343,"comment_status":"closed","ping_status":"closed","sticky":false,"template":"","format":"standard","meta":{"om_disable_all_campaigns":false,"_monsterinsights_skip_tracking":false,"_monsterinsights_sitenote_active":false,"_monsterinsights_sitenote_note":"","_monsterinsights_sitenote_category":0},"categories":[1],"tags":[],"aioseo_notices":[],"gutentor_comment":0,"rttpg_featured_image_url":{"full":["https:\/\/arantv.az\/wp-content\/uploads\/2022\/03\/015e3193162339203129673418110289170.jpg",975,540,false],"landscape":["https:\/\/arantv.az\/wp-content\/uploads\/2022\/03\/015e3193162339203129673418110289170.jpg",975,540,false],"portraits":["https:\/\/arantv.az\/wp-content\/uploads\/2022\/03\/015e3193162339203129673418110289170.jpg",975,540,false],"thumbnail":["https:\/\/arantv.az\/wp-content\/uploads\/2022\/03\/015e3193162339203129673418110289170-500x280.jpg",500,280,true],"medium":["https:\/\/arantv.az\/wp-content\/uploads\/2022\/03\/015e3193162339203129673418110289170-660x365.jpg",660,365,true],"large":["https:\/\/arantv.az\/wp-content\/uploads\/2022\/03\/015e3193162339203129673418110289170-840x465.jpg",640,354,true],"1536x1536":["https:\/\/arantv.az\/wp-content\/uploads\/2022\/03\/015e3193162339203129673418110289170.jpg",975,540,false],"2048x2048":["https:\/\/arantv.az\/wp-content\/uploads\/2022\/03\/015e3193162339203129673418110289170.jpg",975,540,false],"post-thumbnail":["https:\/\/arantv.az\/wp-content\/uploads\/2022\/03\/015e3193162339203129673418110289170-240x172.jpg",240,172,true],"advps-thumb-one":["https:\/\/arantv.az\/wp-content\/uploads\/2022\/03\/015e3193162339203129673418110289170.jpg",975,540,false]},"rttpg_author":{"display_name":"V\u00fcsal Rafiqo\u011flu","author_link":"https:\/\/arantv.az\/?author=2"},"rttpg_comment":0,"rttpg_category":"<a href=\"https:\/\/arantv.az\/?cat=1\" rel=\"category\">C\u0259miyy\u0259t<\/a>","rttpg_excerpt":"\u201c\u0130\u015f\u011faldan azad olunan \u0259razil\u0259rd\u0259 t\u0259hsil infrastrukturunun yarad\u0131lmas\u0131 istiqam\u0259tind\u0259 s\u00fcr\u0259tli i\u015fl\u0259r gedir\u201d. ARANTV.AZ-\u0131n m\u0259lumat\u0131na g\u00f6r\u0259, bunu T\u0259hsil Nazirliyi v\u0259 Az\u0259rbaycan Respublikas\u0131n\u0131n Minat\u0259mizl\u0259m\u0259 Agentliyinin (ANAMA) birg\u0259 t\u0259\u015fkilat\u00e7\u0131l\u0131\u011f\u0131 il\u0259 \u201cPartlay\u0131c\u0131 Sursatlar\u0131n T\u0259hl\u00fck\u0259sin\u0259 dair Maarifl\u0259ndirm\u0259\u201d (PSTM) t\u0259dbirind\u0259 t\u0259hsil naziri Emin \u018fmrullayev bildirib. Nazir bildirib ki, g\u0259l\u0259n ilin \u0259vv\u0259lind\u0259 \u015eu\u015fadak\u0131 m\u0259kt\u0259bin a\u00e7\u0131l\u0131\u015f\u0131 planla\u015fd\u0131r\u0131l\u0131r: \u201cM\u0259kt\u0259bd\u0259 960 \u015fagird d\u0259rs ala bil\u0259r\u201d. Onun&hellip;","_links":{"self":[{"href":"https:\/\/arantv.az\/index.php?rest_route=\/wp\/v2\/posts\/447509"}],"collection":[{"href":"https:\/\/arantv.az\/index.php?rest_route=\/wp\/v2\/posts"}],"about":[{"href":"https:\/\/arantv.az\/index.php?rest_route=\/wp\/v2\/types\/post"}],"author":[{"embeddable":true,"href":"https:\/\/arantv.az\/index.php?rest_route=\/wp\/v2\/users\/2"}],"replies":[{"embeddable":true,"href":"https:\/\/arantv.az\/index.php?rest_route=%2Fwp%2Fv2%2Fcomments&post=447509"}],"version-history":[{"count":0,"href":"https:\/\/arantv.az\/index.php?rest_route=\/wp\/v2\/posts\/447509\/revisions"}],"wp:featuredmedia":[{"embeddable":true,"href":"https:\/\/arantv.az\/index.php?rest_route=\/wp\/v2\/media\/447343"}],"wp:attachment":[{"href":"https:\/\/arantv.az\/index.php?rest_route=%2Fwp%2Fv2%2Fmedia&parent=447509"}],"wp:term":[{"taxonomy":"category","embeddable":true,"href":"https:\/\/arantv.az\/index.php?rest_route=%2Fwp%2Fv2%2Fcategories&post=447509"},{"taxonomy":"post_tag","embeddable":true,"href":"https:\/\/arantv.az\/index.php?rest_route=%2Fwp%2Fv2%2Ftags&post=447509"}],"curies":[{"name":"wp","href":"https:\/\/api.w.org\/{rel}","templated":true}]}}