{"id":447511,"date":"2022-03-04T09:47:40","date_gmt":"2022-03-04T06:47:40","guid":{"rendered":"http:\/\/arantv.az\/?p=447511"},"modified":"2022-03-04T09:47:40","modified_gmt":"2022-03-04T06:47:40","slug":"tacikistanli-qonaqlar-baki-s%c9%99h%c9%99r-icra-hakimiyy%c9%99tind%c9%99-q%c9%99bul-edilib","status":"publish","type":"post","link":"https:\/\/arantv.az\/?p=447511","title":{"rendered":"Tacikistanl\u0131 qonaqlar Bak\u0131 \u015e\u0259h\u0259r \u0130cra Hakimiyy\u0259tind\u0259 q\u0259bul edilib"},"content":{"rendered":"<p>Tacikistan Respublikas\u0131 Ali M\u0259clisi Milli M\u0259clisinin s\u0259dri, D\u00fc\u015f\u0259nb\u0259 \u015f\u0259h\u0259rinin s\u0259dri R\u00fcst\u0259m Emom\u0259linin r\u0259hb\u0259rliyi il\u0259 Tacikistan parlamentinin \u00fczvl\u0259ri v\u0259 D\u00fc\u015f\u0259nb\u0259 \u015f\u0259h\u0259rinin r\u0259smil\u0259rind\u0259n ibar\u0259t geni\u015f t\u0259rkibli n\u00fcmay\u0259nd\u0259 hey\u0259ti Az\u0259rbaycana r\u0259smi s\u0259f\u0259r\u0259 g\u0259lib.<br \/>\nS\u0259f\u0259r \u00e7\u0259r\u00e7iv\u0259sind\u0259 Bak\u0131 \u015e\u0259h\u0259r \u0130cra Hakimiyy\u0259tind\u0259 \u0130cra Hakimiyy\u0259tinin ba\u015f\u00e7\u0131s\u0131 Eldar \u018fzizovla Tacikistan Respublikas\u0131 Ali M\u0259clisi Milli M\u0259clisinin s\u0259dri, D\u00fc\u015f\u0259nb\u0259 \u015f\u0259h\u0259rinin s\u0259dri R\u00fcst\u0259m Emom\u0259linin r\u0259hb\u0259rlik etdiyi n\u00fcmay\u0259nd\u0259 hey\u0259tinin g\u00f6r\u00fc\u015f\u00fc ke\u00e7irilib. G\u00f6r\u00fc\u015fd\u0259 qonaqlar\u0131 salamlayan Bak\u0131 \u015e\u0259h\u0259r \u0130cra Hakimiyy\u0259tinin ba\u015f\u00e7\u0131s\u0131 Eldar \u018fzizov paytaxt Bak\u0131 \u015f\u0259h\u0259rinin tarixi, \u015f\u0259h\u0259rd\u0259 h\u0259yata ke\u00e7iril\u0259n layih\u0259l\u0259r bar\u0259d\u0259 qonaqlara m\u0259lumat verib. Qeyd edilib ki, Prezident \u0130lham \u018fliyevin s\u0259yl\u0259ri il\u0259 Bak\u0131 \u015f\u0259h\u0259ri keyfiyy\u0259tc\u0259 yeni s\u0259viyy\u0259y\u0259 y\u00fcks\u0259lib, \u015f\u0259h\u0259rd\u0259 apar\u0131lan geni\u015fmiqyasl\u0131 quruculuq-abadl\u0131q i\u015fl\u0259ri onu daha da g\u00f6z\u0259ll\u0259\u015fdirib. Eldar \u018fzizov bildirib ki, &#8220;Bu s\u0259f\u0259r h\u0259r iki paytaxt \u015f\u0259h\u0259rl\u0259ri aras\u0131nda b\u00fct\u00fcn sah\u0259l\u0259r \u00fczr\u0259 \u0259m\u0259kda\u015fl\u0131\u011f\u0131n geni\u015fl\u0259ndirilm\u0259si istiqam\u0259tind\u0259 yeni imkanlar a\u00e7acaqd\u0131r.<br \/>\nAz\u0259rbaycan v\u0259 Tacik xalqlar\u0131n\u0131n uzun \u0259srl\u0259rd\u0259n b\u0259ri dostluq \u015f\u0259raitind\u0259 ya\u015fad\u0131qlar\u0131n\u0131 s\u00f6yl\u0259y\u0259n Tacikistan Respublikas\u0131 Ali M\u0259clisi Milli M\u0259clisinin s\u0259dri, D\u00fc\u015f\u0259nb\u0259 \u015f\u0259h\u0259rinin s\u0259dri R\u00fcst\u0259m Emom\u0259li bildirib ki, \u00f6lk\u0259sind\u0259 Az\u0259rbaycan il\u0259 m\u00fcnasib\u0259tl\u0259r\u0259 x\u00fcsusi \u00f6n\u0259m verilir. R\u00fcst\u0259m Emom\u0259li Bak\u0131da g\u00f6st\u0259ril\u0259n qonaqp\u0259rv\u0259rliy\u0259 g\u00f6r\u0259 minn\u0259tdarl\u0131\u011f\u0131n\u0131 bildir\u0259r\u0259k bu s\u0259f\u0259rin Bak\u0131 v\u0259 D\u00fc\u015f\u0259nb\u0259 \u015f\u0259h\u0259rl\u0259ri aras\u0131nda \u0259laq\u0259l\u0259rin m\u00f6hk\u0259ml\u0259nm\u0259sind\u0259 x\u00fcs\u00fcsi rol oynayaca\u011f\u0131n\u0131 qeyd edib.<br \/>\nN\u00fcmay\u0259nd\u0259 hey\u0259tinin r\u0259hb\u0259ri Bak\u0131 \u015f\u0259h\u0259rinin g\u00f6z\u0259lliyin\u0259 valeh olduqlar\u0131n\u0131, burada apar\u0131lan geni\u015f abadl\u0131q v\u0259 quruculuq i\u015fl\u0259rini y\u00fcks\u0259k qiym\u0259tl\u0259ndirdikl\u0259rini bildirmi\u015fdir.<br \/>\nBak\u0131 \u015f\u0259h\u0259ri haqq\u0131nda videorolik n\u00fcmayi\u015find\u0259n sonra Bak\u0131 v\u0259 D\u00fc\u015f\u0259nb\u0259 \u015f\u0259h\u0259rl\u0259ri aras\u0131nda Qarda\u015fla\u015fma haqq\u0131nda Memorandum imzaland\u0131 v\u0259 xatir\u0259 h\u0259diyy\u0259l\u0259ri t\u0259qdim olundu.<br \/>\nG\u00f6r\u00fc\u015fd\u0259 Az\u0259rbaycan\u0131n Tacikistandak\u0131 F\u00f6vq\u0259lad\u0259 v\u0259 S\u0259lahiyy\u0259tli s\u0259firi \u018flimirzamin \u018fsg\u0259rov v\u0259 Tacikistan\u0131n Az\u0259rbaycandak\u0131 f\u00f6vq\u0259lad\u0259 v\u0259 s\u0259lahiyy\u0259tli s\u0259firi R\u00fcst\u0259m Soli i\u015ftirak edibl\u0259r.<br \/>\nS\u0259f\u0259r \u00e7\u0259r\u00e7iv\u0259sind\u0259 Tacikistanl\u0131 qonaqlar Bak\u0131 \u015f\u0259h\u0259rinin g\u00f6rm\u0259li yerl\u0259rini g\u0259z\u0259c\u0259kl\u0259r.<\/p>\n<div class=\"AdviadNativeVideo\"><\/div>\n<p><img class=\"imgbcode\" src=\"https:\/\/upload.az\/foto\/arxiv\/2_31646376315.jpg\" alt=\"Tacikistanl\u0131 qonaqlar Bak\u0131 \u015e\u0259h\u0259r \u0130cra Hakimiyy\u0259tind\u0259 q\u0259bul edilib\" \/><img class=\"imgbcode\" src=\"https:\/\/upload.az\/foto\/arxiv\/3_81646376315.jpg\" alt=\"Tacikistanl\u0131 qonaqlar Bak\u0131 \u015e\u0259h\u0259r \u0130cra Hakimiyy\u0259tind\u0259 q\u0259bul edilib\" \/><img class=\"imgbcode\" src=\"https:\/\/upload.az\/foto\/arxiv\/4_21646376315.jpg\" alt=\"Tacikistanl\u0131 qonaqlar Bak\u0131 \u015e\u0259h\u0259r \u0130cra Hakimiyy\u0259tind\u0259 q\u0259bul edilib\" \/><img class=\"imgbcode\" src=\"https:\/\/upload.az\/foto\/arxiv\/5_41646376315.jpg\" alt=\"Tacikistanl\u0131 qonaqlar Bak\u0131 \u015e\u0259h\u0259r \u0130cra Hakimiyy\u0259tind\u0259 q\u0259bul edilib\" \/><img class=\"imgbcode\" src=\"https:\/\/upload.az\/foto\/arxiv\/6_71646376315.jpg\" alt=\"Tacikistanl\u0131 qonaqlar Bak\u0131 \u015e\u0259h\u0259r \u0130cra Hakimiyy\u0259tind\u0259 q\u0259bul edilib\" \/><img class=\"imgbcode\" src=\"https:\/\/upload.az\/foto\/arxiv\/7_11646376315.jpg\" alt=\"Tacikistanl\u0131 qonaqlar Bak\u0131 \u015e\u0259h\u0259r \u0130cra Hakimiyy\u0259tind\u0259 q\u0259bul edilib\" \/><img class=\"imgbcode\" src=\"https:\/\/upload.az\/foto\/arxiv\/8_31646376315.jpg\" alt=\"Tacikistanl\u0131 qonaqlar Bak\u0131 \u015e\u0259h\u0259r \u0130cra Hakimiyy\u0259tind\u0259 q\u0259bul edilib\" \/><\/p>\n","protected":false},"excerpt":{"rendered":"<p>Tacikistan Respublikas\u0131 Ali M\u0259clisi Milli M\u0259clisinin s\u0259dri, D\u00fc\u015f\u0259nb\u0259 \u015f\u0259h\u0259rinin s\u0259dri R\u00fcst\u0259m Emom\u0259linin r\u0259hb\u0259rliyi il\u0259 Tacikistan parlamentinin \u00fczvl\u0259ri v\u0259 D\u00fc\u015f\u0259nb\u0259 \u015f\u0259h\u0259rinin r\u0259smil\u0259rind\u0259n ibar\u0259t geni\u015f t\u0259rkibli n\u00fcmay\u0259nd\u0259 hey\u0259ti Az\u0259rbaycana r\u0259smi s\u0259f\u0259r\u0259 g\u0259lib. S\u0259f\u0259r \u00e7\u0259r\u00e7iv\u0259sind\u0259 Bak\u0131 \u015e\u0259h\u0259r \u0130cra Hakimiyy\u0259tind\u0259 \u0130cra Hakimiyy\u0259tinin ba\u015f\u00e7\u0131s\u0131 Eldar \u018fzizovla Tacikistan Respublikas\u0131 Ali M\u0259clisi Milli M\u0259clisinin s\u0259dri, D\u00fc\u015f\u0259nb\u0259 \u015f\u0259h\u0259rinin s\u0259dri R\u00fcst\u0259m Emom\u0259linin r\u0259hb\u0259rlik etdiyi n\u00fcmay\u0259nd\u0259 hey\u0259tinin g\u00f6r\u00fc\u015f\u00fc ke\u00e7irilib. G\u00f6r\u00fc\u015fd\u0259 qonaqlar\u0131 salamlayan Bak\u0131 \u015e\u0259h\u0259r \u0130cra Hakimiyy\u0259tinin ba\u015f\u00e7\u0131s\u0131 Eldar \u018fzizov paytaxt Bak\u0131 \u015f\u0259h\u0259rinin tarixi, \u015f\u0259h\u0259rd\u0259 h\u0259yata ke\u00e7iril\u0259n layih\u0259l\u0259r bar\u0259d\u0259 qonaqlara m\u0259lumat verib. Qeyd edilib ki, Prezident \u0130lham \u018fliyevin s\u0259yl\u0259ri il\u0259 Bak\u0131&hellip;<\/p>\n","protected":false},"author":2,"featured_media":447512,"comment_status":"closed","ping_status":"closed","sticky":false,"template":"","format":"standard","meta":{"om_disable_all_campaigns":false,"_monsterinsights_skip_tracking":false,"_monsterinsights_sitenote_active":false,"_monsterinsights_sitenote_note":"","_monsterinsights_sitenote_category":0},"categories":[1],"tags":[],"aioseo_notices":[],"gutentor_comment":0,"rttpg_featured_image_url":{"full":["https:\/\/arantv.az\/wp-content\/uploads\/2022\/03\/1_41646376315.jpg",650,491,false],"landscape":["https:\/\/arantv.az\/wp-content\/uploads\/2022\/03\/1_41646376315.jpg",650,491,false],"portraits":["https:\/\/arantv.az\/wp-content\/uploads\/2022\/03\/1_41646376315.jpg",650,491,false],"thumbnail":["https:\/\/arantv.az\/wp-content\/uploads\/2022\/03\/1_41646376315-500x280.jpg",500,280,true],"medium":["https:\/\/arantv.az\/wp-content\/uploads\/2022\/03\/1_41646376315-483x365.jpg",483,365,true],"large":["https:\/\/arantv.az\/wp-content\/uploads\/2022\/03\/1_41646376315.jpg",640,483,false],"1536x1536":["https:\/\/arantv.az\/wp-content\/uploads\/2022\/03\/1_41646376315.jpg",650,491,false],"2048x2048":["https:\/\/arantv.az\/wp-content\/uploads\/2022\/03\/1_41646376315.jpg",650,491,false],"post-thumbnail":["https:\/\/arantv.az\/wp-content\/uploads\/2022\/03\/1_41646376315-240x172.jpg",240,172,true],"advps-thumb-one":["https:\/\/arantv.az\/wp-content\/uploads\/2022\/03\/1_41646376315.jpg",650,491,false]},"rttpg_author":{"display_name":"V\u00fcsal Rafiqo\u011flu","author_link":"https:\/\/arantv.az\/?author=2"},"rttpg_comment":0,"rttpg_category":"<a href=\"https:\/\/arantv.az\/?cat=1\" rel=\"category\">C\u0259miyy\u0259t<\/a>","rttpg_excerpt":"Tacikistan Respublikas\u0131 Ali M\u0259clisi Milli M\u0259clisinin s\u0259dri, D\u00fc\u015f\u0259nb\u0259 \u015f\u0259h\u0259rinin s\u0259dri R\u00fcst\u0259m Emom\u0259linin r\u0259hb\u0259rliyi il\u0259 Tacikistan parlamentinin \u00fczvl\u0259ri v\u0259 D\u00fc\u015f\u0259nb\u0259 \u015f\u0259h\u0259rinin r\u0259smil\u0259rind\u0259n ibar\u0259t geni\u015f t\u0259rkibli n\u00fcmay\u0259nd\u0259 hey\u0259ti Az\u0259rbaycana r\u0259smi s\u0259f\u0259r\u0259 g\u0259lib. S\u0259f\u0259r \u00e7\u0259r\u00e7iv\u0259sind\u0259 Bak\u0131 \u015e\u0259h\u0259r \u0130cra Hakimiyy\u0259tind\u0259 \u0130cra Hakimiyy\u0259tinin ba\u015f\u00e7\u0131s\u0131 Eldar \u018fzizovla Tacikistan Respublikas\u0131 Ali M\u0259clisi Milli M\u0259clisinin s\u0259dri, D\u00fc\u015f\u0259nb\u0259 \u015f\u0259h\u0259rinin s\u0259dri R\u00fcst\u0259m Emom\u0259linin r\u0259hb\u0259rlik etdiyi&hellip;","_links":{"self":[{"href":"https:\/\/arantv.az\/index.php?rest_route=\/wp\/v2\/posts\/447511"}],"collection":[{"href":"https:\/\/arantv.az\/index.php?rest_route=\/wp\/v2\/posts"}],"about":[{"href":"https:\/\/arantv.az\/index.php?rest_route=\/wp\/v2\/types\/post"}],"author":[{"embeddable":true,"href":"https:\/\/arantv.az\/index.php?rest_route=\/wp\/v2\/users\/2"}],"replies":[{"embeddable":true,"href":"https:\/\/arantv.az\/index.php?rest_route=%2Fwp%2Fv2%2Fcomments&post=447511"}],"version-history":[{"count":0,"href":"https:\/\/arantv.az\/index.php?rest_route=\/wp\/v2\/posts\/447511\/revisions"}],"wp:featuredmedia":[{"embeddable":true,"href":"https:\/\/arantv.az\/index.php?rest_route=\/wp\/v2\/media\/447512"}],"wp:attachment":[{"href":"https:\/\/arantv.az\/index.php?rest_route=%2Fwp%2Fv2%2Fmedia&parent=447511"}],"wp:term":[{"taxonomy":"category","embeddable":true,"href":"https:\/\/arantv.az\/index.php?rest_route=%2Fwp%2Fv2%2Fcategories&post=447511"},{"taxonomy":"post_tag","embeddable":true,"href":"https:\/\/arantv.az\/index.php?rest_route=%2Fwp%2Fv2%2Ftags&post=447511"}],"curies":[{"name":"wp","href":"https:\/\/api.w.org\/{rel}","templated":true}]}}