{"id":447514,"date":"2022-03-04T09:49:25","date_gmt":"2022-03-04T06:49:25","guid":{"rendered":"http:\/\/arantv.az\/?p=447514"},"modified":"2022-03-04T09:49:25","modified_gmt":"2022-03-04T06:49:25","slug":"az%c9%99rbaycanda-s%c9%99rt-karantind%c9%99n-cixmaqla-bagli-q%c9%99rar-veril%c9%99-bil%c9%99r","status":"publish","type":"post","link":"https:\/\/arantv.az\/?p=447514","title":{"rendered":"Az\u0259rbaycanda s\u0259rt karantind\u0259n \u00e7\u0131xmaqla ba\u011fl\u0131 q\u0259rar veril\u0259 bil\u0259r"},"content":{"rendered":"<h3><strong>\u201c\u0130qtisadiyyat, turizm t\u0259n\u0259zz\u00fcl\u0259 u\u011fray\u0131b, ona g\u00f6r\u0259&#8230;\u201d<\/strong><\/h3>\n<p><em>D\u00fcnya \u00e7ap\u0131nda ard-arda s\u0259rt karantin rejimi il\u0259 ba\u011fl\u0131 yum\u015falmalar olur, aprel ay\u0131ndan is\u0259 bu proses daha da geni\u015fl\u0259n\u0259c\u0259k. D\u00fcnya koronavirus pandemiyas\u0131ndan \u00e7\u0131xmaq \u0259r\u0259f\u0259sind\u0259dir. H\u0259tta bir \u00e7ox Avropa \u00f6lk\u0259sind\u0259 karantin rejimi tamamil\u0259 l\u0259\u011fv edilib. Misal \u00fc\u00e7\u00fcn, fevral\u0131n 1-d\u0259 son m\u0259hdudiyy\u0259tl\u0259rin qald\u0131r\u0131ld\u0131\u011f\u0131 ilk Avropa \u00f6lk\u0259si Danimarka olub, ard\u0131nca fevral\u0131n 9-dan \u0130sve\u00e7 d\u0259 dem\u0259k olar ki, b\u00fct\u00fcn m\u0259hdudla\u015fd\u0131r\u0131c\u0131 t\u0259dbirl\u0259ri, fevral\u0131n 12-d\u0259n is\u0259 Norve\u00e7 l\u0259\u011fv edib. Bu \u00f6lk\u0259l\u0259rin s\u0259lahiyy\u0259tlil\u0259rin\u0259 g\u00f6r\u0259, infeksiyan\u0131n \u0259n a\u011f\u0131r n\u0259tic\u0259l\u0259ri arxada qal\u0131b. Finlandiyada m\u0259hdudiyy\u0259tl\u0259rin g\u00f6t\u00fcr\u00fclm\u0259sinin \u0259sas m\u0259rh\u0259l\u0259si fevral\u0131n 14-d\u0259n ba\u015flan\u0131b. \u00d6t\u0259n g\u00fcn is\u0259 T\u00fcrkiy\u0259d\u0259 tibbi maska taxmaq m\u0259hdudiyy\u0259ti l\u0259\u011fv olunub. Bu bar\u0259d\u0259 T\u00fcrkiy\u0259nin s\u0259hiyy\u0259 naziri F\u0259xr\u0259ddin Qoca m\u0259lumat verib. Q\u0259rarla a\u00e7\u0131q havada v\u0259 havaland\u0131r\u0131lmas\u0131 olan qapal\u0131 \u0259razil\u0259rd\u0259 maska taxmaq qaydas\u0131 aradan qald\u0131r\u0131l\u0131b.<\/em><\/p>\n<p>Az\u0259rbaycanda is\u0259 x\u00fcsusi karantin rejiminin m\u00fcdd\u0259ti may\u0131n 1-d\u0259k uzad\u0131l\u0131b. Nazirl\u0259r Kabineti \u201cAz\u0259rbaycan Respublikas\u0131n\u0131n \u0259razisind\u0259 x\u00fcsusi karantin rejiminin m\u00fcdd\u0259tinin uzad\u0131lmas\u0131 bar\u0259d\u0259\u201d q\u0259rar verib. Q\u0259rarda qeyd edilir ki, koronavirus infeksiyas\u0131n\u0131n \u00f6lk\u0259 \u0259razisind\u0259 yay\u0131lmas\u0131n\u0131n, onun t\u00f6r\u0259d\u0259 bil\u0259c\u0259yi f\u0259sadlar\u0131n qar\u015f\u0131s\u0131n\u0131n al\u0131nmas\u0131 m\u0259qs\u0259dil\u0259 Az\u0259rbaycan Respublikas\u0131n\u0131n \u0259razisind\u0259 x\u00fcsusi karantin rejiminin m\u00fcdd\u0259ti 2022-ci il 1 may saat 06:00-d\u0259k uzad\u0131l\u0131b.<\/p>\n<p>Bir s\u00f6zl\u0259, Az\u0259rbaycanda karantin rejimi il\u0259 ba\u011fl\u0131 t\u0259tbiq edil\u0259n bir s\u0131ra m\u0259hdudiyy\u0259tl\u0259r qalmaqdad\u0131r. Qapal\u0131 m\u0259kanlarda maskas\u0131z g\u0259zm\u0259k qada\u011fand\u0131r. El\u0259c\u0259 d\u0259 fevral\u0131n 15-d\u0259n 150 n\u0259f\u0259r\u0259 q\u0259d\u0259r \u015f\u0259xsin i\u015ftirak\u0131 il\u0259 t\u0259\u015fkil olunan \u015f\u0259nlik m\u0259rasiml\u0259rind\u0259 i\u015ftirak ed\u0259n ya\u015f\u0131 18-d\u0259n yuxar\u0131 b\u00fct\u00fcn qonaqlar\u0131n etibarl\u0131 olan COV\u0130D-19-a qar\u015f\u0131 peyv\u0259nd olunman\u0131 t\u0259sdiql\u0259y\u0259n peyv\u0259nd sertifikat\u0131 v\u0259 ya COV\u0130D-19-dan sa\u011falaraq immunitet\u0259 malik olman\u0131 t\u0259sdiql\u0259y\u0259n s\u0259n\u0259di, yaxud COV\u0130D-19-a qar\u015f\u0131 peyv\u0259nd\u0259 \u0259ks-g\u00f6st\u0259ri\u015fi m\u00fc\u0259yy\u0259n ed\u0259n \u0259ks-g\u00f6st\u0259ri\u015f sertifikat\u0131 olmal\u0131d\u0131r v\u0259 \u015f\u0259nlik m\u0259rasiml\u0259rind\u0259 i\u015ftirak ed\u0259n qonaqlar \u00fc\u00e7\u00fcn t\u0259n\u0259ff\u00fcs yollar\u0131n\u0131 qoruyan f\u0259rdi vasit\u0259l\u0259rd\u0259n m\u0259cburi istifad\u0259 t\u0259l\u0259b olunmur.<\/p>\n<p><strong>B\u00fct\u00fcn bunlar\u0131n aradan qalxaca\u011f\u0131 g\u00fcn\u0259 n\u0259 q\u0259d\u0259r qal\u0131r? Aprel-may aylar\u0131ndan etibar\u0259n, Az\u0259rbaycanda da m\u0259hdudla\u015fd\u0131rmalar\u0131n aradan qald\u0131r\u0131laraq, h\u0259yat\u0131n tam normalla\u015fmas\u0131 m\u00fcmk\u00fcnd\u00fcrm\u00fc? Yoxsa \u00f6lk\u0259mizd\u0259 b\u0259zi m\u0259hdudiyy\u0259tl\u0259ri saxlamaq z\u0259rur\u0259ti vard\u0131r?<\/strong><\/p>\n<p>Qeyd ed\u0259k ki, \u00dcmumd\u00fcnya S\u0259hiyy\u0259 T\u0259\u015fkilat\u0131 (\u00dcST) hesab edir ki, h\u0259r bir \u00f6lk\u0259 \u00f6z epidemioloji v\u0259ziyy\u0259tini n\u0259z\u0259r\u0259 alaraq, koronavirusla m\u00fcbariz\u0259 t\u0259dbirl\u0259rini m\u00fc\u0259yy\u0259n etm\u0259lidir. Eyni zamanda d\u00fcnya ictimaiyy\u0259ti peyv\u0259nd v\u0259 qoruyucu vasit\u0259l\u0259r t\u0259dar\u00fck etm\u0259li olan d\u00f6vl\u0259tl\u0259rl\u0259 h\u0259mr\u0259ylik n\u00fcmayi\u015f etdir\u0259rs\u0259, pandemiyan\u0131n k\u0259skin m\u0259rh\u0259l\u0259sind\u0259n \u00e7\u0131x\u0131\u015f yolu h\u0259l\u0259 2022-ci ild\u0259 tap\u0131la bil\u0259r. T\u0259\u015fkilat\u0131n yax\u0131n qlobal m\u0259qs\u0259di 2022-ci ilin ortalar\u0131na q\u0259d\u0259r h\u0259r bir \u00f6lk\u0259d\u0259 \u0259halinin peyv\u0259ndl\u0259nm\u0259sinin 70%-\u0259 \u00e7atmas\u0131d\u0131r.<\/p>\n<p>\u00dcST-in Avropa Regional Direktoru Hans Klugenin s\u00f6zl\u0259rin\u0259 g\u00f6r\u0259, Avropa indi y\u00fcks\u0259k peyv\u0259ndl\u0259m\u0259 nisb\u0259tl\u0259ri v\u0259 yaz\u0131n g\u0259li\u015fi il\u0259 \u0259laq\u0259dar \u201cm\u00f6vs\u00fcmi fasil\u0259y\u0259\u201d v\u0259 \u201cinfeksiyan\u0131n daha az \u00f6ld\u00fcr\u00fcc\u00fc olmas\u0131\u201d say\u0259sind\u0259 infeksiyan\u0131n yay\u0131lmas\u0131n\u0131 n\u0259zar\u0259t alt\u0131na almaq \u00fc\u00e7\u00fcn unikal imkana malikdir.<\/p>\n<p>M\u00f6vzu il\u0259 ba\u011fl\u0131 ekspertl\u0259rin fikirl\u0259rini \u00f6yr\u0259ndik.<\/p>\n<p><img loading=\"lazy\" src=\"https:\/\/cdnn1.img.sputnik.az\/img\/41328\/62\/413286282_146:0:1853:1280_1920x0_80_0_0_7dc7868d7f2dc922e2f50c006db20520.jpg\" alt=\"Musa Quliyev: \u201cMaska taxmayan insanlar c\u0259zalanmal\u0131d\u0131rlar\u201d - 23.06.2020,  Sputnik Az\u0259rbaycan\" width=\"800\" height=\"600\" \/><\/p>\n<p><strong>\u00a0Musa Quliyev\u00a0<\/strong><\/p>\n<p><strong>Mill\u0259t v\u0259kili Musa Quliyev \u201cYeni M\u00fcsavat\u201da bunlar\u0131 \u015f\u0259rh edib:<\/strong>\u00a0\u201cB\u00fct\u00fcn d\u00fcnyada koronavirus pandemiyas\u0131 bitm\u0259k \u00fczr\u0259dir. \u018fg\u0259r yeni bir dal\u011fa ba\u015flamazsa, yaxud virus modifikasiyas\u0131 ortaya \u00e7\u0131xmazsa, biz koronavirusa \u0259lvida dey\u0259c\u0259yik. \u00dcz\u00fc yaza do\u011fru gedir, havalar getdikc\u0259 istil\u0259\u015fir. A\u00e7\u0131q m\u0259kanlarda h\u0259yat f\u0259aliyy\u0259ti geni\u015fl\u0259n\u0259c\u0259k. N\u0259z\u0259r\u0259 alsaq ki, yayda turizm d\u0259, gedi\u015f-g\u0259li\u015f d\u0259 artacaq. Ona g\u00f6r\u0259 hesab edir\u0259m ki, biz d\u0259 yava\u015f-yava\u015f karantin qaydalar\u0131n\u0131 yum\u015faltma\u011fa do\u011fru getm\u0259liyik, karantinin l\u0259\u011fv olunmas\u0131 bar\u0259d\u0259 art\u0131q d\u00fc\u015f\u00fcnm\u0259k olar. Yayda art\u0131q Az\u0259rbaycan turizmini inki\u015faf etdirm\u0259k laz\u0131md\u0131r. \u00c7\u00fcnki iki ildir ki, turizm sektoru t\u0259n\u0259zz\u00fcl edib. D\u00fcnyada ged\u0259n prosesl\u0259r, Ukrayna-Rusiya m\u00fcharib\u0259l\u0259ri, Q\u0259rb \u00f6lk\u0259l\u0259rinin bu m\u00fcharib\u0259y\u0259 qo\u015fulmas\u0131 n\u0259z\u0259r\u0259 al\u0131nmal\u0131d\u0131r. Ola bilsin bir \u00e7ox \u00f6lk\u0259l\u0259r turizm bax\u0131m\u0131ndan daha \u0259lveri\u015fli v\u0259 arzuolunan \u00f6lk\u0259 kimi q\u0259bul olunub. \u0130st\u0259r \u00f6lk\u0259 daxilind\u0259 gedi\u015f-g\u0259li\u015fi, ist\u0259rs\u0259 d\u0259 istirah\u0259t m\u0259kanlar\u0131nda istirah\u0259t \u00fc\u00e7\u00fcn laz\u0131m olan \u015f\u0259raitin yarad\u0131lmas\u0131 haqq\u0131nda d\u00fc\u015f\u00fcnm\u0259liyik. Koronavirus t\u0259kc\u0259 sa\u011flaml\u0131q m\u0259s\u0259l\u0259si deyil, pandemiyan\u0131n eyni zamanda iqtisadiyyata m\u0259nfi t\u0259siri oldu. Qeyri-neft sektoruna da kifay\u0259t q\u0259d\u0259r m\u0259nfi t\u0259sirl\u0259ri oldu. Yava\u015f-yava\u015f biz karantin d\u00f6vr\u00fcnd\u0259n \u00e7\u0131xma\u011fa ba\u015flay\u0131r\u0131q. Y\u0259qin ki, Operativ Q\u0259rargahda g\u00fcnd\u0259lik m\u0259lumatlar\u0131 analiz edirl\u0259r. Yax\u0131n h\u0259ft\u0259l\u0259rd\u0259 ola bilsin ki, \u00f6zl\u0259rinin q\u0259rarlar\u0131n\u0131 ver\u0259 bil\u0259rl\u0259r. Amma b\u00fct\u00fcn d\u00fcnyadak\u0131 meyl onu g\u00f6st\u0259rir ki, karantin yava\u015f-yava\u015f yum\u015fal\u0131r. \u00d6lk\u0259l\u0259rd\u0259 is\u0259 \u00fcmumiyy\u0259tl\u0259 art\u0131q karantind\u0259n tam \u00e7\u0131xmaqla ba\u011fl\u0131 q\u0259rarlar verilib. Yax\u0131n 10 g\u00fcn\u0259 biz d\u0259 q\u0259rarlar ver\u0259 bil\u0259rik\u201d.<\/p>\n<p><img loading=\"lazy\" src=\"http:\/\/qanunvehedef.az\/uploads\/posts\/2019-02\/1550346962_mg-20190216-wa0007.jpg\" alt=\"M\u0259rdan \u018fliyev h\u0259m pe\u015f\u0259kar, qay\u011f\u0131ke\u015f v\u0259 s\u0259mimi insan \u00bb Qanun v\u0259 H\u0259d\u0259f\" width=\"667\" height=\"443\" \/><\/p>\n<p><strong>M\u0259rdan \u018fliyev\u00a0<\/strong><\/p>\n<p><strong>\u0130nfeksionist-hepatoloq M\u0259rdan \u018fliyev d\u0259 m\u0259s\u0259l\u0259 il\u0259 ba\u011fl\u0131 fikirl\u0259rini a\u00e7\u0131qlay\u0131b:<\/strong>\u00a0\u201cB\u00f6y\u00fck ehtimalla yax\u0131n zamanda karantin qaydalar\u0131 aradan qald\u0131r\u0131lacaq. \u201dOmikron&#8221;a yoluxma say\u0131 \u00e7ox olsa da, x\u0259st\u0259xana \u015f\u0259raiti t\u0259l\u0259b olunan x\u0259st\u0259l\u0259rin say\u0131 azd\u0131r, \u00f6l\u00fcm g\u00f6st\u0259ricil\u0259ri d\u0259 azd\u0131r. X\u0259st\u0259xanalar, reanimasiya \u015f\u00f6b\u0259l\u0259ri a\u011f\u0131rla\u015fm\u0131\u015f x\u0259st\u0259l\u0259rl\u0259 dolu deyil. S\u0259hiyy\u0259 sistemi y\u00fckl\u0259nm\u0259yib. Buna g\u00f6r\u0259 art\u0131q m\u0259hdudiyy\u0259tl\u0259ri aradan qald\u0131rmaq olar. H\u0259m d\u0259 \u00fcz\u00fc yaya do\u011fru gedirik, f\u0259sil d\u0259 yoluxman\u0131n \u0259leyhin\u0259dir. Yoluxma say\u0131 yaz-yay aylar\u0131nda \u00e7ox olmur. Q\u0131\u015f aylar\u0131nda yoluxma daha \u00e7ox olur. \u018fks\u0259r hallarda \u201cOmikron\u201da yoluxmu\u015f \u015f\u0259xsl\u0259r ev \u015f\u0259raitind\u0259 m\u00fcalic\u0259 al\u0131rlar. B\u00fct\u00fcn bunlar\u0131 n\u0259z\u0259r\u0259 alaraq karantin qaydalar\u0131 aradan qald\u0131r\u0131lacaq&#8221;.<\/p>\n","protected":false},"excerpt":{"rendered":"<p>\u201c\u0130qtisadiyyat, turizm t\u0259n\u0259zz\u00fcl\u0259 u\u011fray\u0131b, ona g\u00f6r\u0259&#8230;\u201d D\u00fcnya \u00e7ap\u0131nda ard-arda s\u0259rt karantin rejimi il\u0259 ba\u011fl\u0131 yum\u015falmalar olur, aprel ay\u0131ndan is\u0259 bu proses daha da geni\u015fl\u0259n\u0259c\u0259k. D\u00fcnya koronavirus pandemiyas\u0131ndan \u00e7\u0131xmaq \u0259r\u0259f\u0259sind\u0259dir. H\u0259tta bir \u00e7ox Avropa \u00f6lk\u0259sind\u0259 karantin rejimi tamamil\u0259 l\u0259\u011fv edilib. Misal \u00fc\u00e7\u00fcn, fevral\u0131n 1-d\u0259 son m\u0259hdudiyy\u0259tl\u0259rin qald\u0131r\u0131ld\u0131\u011f\u0131 ilk Avropa \u00f6lk\u0259si Danimarka olub, ard\u0131nca fevral\u0131n 9-dan \u0130sve\u00e7 d\u0259 dem\u0259k olar ki, b\u00fct\u00fcn m\u0259hdudla\u015fd\u0131r\u0131c\u0131 t\u0259dbirl\u0259ri, fevral\u0131n 12-d\u0259n is\u0259 Norve\u00e7 l\u0259\u011fv edib. Bu \u00f6lk\u0259l\u0259rin s\u0259lahiyy\u0259tlil\u0259rin\u0259 g\u00f6r\u0259, infeksiyan\u0131n \u0259n a\u011f\u0131r n\u0259tic\u0259l\u0259ri arxada qal\u0131b. Finlandiyada m\u0259hdudiyy\u0259tl\u0259rin g\u00f6t\u00fcr\u00fclm\u0259sinin \u0259sas m\u0259rh\u0259l\u0259si fevral\u0131n 14-d\u0259n ba\u015flan\u0131b. \u00d6t\u0259n g\u00fcn is\u0259 T\u00fcrkiy\u0259d\u0259&hellip;<\/p>\n","protected":false},"author":2,"featured_media":447515,"comment_status":"closed","ping_status":"closed","sticky":false,"template":"","format":"standard","meta":{"om_disable_all_campaigns":false,"_monsterinsights_skip_tracking":false,"_monsterinsights_sitenote_active":false,"_monsterinsights_sitenote_note":"","_monsterinsights_sitenote_category":0},"categories":[1],"tags":[],"aioseo_notices":[],"gutentor_comment":0,"rttpg_featured_image_url":{"full":["https:\/\/arantv.az\/wp-content\/uploads\/2022\/03\/c32033800ffa5f7d9ddbca9e800fa46a.jpg",450,300,false],"landscape":["https:\/\/arantv.az\/wp-content\/uploads\/2022\/03\/c32033800ffa5f7d9ddbca9e800fa46a.jpg",450,300,false],"portraits":["https:\/\/arantv.az\/wp-content\/uploads\/2022\/03\/c32033800ffa5f7d9ddbca9e800fa46a.jpg",450,300,false],"thumbnail":["https:\/\/arantv.az\/wp-content\/uploads\/2022\/03\/c32033800ffa5f7d9ddbca9e800fa46a-450x280.jpg",450,280,true],"medium":["https:\/\/arantv.az\/wp-content\/uploads\/2022\/03\/c32033800ffa5f7d9ddbca9e800fa46a.jpg",450,300,false],"large":["https:\/\/arantv.az\/wp-content\/uploads\/2022\/03\/c32033800ffa5f7d9ddbca9e800fa46a.jpg",450,300,false],"1536x1536":["https:\/\/arantv.az\/wp-content\/uploads\/2022\/03\/c32033800ffa5f7d9ddbca9e800fa46a.jpg",450,300,false],"2048x2048":["https:\/\/arantv.az\/wp-content\/uploads\/2022\/03\/c32033800ffa5f7d9ddbca9e800fa46a.jpg",450,300,false],"post-thumbnail":["https:\/\/arantv.az\/wp-content\/uploads\/2022\/03\/c32033800ffa5f7d9ddbca9e800fa46a-240x172.jpg",240,172,true],"advps-thumb-one":["https:\/\/arantv.az\/wp-content\/uploads\/2022\/03\/c32033800ffa5f7d9ddbca9e800fa46a.jpg",450,300,false]},"rttpg_author":{"display_name":"V\u00fcsal Rafiqo\u011flu","author_link":"https:\/\/arantv.az\/?author=2"},"rttpg_comment":0,"rttpg_category":"<a href=\"https:\/\/arantv.az\/?cat=1\" rel=\"category\">C\u0259miyy\u0259t<\/a>","rttpg_excerpt":"\u201c\u0130qtisadiyyat, turizm t\u0259n\u0259zz\u00fcl\u0259 u\u011fray\u0131b, ona g\u00f6r\u0259&#8230;\u201d D\u00fcnya \u00e7ap\u0131nda ard-arda s\u0259rt karantin rejimi il\u0259 ba\u011fl\u0131 yum\u015falmalar olur, aprel ay\u0131ndan is\u0259 bu proses daha da geni\u015fl\u0259n\u0259c\u0259k. D\u00fcnya koronavirus pandemiyas\u0131ndan \u00e7\u0131xmaq \u0259r\u0259f\u0259sind\u0259dir. H\u0259tta bir \u00e7ox Avropa \u00f6lk\u0259sind\u0259 karantin rejimi tamamil\u0259 l\u0259\u011fv edilib. Misal \u00fc\u00e7\u00fcn, fevral\u0131n 1-d\u0259 son m\u0259hdudiyy\u0259tl\u0259rin qald\u0131r\u0131ld\u0131\u011f\u0131 ilk Avropa \u00f6lk\u0259si Danimarka olub, ard\u0131nca fevral\u0131n 9-dan \u0130sve\u00e7&hellip;","_links":{"self":[{"href":"https:\/\/arantv.az\/index.php?rest_route=\/wp\/v2\/posts\/447514"}],"collection":[{"href":"https:\/\/arantv.az\/index.php?rest_route=\/wp\/v2\/posts"}],"about":[{"href":"https:\/\/arantv.az\/index.php?rest_route=\/wp\/v2\/types\/post"}],"author":[{"embeddable":true,"href":"https:\/\/arantv.az\/index.php?rest_route=\/wp\/v2\/users\/2"}],"replies":[{"embeddable":true,"href":"https:\/\/arantv.az\/index.php?rest_route=%2Fwp%2Fv2%2Fcomments&post=447514"}],"version-history":[{"count":0,"href":"https:\/\/arantv.az\/index.php?rest_route=\/wp\/v2\/posts\/447514\/revisions"}],"wp:featuredmedia":[{"embeddable":true,"href":"https:\/\/arantv.az\/index.php?rest_route=\/wp\/v2\/media\/447515"}],"wp:attachment":[{"href":"https:\/\/arantv.az\/index.php?rest_route=%2Fwp%2Fv2%2Fmedia&parent=447514"}],"wp:term":[{"taxonomy":"category","embeddable":true,"href":"https:\/\/arantv.az\/index.php?rest_route=%2Fwp%2Fv2%2Fcategories&post=447514"},{"taxonomy":"post_tag","embeddable":true,"href":"https:\/\/arantv.az\/index.php?rest_route=%2Fwp%2Fv2%2Ftags&post=447514"}],"curies":[{"name":"wp","href":"https:\/\/api.w.org\/{rel}","templated":true}]}}