{"id":447587,"date":"2022-03-04T11:11:33","date_gmt":"2022-03-04T08:11:33","guid":{"rendered":"http:\/\/arantv.az\/?p=447587"},"modified":"2022-03-04T11:11:33","modified_gmt":"2022-03-04T08:11:33","slug":"t%c9%99hsil-nazirliyinin-8-mart-cagirisi","status":"publish","type":"post","link":"https:\/\/arantv.az\/?p=447587","title":{"rendered":"T\u0259hsil Nazirliyinin \u201c8 mart\u201d \u00e7a\u011f\u0131r\u0131\u015f\u0131"},"content":{"rendered":"<p><strong>T\u0259hsil Nazirliyi yan\u0131nda \u0130ctimai \u015eura 8 Mart &#8211; Beyn\u0259lxalq Qad\u0131nlar G\u00fcn\u00fc m\u00fcnasib\u0259til\u0259 ictimaiyy\u0259t\u0259 m\u00fcraci\u0259t edib.<\/strong><\/p>\n<p><strong>ARANTV.AZ<\/strong>\u00a0 <a href=\"https:\/\/az.trend.az\/\" target=\"_blank\" rel=\"noopener\">Trend<\/a>-\u0259 istinad\u0259n bildirir ki,\u00a0m\u00fcraci\u0259td\u0259 m\u0259kt\u0259bl\u0259rd\u0259 \u015fagird v\u0259 valideynl\u0259rd\u0259n h\u0259r hans\u0131 bir v\u0259saitin toplanmas\u0131n\u0131n yolverilm\u0259z oldu\u011fu qeyd edilir. Bildirilir ki, bayramla ba\u011fl\u0131 xo\u015fag\u0259lm\u0259z hallar\u0131n qar\u015f\u0131s\u0131n\u0131 almaq \u00fc\u00e7\u00fcn bu proses\u0259 c\u0259miyy\u0259t olaraq h\u0259r birimiz n\u0259zar\u0259t etm\u0259liyik.<\/p>\n<p>H\u0259m\u00e7inin qeyd olunur ki, bel\u0259 hallarla qar\u015f\u0131la\u015fanlar\u00a0tnictimaishura@gmail.com\u00a0elektron po\u00e7t \u00fcnvan\u0131na m\u00fcraci\u0259t ed\u0259 bil\u0259rl\u0259r.<\/p>\n<p>Unutmayaq ki, m\u00fc\u0259llim\u0259 h\u00f6rm\u0259t valideynin \u00f6z \u00f6vlad\u0131n\u0131n t\u0259lim-t\u0259rbiy\u0259 prosesin\u0259 h\u0259ssas yana\u015fmas\u0131, bu prosesd\u0259 onu h\u0259rt\u0259r\u0259fli d\u0259st\u0259kl\u0259m\u0259sidir.<\/p>\n<p>M\u00fcraci\u0259t xan\u0131mlar\u0131n 8 Mart &#8211; Beyn\u0259lxalq Qad\u0131nlar G\u00fcn\u00fc m\u00fcnasib\u0259til\u0259 t\u0259brik edilm\u0259si il\u0259 yekunla\u015fd\u0131r\u0131l\u0131r.<\/p>\n","protected":false},"excerpt":{"rendered":"<p>T\u0259hsil Nazirliyi yan\u0131nda \u0130ctimai \u015eura 8 Mart &#8211; Beyn\u0259lxalq Qad\u0131nlar G\u00fcn\u00fc m\u00fcnasib\u0259til\u0259 ictimaiyy\u0259t\u0259 m\u00fcraci\u0259t edib. ARANTV.AZ\u00a0 Trend-\u0259 istinad\u0259n bildirir ki,\u00a0m\u00fcraci\u0259td\u0259 m\u0259kt\u0259bl\u0259rd\u0259 \u015fagird v\u0259 valideynl\u0259rd\u0259n h\u0259r hans\u0131 bir v\u0259saitin toplanmas\u0131n\u0131n yolverilm\u0259z oldu\u011fu qeyd edilir. Bildirilir ki, bayramla ba\u011fl\u0131 xo\u015fag\u0259lm\u0259z hallar\u0131n qar\u015f\u0131s\u0131n\u0131 almaq \u00fc\u00e7\u00fcn bu proses\u0259 c\u0259miyy\u0259t olaraq h\u0259r birimiz n\u0259zar\u0259t etm\u0259liyik. H\u0259m\u00e7inin qeyd olunur ki, bel\u0259 hallarla qar\u015f\u0131la\u015fanlar\u00a0tnictimaishura@gmail.com\u00a0elektron po\u00e7t \u00fcnvan\u0131na m\u00fcraci\u0259t ed\u0259 bil\u0259rl\u0259r. Unutmayaq ki, m\u00fc\u0259llim\u0259 h\u00f6rm\u0259t valideynin \u00f6z \u00f6vlad\u0131n\u0131n t\u0259lim-t\u0259rbiy\u0259 prosesin\u0259 h\u0259ssas yana\u015fmas\u0131, bu prosesd\u0259 onu h\u0259rt\u0259r\u0259fli d\u0259st\u0259kl\u0259m\u0259sidir. M\u00fcraci\u0259t xan\u0131mlar\u0131n 8 Mart &#8211; Beyn\u0259lxalq Qad\u0131nlar G\u00fcn\u00fc m\u00fcnasib\u0259til\u0259 t\u0259brik edilm\u0259si il\u0259&hellip;<\/p>\n","protected":false},"author":2,"featured_media":447588,"comment_status":"closed","ping_status":"closed","sticky":false,"template":"","format":"standard","meta":{"om_disable_all_campaigns":false,"_monsterinsights_skip_tracking":false,"_monsterinsights_sitenote_active":false,"_monsterinsights_sitenote_note":"","_monsterinsights_sitenote_category":0},"categories":[23],"tags":[],"aioseo_notices":[],"gutentor_comment":0,"rttpg_featured_image_url":{"full":["https:\/\/arantv.az\/wp-content\/uploads\/2022\/03\/tehsil_nazirliyi_048.jpg",800,600,false],"landscape":["https:\/\/arantv.az\/wp-content\/uploads\/2022\/03\/tehsil_nazirliyi_048.jpg",800,600,false],"portraits":["https:\/\/arantv.az\/wp-content\/uploads\/2022\/03\/tehsil_nazirliyi_048.jpg",800,600,false],"thumbnail":["https:\/\/arantv.az\/wp-content\/uploads\/2022\/03\/tehsil_nazirliyi_048-500x280.jpg",500,280,true],"medium":["https:\/\/arantv.az\/wp-content\/uploads\/2022\/03\/tehsil_nazirliyi_048-487x365.jpg",487,365,true],"large":["https:\/\/arantv.az\/wp-content\/uploads\/2022\/03\/tehsil_nazirliyi_048.jpg",640,480,false],"1536x1536":["https:\/\/arantv.az\/wp-content\/uploads\/2022\/03\/tehsil_nazirliyi_048.jpg",800,600,false],"2048x2048":["https:\/\/arantv.az\/wp-content\/uploads\/2022\/03\/tehsil_nazirliyi_048.jpg",800,600,false],"post-thumbnail":["https:\/\/arantv.az\/wp-content\/uploads\/2022\/03\/tehsil_nazirliyi_048-240x172.jpg",240,172,true],"advps-thumb-one":["https:\/\/arantv.az\/wp-content\/uploads\/2022\/03\/tehsil_nazirliyi_048.jpg",800,600,false]},"rttpg_author":{"display_name":"V\u00fcsal Rafiqo\u011flu","author_link":"https:\/\/arantv.az\/?author=2"},"rttpg_comment":0,"rttpg_category":"<a href=\"https:\/\/arantv.az\/?cat=23\" rel=\"category\">T\u0259hsil<\/a>","rttpg_excerpt":"T\u0259hsil Nazirliyi yan\u0131nda \u0130ctimai \u015eura 8 Mart &#8211; Beyn\u0259lxalq Qad\u0131nlar G\u00fcn\u00fc m\u00fcnasib\u0259til\u0259 ictimaiyy\u0259t\u0259 m\u00fcraci\u0259t edib. ARANTV.AZ\u00a0 Trend-\u0259 istinad\u0259n bildirir ki,\u00a0m\u00fcraci\u0259td\u0259 m\u0259kt\u0259bl\u0259rd\u0259 \u015fagird v\u0259 valideynl\u0259rd\u0259n h\u0259r hans\u0131 bir v\u0259saitin toplanmas\u0131n\u0131n yolverilm\u0259z oldu\u011fu qeyd edilir. Bildirilir ki, bayramla ba\u011fl\u0131 xo\u015fag\u0259lm\u0259z hallar\u0131n qar\u015f\u0131s\u0131n\u0131 almaq \u00fc\u00e7\u00fcn bu proses\u0259 c\u0259miyy\u0259t olaraq h\u0259r birimiz n\u0259zar\u0259t etm\u0259liyik. H\u0259m\u00e7inin qeyd olunur ki, bel\u0259&hellip;","_links":{"self":[{"href":"https:\/\/arantv.az\/index.php?rest_route=\/wp\/v2\/posts\/447587"}],"collection":[{"href":"https:\/\/arantv.az\/index.php?rest_route=\/wp\/v2\/posts"}],"about":[{"href":"https:\/\/arantv.az\/index.php?rest_route=\/wp\/v2\/types\/post"}],"author":[{"embeddable":true,"href":"https:\/\/arantv.az\/index.php?rest_route=\/wp\/v2\/users\/2"}],"replies":[{"embeddable":true,"href":"https:\/\/arantv.az\/index.php?rest_route=%2Fwp%2Fv2%2Fcomments&post=447587"}],"version-history":[{"count":0,"href":"https:\/\/arantv.az\/index.php?rest_route=\/wp\/v2\/posts\/447587\/revisions"}],"wp:featuredmedia":[{"embeddable":true,"href":"https:\/\/arantv.az\/index.php?rest_route=\/wp\/v2\/media\/447588"}],"wp:attachment":[{"href":"https:\/\/arantv.az\/index.php?rest_route=%2Fwp%2Fv2%2Fmedia&parent=447587"}],"wp:term":[{"taxonomy":"category","embeddable":true,"href":"https:\/\/arantv.az\/index.php?rest_route=%2Fwp%2Fv2%2Fcategories&post=447587"},{"taxonomy":"post_tag","embeddable":true,"href":"https:\/\/arantv.az\/index.php?rest_route=%2Fwp%2Fv2%2Ftags&post=447587"}],"curies":[{"name":"wp","href":"https:\/\/api.w.org\/{rel}","templated":true}]}}