{"id":447609,"date":"2022-03-04T12:11:09","date_gmt":"2022-03-04T09:11:09","guid":{"rendered":"http:\/\/arantv.az\/?p=447609"},"modified":"2022-03-04T12:11:09","modified_gmt":"2022-03-04T09:11:09","slug":"yap-in-f%c9%99aliyy%c9%99tin%c9%99-musb%c9%99t-t%c9%99sir-etmis-on%c9%99mli-d%c9%99yisiklikl%c9%99r","status":"publish","type":"post","link":"https:\/\/arantv.az\/?p=447609","title":{"rendered":"YAP-\u0131n f\u0259aliyy\u0259tin\u0259 m\u00fcsb\u0259t t\u0259sir etmi\u015f \u00f6n\u0259mli d\u0259yi\u015fiklikl\u0259r"},"content":{"rendered":"<p>Yeni Az\u0259rbaycan Partiyas\u0131n\u0131n h\u0259r bir qurultay\u0131 respublikam\u0131z\u0131n ictimai-siyasi h\u0259yat\u0131nda b\u00f6y\u00fck v\u0259 m\u00fch\u00fcm d\u0259yi\u015fiklikl\u0259rl\u0259 yadda qal\u0131r. Bu da t\u0259sad\u00fcfi deyil. \u00c7\u00fcnki 29 il \u0259vv\u0259l Ulu \u00d6nd\u0259r Heyd\u0259r \u018fliyevin r\u0259hb\u0259rliyi il\u0259 yarad\u0131lan YAP ilk g\u00fcnd\u0259n c\u0259miyy\u0259tin apar\u0131c\u0131 siyasi q\u00fcvv\u0259sin\u0259 \u00e7evrilib. 1993-c\u00fc ild\u0259 Heyd\u0259r \u018fliyevin xalq\u0131m\u0131z\u0131n ist\u0259k v\u0259 t\u0259l\u0259bi il\u0259 hakimiyy\u0259t\u0259 g\u0259li\u015find\u0259n sonra hakim siyasi partiya statusunu alan YAP daim ona g\u00f6st\u0259ril\u0259n etimad\u0131 do\u011fruldub, h\u0259r zaman siyasi prosesl\u0259rin \u00f6n\u00fcnd\u0259 olub, \u00f6z f\u0259aliyy\u0259ti il\u0259 d\u00f6vl\u0259timizin inki\u015faf\u0131na, y\u00fcks\u0259li\u015fin\u0259 layiqli t\u00f6hf\u0259l\u0259r verib.<br \/>\nBir il \u0259vv\u0259l ke\u00e7iril\u0259n YAP-\u0131n VII qurultay\u0131nda vacib q\u0259rarlar q\u0259bul edildi. Partiyan\u0131n yeni Nizamnam\u0259sinin q\u0259bul olunmas\u0131, \u0130dar\u0259 Hey\u0259tinin 40 n\u0259f\u0259rd\u0259n ibar\u0259t t\u0259rkibd\u0259 se\u00e7ilm\u0259si partiyan\u0131n idar\u0259 olunmas\u0131n\u0131n v\u0259 partiyada f\u0259aliyy\u0259tin t\u0259nziml\u0259nm\u0259sinin yeni, \u00e7evik mexanizminin yarad\u0131lmas\u0131 bax\u0131m\u0131ndan aktuall\u0131q k\u0259sb edir.<br \/>\nBunlarla yana\u015f\u0131, YAP-\u0131n \u0130dar\u0259 Hey\u0259tinin, T\u0259fti\u015f Komissiyas\u0131n\u0131n, G\u0259ncl\u0259r Birliyinin yenid\u0259n formala\u015fd\u0131r\u0131lmas\u0131, Veteranlar \u015euras\u0131n\u0131n t\u0259sis edilm\u0259si d\u0259 partiya idar\u0259etm\u0259sind\u0259 yeni m\u0259rh\u0259l\u0259nin ba\u015flanmas\u0131d\u0131r. Dig\u0259r t\u0259r\u0259fd\u0259n, 6 siyasi partiyan\u0131n YAP-a qo\u015fulmas\u0131na dair q\u0259rar q\u0259bul edilm\u0259si partiyam\u0131z\u0131n y\u00fcks\u0259k n\u00fcfuzunun, inam v\u0259 etimad \u00fcnvan\u0131 olmas\u0131n\u0131n daha bir n\u00fcmun\u0259si &#8211; \u0259yani ifad\u0259sidir. Bu fakt h\u0259m d\u0259 siyasi birlik v\u0259 milli h\u0259mr\u0259ylik \u00f6rn\u0259yi, yeni siyasi m\u0259d\u0259niyy\u0259t n\u00fcmun\u0259si kimi diqq\u0259t\u0259layiqdir.<br \/>\nVII qurultaydan sonra Mehriban xan\u0131m \u018fliyeva partiya S\u0259drinin birinci m\u00fcavini t\u0259yin edildi. Bu, d\u00f6vl\u0259t\u00e7ilik maraqlar\u0131n\u0131n qorunmas\u0131 v\u0259 milli h\u0259mr\u0259yliyin g\u00fccl\u0259ndirilm\u0259si bax\u0131m\u0131ndan \u00e7ox b\u00f6y\u00fck \u0259h\u0259miyy\u0259t\u0259 malikdir. Bu bax\u0131mdan Mehriban xan\u0131m \u018fliyevan\u0131n YAP S\u0259drinin birinci m\u00fcavini kimi f\u0259aliyy\u0259ti partiyan\u0131n inki\u015faf\u0131na b\u00f6y\u00fck t\u00f6hf\u0259 verir.<br \/>\nB\u00fct\u00fcn bunlarla yana\u015f\u0131 Yeni Az\u0259rbaycan Partiyas\u0131n\u0131n t\u0259\u015fkilat\u00e7\u0131l\u0131\u011f\u0131 il\u0259 t\u0259dbirl\u0259rin ke\u00e7irilm\u0259si d\u0259 milli maraqlar\u0131n qorunmas\u0131na siyasi-ideoloji d\u0259st\u0259yin verilm\u0259si, o c\u00fcml\u0259d\u0259n d\u00f6vl\u0259tin strateji maraqlar\u0131n\u0131n m\u00fcdafi\u0259si namin\u0259 ictimai r\u0259yin formala\u015fmas\u0131 bax\u0131m\u0131ndan da \u00f6n\u0259mlidir. Ke\u00e7irdiyimiz t\u0259dbirl\u0259r h\u0259m g\u0259ncl\u0259rin v\u0259t\u0259np\u0259rv\u0259rlik ruhunda t\u0259rbiy\u0259si &#8211; milli \u015f\u00fcurun g\u00fccl\u0259ndirilm\u0259si, h\u0259m Az\u0259rbaycan h\u0259qiq\u0259tl\u0259rinin d\u00fcnya ictimaiyy\u0259tin\u0259 \u00e7atd\u0131r\u0131lmas\u0131, h\u0259m partiyan\u0131n beyn\u0259lxalq \u0259laq\u0259l\u0259rinin m\u00f6hk\u0259ml\u0259ndirilm\u0259si, istiqam\u0259tind\u0259 m\u00fch\u00fcm \u0259h\u0259miyy\u0259t\u0259 malikdir.<br \/>\nB\u00fct\u00f6vl\u00fckd\u0259, YAP-\u0131n VII qurultay\u0131 v\u0259 q\u0259bul olunan q\u0259rarlar partiyan\u0131n f\u0259aliyy\u0259tini yeni m\u0259rh\u0259l\u0259y\u0259 y\u00fcks\u0259ldir \u018fn \u0259sas\u0131, VII qurultay g\u00f6st\u0259rdi ki, \u00f6lk\u0259nin apar\u0131c\u0131 siyasi q\u00fcvv\u0259si kimi YAP bundan sonra da qar\u015f\u0131s\u0131nda dayanan v\u0259zif\u0259l\u0259ri layiqinc\u0259 yerin\u0259 yetir\u0259c\u0259k.<\/p>\n<div class=\"AdviadNativeVideo\"><\/div>\n<p>Aysel M\u0259nsimova \u2013 YAP \u00fczv\u00fc<\/p>\n","protected":false},"excerpt":{"rendered":"<p>Yeni Az\u0259rbaycan Partiyas\u0131n\u0131n h\u0259r bir qurultay\u0131 respublikam\u0131z\u0131n ictimai-siyasi h\u0259yat\u0131nda b\u00f6y\u00fck v\u0259 m\u00fch\u00fcm d\u0259yi\u015fiklikl\u0259rl\u0259 yadda qal\u0131r. Bu da t\u0259sad\u00fcfi deyil. \u00c7\u00fcnki 29 il \u0259vv\u0259l Ulu \u00d6nd\u0259r Heyd\u0259r \u018fliyevin r\u0259hb\u0259rliyi il\u0259 yarad\u0131lan YAP ilk g\u00fcnd\u0259n c\u0259miyy\u0259tin apar\u0131c\u0131 siyasi q\u00fcvv\u0259sin\u0259 \u00e7evrilib. 1993-c\u00fc ild\u0259 Heyd\u0259r \u018fliyevin xalq\u0131m\u0131z\u0131n ist\u0259k v\u0259 t\u0259l\u0259bi il\u0259 hakimiyy\u0259t\u0259 g\u0259li\u015find\u0259n sonra hakim siyasi partiya statusunu alan YAP daim ona g\u00f6st\u0259ril\u0259n etimad\u0131 do\u011fruldub, h\u0259r zaman siyasi prosesl\u0259rin \u00f6n\u00fcnd\u0259 olub, \u00f6z f\u0259aliyy\u0259ti il\u0259 d\u00f6vl\u0259timizin inki\u015faf\u0131na, y\u00fcks\u0259li\u015fin\u0259 layiqli t\u00f6hf\u0259l\u0259r verib. Bir il \u0259vv\u0259l ke\u00e7iril\u0259n YAP-\u0131n VII qurultay\u0131nda vacib q\u0259rarlar q\u0259bul edildi. Partiyan\u0131n yeni Nizamnam\u0259sinin&hellip;<\/p>\n","protected":false},"author":2,"featured_media":443447,"comment_status":"closed","ping_status":"closed","sticky":false,"template":"","format":"standard","meta":{"om_disable_all_campaigns":false,"_monsterinsights_skip_tracking":false,"_monsterinsights_sitenote_active":false,"_monsterinsights_sitenote_note":"","_monsterinsights_sitenote_category":0},"categories":[4],"tags":[],"aioseo_notices":[],"gutentor_comment":0,"rttpg_featured_image_url":{"full":["https:\/\/arantv.az\/wp-content\/uploads\/2022\/02\/ilham_aliyev_2020_53-4.jpg",800,600,false],"landscape":["https:\/\/arantv.az\/wp-content\/uploads\/2022\/02\/ilham_aliyev_2020_53-4.jpg",800,600,false],"portraits":["https:\/\/arantv.az\/wp-content\/uploads\/2022\/02\/ilham_aliyev_2020_53-4.jpg",800,600,false],"thumbnail":["https:\/\/arantv.az\/wp-content\/uploads\/2022\/02\/ilham_aliyev_2020_53-4-500x280.jpg",500,280,true],"medium":["https:\/\/arantv.az\/wp-content\/uploads\/2022\/02\/ilham_aliyev_2020_53-4-487x365.jpg",487,365,true],"large":["https:\/\/arantv.az\/wp-content\/uploads\/2022\/02\/ilham_aliyev_2020_53-4.jpg",640,480,false],"1536x1536":["https:\/\/arantv.az\/wp-content\/uploads\/2022\/02\/ilham_aliyev_2020_53-4.jpg",800,600,false],"2048x2048":["https:\/\/arantv.az\/wp-content\/uploads\/2022\/02\/ilham_aliyev_2020_53-4.jpg",800,600,false],"post-thumbnail":["https:\/\/arantv.az\/wp-content\/uploads\/2022\/02\/ilham_aliyev_2020_53-4-240x172.jpg",240,172,true],"advps-thumb-one":["https:\/\/arantv.az\/wp-content\/uploads\/2022\/02\/ilham_aliyev_2020_53-4.jpg",800,600,false]},"rttpg_author":{"display_name":"V\u00fcsal Rafiqo\u011flu","author_link":"https:\/\/arantv.az\/?author=2"},"rttpg_comment":0,"rttpg_category":"<a href=\"https:\/\/arantv.az\/?cat=4\" rel=\"category\">Siyas\u0259t<\/a>","rttpg_excerpt":"Yeni Az\u0259rbaycan Partiyas\u0131n\u0131n h\u0259r bir qurultay\u0131 respublikam\u0131z\u0131n ictimai-siyasi h\u0259yat\u0131nda b\u00f6y\u00fck v\u0259 m\u00fch\u00fcm d\u0259yi\u015fiklikl\u0259rl\u0259 yadda qal\u0131r. Bu da t\u0259sad\u00fcfi deyil. \u00c7\u00fcnki 29 il \u0259vv\u0259l Ulu \u00d6nd\u0259r Heyd\u0259r \u018fliyevin r\u0259hb\u0259rliyi il\u0259 yarad\u0131lan YAP ilk g\u00fcnd\u0259n c\u0259miyy\u0259tin apar\u0131c\u0131 siyasi q\u00fcvv\u0259sin\u0259 \u00e7evrilib. 1993-c\u00fc ild\u0259 Heyd\u0259r \u018fliyevin xalq\u0131m\u0131z\u0131n ist\u0259k v\u0259 t\u0259l\u0259bi il\u0259 hakimiyy\u0259t\u0259 g\u0259li\u015find\u0259n sonra hakim siyasi partiya statusunu alan&hellip;","_links":{"self":[{"href":"https:\/\/arantv.az\/index.php?rest_route=\/wp\/v2\/posts\/447609"}],"collection":[{"href":"https:\/\/arantv.az\/index.php?rest_route=\/wp\/v2\/posts"}],"about":[{"href":"https:\/\/arantv.az\/index.php?rest_route=\/wp\/v2\/types\/post"}],"author":[{"embeddable":true,"href":"https:\/\/arantv.az\/index.php?rest_route=\/wp\/v2\/users\/2"}],"replies":[{"embeddable":true,"href":"https:\/\/arantv.az\/index.php?rest_route=%2Fwp%2Fv2%2Fcomments&post=447609"}],"version-history":[{"count":0,"href":"https:\/\/arantv.az\/index.php?rest_route=\/wp\/v2\/posts\/447609\/revisions"}],"wp:featuredmedia":[{"embeddable":true,"href":"https:\/\/arantv.az\/index.php?rest_route=\/wp\/v2\/media\/443447"}],"wp:attachment":[{"href":"https:\/\/arantv.az\/index.php?rest_route=%2Fwp%2Fv2%2Fmedia&parent=447609"}],"wp:term":[{"taxonomy":"category","embeddable":true,"href":"https:\/\/arantv.az\/index.php?rest_route=%2Fwp%2Fv2%2Fcategories&post=447609"},{"taxonomy":"post_tag","embeddable":true,"href":"https:\/\/arantv.az\/index.php?rest_route=%2Fwp%2Fv2%2Ftags&post=447609"}],"curies":[{"name":"wp","href":"https:\/\/api.w.org\/{rel}","templated":true}]}}