{"id":447614,"date":"2022-03-04T12:12:44","date_gmt":"2022-03-04T09:12:44","guid":{"rendered":"http:\/\/arantv.az\/?p=447614"},"modified":"2022-03-04T12:12:44","modified_gmt":"2022-03-04T09:12:44","slug":"yap-daki-yenilikl%c9%99r-olk%c9%99d%c9%99-islahatlarin-sur%c9%99tl%c9%99nm%c9%99sin%c9%99-xidm%c9%99t-edir","status":"publish","type":"post","link":"https:\/\/arantv.az\/?p=447614","title":{"rendered":"YAP-dak\u0131 yenilikl\u0259r \u00f6lk\u0259d\u0259 islahatlar\u0131n s\u00fcr\u0259tl\u0259nm\u0259sin\u0259 xidm\u0259t edir"},"content":{"rendered":"<p>\u00d6lk\u0259mizin ictimai-siyasi h\u0259yat\u0131nda apar\u0131c\u0131 m\u00f6vqey\u0259 malik olan Yeni Az\u0259rbaycan Partiyas\u0131n\u0131n VII qurultay\u0131ndan bir il \u00f6t\u00fcr. 2018-ci il prezident se\u00e7kil\u0259rind\u0259n sonra d\u00f6vl\u0259timizin ba\u015f\u00e7\u0131s\u0131 \u0130lham \u018fliyevin r\u0259hb\u0259rliyi il\u0259 ba\u015flad\u0131lan v\u0259 b\u00fct\u00fcn sah\u0259l\u0259ri \u0259hat\u0259 ed\u0259n sistemli islahatlar, o c\u00fcml\u0259d\u0259n V\u0259t\u0259n m\u00fcharib\u0259sind\u0259 qazand\u0131\u011f\u0131m\u0131z \u015fanl\u0131 Z\u0259f\u0259r qar\u015f\u0131m\u0131zda yeni reall\u0131qlar\u0131n yaranmas\u0131n\u0131 \u015f\u0259rtl\u0259ndirib. Bu m\u0259nada, Yeni Az\u0259rbaycan Partiyas\u0131n\u0131n VII qurultay\u0131 h\u0259m partiyan\u0131n, h\u0259m d\u0259 d\u00f6vl\u0259tin qar\u015f\u0131s\u0131nda duran v\u0259zif\u0259l\u0259rin m\u00fc\u0259yy\u0259n olunmas\u0131 bax\u0131m\u0131ndan b\u00f6y\u00fck \u0259h\u0259miyy\u0259t k\u0259sb edib.<br \/>\nUlu \u00f6nd\u0259r Heyd\u0259r \u018fliyevin z\u0259ngin siyasi v\u0259 d\u00f6vl\u0259t\u00e7ilik t\u0259cr\u00fcb\u0259sin\u0259 \u0259saslanan Yeni Az\u0259rbaycan Partiyas\u0131 t\u0259kc\u0259 \u00f6lk\u0259mizd\u0259 deyil, regionda \u0259n g\u00fccl\u00fc, lider siyasi t\u0259\u015fkilatd\u0131r. Quruldu\u011fu g\u00fcnd\u0259n y\u00fcks\u0259k n\u00fcfuz qazanm\u0131\u015f Yeni Az\u0259rbaycan Partiyas\u0131 \u015f\u0259r\u0259fli bir yol ke\u00e7mi\u015fdir. \u0130qtidar partiyas\u0131 olaraq Yeni Az\u0259rbaycan Partiyas\u0131 ulu \u00f6nd\u0259r Heyd\u0259r \u018fliyev siyas\u0259tinin avanqard q\u00fcvv\u0259si kimi, xalq\u0131m\u0131z\u0131n qar\u015f\u0131s\u0131nda dayanan v\u0259zif\u0259l\u0259rin h\u0259ll edilm\u0259sin\u0259 \u00f6z t\u00f6hf\u0259sini vermi\u015f v\u0259 bundan sonra da davam ed\u0259c\u0259kdir. Bu g\u00fcn M\u00fcz\u0259ff\u0259r Ali Ba\u015f Komandan, Prezident \u0130lham \u018fliyevin r\u0259hb\u0259rlik etdiyi Partiyan\u0131n s\u0131ralar\u0131 getdikc\u0259 geni\u015fl\u0259nir. Bu, d\u00f6vl\u0259t ba\u015f\u00e7\u0131s\u0131na v\u0259 Yeni Az\u0259rbaycan Partiyas\u0131na Az\u0259rbaycan c\u0259miyy\u0259tind\u0259 olan d\u0259rin inamdan v\u0259 ehtiramdan ir\u0259li g\u0259lir.<br \/>\nSon ill\u0259rd\u0259 \u00f6lk\u0259mizd\u0259 ke\u00e7iril\u0259n b\u00fct\u00fcn se\u00e7kil\u0259rd\u0259 inaml\u0131 q\u0259l\u0259b\u0259 qazanan Yeni Az\u0259rbaycan Partiyas\u0131 regionda \u0259n iri siyasi t\u0259\u015fkilata \u00e7evrilib. Partiyan\u0131n qurucusu \u00fcmummilli lider Heyd\u0259r \u018fliyevin s\u00f6yl\u0259diyi kimi &#8220;Yeni Az\u0259rbaycan Partiyas\u0131 d\u00fcn\u0259nin, bu g\u00fcn\u00fcn v\u0259 g\u0259l\u0259c\u0259yin partiyas\u0131d\u0131r&#8221;.<br \/>\nC\u0259nubi Qafqaz\u0131n \u0259n b\u00f6y\u00fck siyasi t\u0259\u015fkilat\u0131 olan Yeni Az\u0259rbaycan Partiyas\u0131 \u00f6lk\u0259mizd\u0259 ged\u0259n \u00fcmumi inki\u015faf tendensiyalar\u0131ndan k\u0259narda qala bilm\u0259zdi. N\u0259z\u0259r\u0259 alaq ki, islahatlar\u0131n m\u00fch\u00fcm istiqam\u0259tl\u0259rind\u0259n birini d\u0259 m\u0259hz siyasi islahatlar t\u0259\u015fkil edir. YAP is\u0259 \u00f6z t\u0259cr\u00fcb\u0259sin\u0259 v\u0259 z\u0259ngin d\u00f6vl\u0259t\u00e7ilik \u0259n\u0259n\u0259l\u0259rin\u0259 g\u00f6r\u0259 bu prosesin \u00f6n\u00fcnd\u0259 dayan\u0131b.<br \/>\nYeni Az\u0259rbaycan Partiyas\u0131n\u0131n VII Qurultay\u0131ndan ke\u00e7\u0259n bir ild\u0259 \u00f6lk\u0259mizin, Yeni Az\u0259rbaycan Partiyas\u0131n\u0131n h\u0259yat\u0131nda ba\u015f ver\u0259n yenilikl\u0259r\u0259, \u0259ld\u0259 olunan u\u011furlara n\u0259z\u0259r salsaq bu fikri b\u00f6y\u00fck \u0259minlikl\u0259 qeyd ed\u0259 bil\u0259rik ki, m\u00f6hk\u0259m t\u0259m\u0259l, g\u0259l\u0259c\u0259y\u0259 hesablanm\u0131\u015f strategiya, t\u0259kmil islahatlar inki\u015faf\u0131n \u0259sas\u0131d\u0131r.<br \/>\nYAP-\u0131n \u00fcmumxalq partiyas\u0131 olmas\u0131 onu g\u0259l\u0259c\u0259kd\u0259 d\u0259 apar\u0131c\u0131 siyasi q\u00fcvv\u0259 kimi g\u00fccl\u0259ndir\u0259n meyard\u0131r. Partiyada c\u0259miyy\u0259tin m\u00fcxt\u0259lif t\u0259b\u0259q\u0259l\u0259rinin n\u00fcmay\u0259nd\u0259l\u0259rinin geni\u015f \u015f\u0259kild\u0259 t\u0259msil olunmas\u0131 xalq\u0131m\u0131z\u0131n YAP-a b\u00f6y\u00fck etimad\u0131n\u0131n ifad\u0259sidir. \u018fsas h\u0259d\u0259fl\u0259rind\u0259n biri Heyd\u0259r \u018fliyev irsinin t\u0259bli\u011fi v\u0259 t\u0259\u015fviqi olan, d\u00f6vl\u0259t siyas\u0259tinin h\u0259yata ke\u00e7irilm\u0259sind\u0259, \u00f6lk\u0259mizd\u0259 yeni siyasi konfiqurasiyan\u0131n yaranmas\u0131nda v\u0259 partiyalararas\u0131 dialoqun m\u00f6hk\u0259ml\u0259nm\u0259sind\u0259 f\u0259al i\u015ftirak ed\u0259n, beyn\u0259lxalq \u0259laq\u0259l\u0259rini geni\u015fl\u0259ndirm\u0259kl\u0259 Az\u0259rbaycan h\u0259qiq\u0259tl\u0259rinin t\u0259bli\u011fin\u0259, \u00f6lk\u0259l\u0259r aras\u0131nda m\u00fcnasib\u0259tl\u0259rin inki\u015faf\u0131na b\u00f6y\u00fck t\u00f6hf\u0259l\u0259r ver\u0259n YAP-\u0131n c\u0259miyy\u0259td\u0259 m\u00f6vqeyi g\u00fcnb\u0259g\u00fcn m\u00f6hk\u0259ml\u0259nm\u0259kd\u0259dir. YAP &#8220;Biz birlikd\u0259 g\u00fccl\u00fcy\u00fck!&#8221; devizi alt\u0131nda daha m\u00f6ht\u0259\u015f\u0259m u\u011furlara v\u0259 q\u0259l\u0259b\u0259l\u0259r\u0259 do\u011fru inamla ir\u0259lil\u0259yir.<\/p>\n<div class=\"AdviadNativeVideo\"><\/div>\n<p>\u0130srafil K\u0259rimov \u2013 Az\u0259rbaycan Jurnalistl\u0259r Birliyinin \u00fczv\u00fc<\/p>\n","protected":false},"excerpt":{"rendered":"<p>\u00d6lk\u0259mizin ictimai-siyasi h\u0259yat\u0131nda apar\u0131c\u0131 m\u00f6vqey\u0259 malik olan Yeni Az\u0259rbaycan Partiyas\u0131n\u0131n VII qurultay\u0131ndan bir il \u00f6t\u00fcr. 2018-ci il prezident se\u00e7kil\u0259rind\u0259n sonra d\u00f6vl\u0259timizin ba\u015f\u00e7\u0131s\u0131 \u0130lham \u018fliyevin r\u0259hb\u0259rliyi il\u0259 ba\u015flad\u0131lan v\u0259 b\u00fct\u00fcn sah\u0259l\u0259ri \u0259hat\u0259 ed\u0259n sistemli islahatlar, o c\u00fcml\u0259d\u0259n V\u0259t\u0259n m\u00fcharib\u0259sind\u0259 qazand\u0131\u011f\u0131m\u0131z \u015fanl\u0131 Z\u0259f\u0259r qar\u015f\u0131m\u0131zda yeni reall\u0131qlar\u0131n yaranmas\u0131n\u0131 \u015f\u0259rtl\u0259ndirib. Bu m\u0259nada, Yeni Az\u0259rbaycan Partiyas\u0131n\u0131n VII qurultay\u0131 h\u0259m partiyan\u0131n, h\u0259m d\u0259 d\u00f6vl\u0259tin qar\u015f\u0131s\u0131nda duran v\u0259zif\u0259l\u0259rin m\u00fc\u0259yy\u0259n olunmas\u0131 bax\u0131m\u0131ndan b\u00f6y\u00fck \u0259h\u0259miyy\u0259t k\u0259sb edib. Ulu \u00f6nd\u0259r Heyd\u0259r \u018fliyevin z\u0259ngin siyasi v\u0259 d\u00f6vl\u0259t\u00e7ilik t\u0259cr\u00fcb\u0259sin\u0259 \u0259saslanan Yeni Az\u0259rbaycan Partiyas\u0131 t\u0259kc\u0259 \u00f6lk\u0259mizd\u0259 deyil, regionda \u0259n g\u00fccl\u00fc, lider siyasi t\u0259\u015fkilatd\u0131r.&hellip;<\/p>\n","protected":false},"author":2,"featured_media":447615,"comment_status":"closed","ping_status":"closed","sticky":false,"template":"","format":"standard","meta":{"om_disable_all_campaigns":false,"_monsterinsights_skip_tracking":false,"_monsterinsights_sitenote_active":false,"_monsterinsights_sitenote_note":"","_monsterinsights_sitenote_category":0},"categories":[19],"tags":[],"aioseo_notices":[],"gutentor_comment":0,"rttpg_featured_image_url":{"full":["https:\/\/arantv.az\/wp-content\/uploads\/2022\/03\/ilham2_51646384238.jpg",300,281,false],"landscape":["https:\/\/arantv.az\/wp-content\/uploads\/2022\/03\/ilham2_51646384238.jpg",300,281,false],"portraits":["https:\/\/arantv.az\/wp-content\/uploads\/2022\/03\/ilham2_51646384238.jpg",300,281,false],"thumbnail":["https:\/\/arantv.az\/wp-content\/uploads\/2022\/03\/ilham2_51646384238.jpg",299,280,false],"medium":["https:\/\/arantv.az\/wp-content\/uploads\/2022\/03\/ilham2_51646384238.jpg",300,281,false],"large":["https:\/\/arantv.az\/wp-content\/uploads\/2022\/03\/ilham2_51646384238.jpg",300,281,false],"1536x1536":["https:\/\/arantv.az\/wp-content\/uploads\/2022\/03\/ilham2_51646384238.jpg",300,281,false],"2048x2048":["https:\/\/arantv.az\/wp-content\/uploads\/2022\/03\/ilham2_51646384238.jpg",300,281,false],"post-thumbnail":["https:\/\/arantv.az\/wp-content\/uploads\/2022\/03\/ilham2_51646384238-240x172.jpg",240,172,true],"advps-thumb-one":["https:\/\/arantv.az\/wp-content\/uploads\/2022\/03\/ilham2_51646384238.jpg",300,281,false]},"rttpg_author":{"display_name":"V\u00fcsal Rafiqo\u011flu","author_link":"https:\/\/arantv.az\/?author=2"},"rttpg_comment":0,"rttpg_category":"<a href=\"https:\/\/arantv.az\/?cat=19\" rel=\"category\">G\u00fcnd\u0259m<\/a>","rttpg_excerpt":"\u00d6lk\u0259mizin ictimai-siyasi h\u0259yat\u0131nda apar\u0131c\u0131 m\u00f6vqey\u0259 malik olan Yeni Az\u0259rbaycan Partiyas\u0131n\u0131n VII qurultay\u0131ndan bir il \u00f6t\u00fcr. 2018-ci il prezident se\u00e7kil\u0259rind\u0259n sonra d\u00f6vl\u0259timizin ba\u015f\u00e7\u0131s\u0131 \u0130lham \u018fliyevin r\u0259hb\u0259rliyi il\u0259 ba\u015flad\u0131lan v\u0259 b\u00fct\u00fcn sah\u0259l\u0259ri \u0259hat\u0259 ed\u0259n sistemli islahatlar, o c\u00fcml\u0259d\u0259n V\u0259t\u0259n m\u00fcharib\u0259sind\u0259 qazand\u0131\u011f\u0131m\u0131z \u015fanl\u0131 Z\u0259f\u0259r qar\u015f\u0131m\u0131zda yeni reall\u0131qlar\u0131n yaranmas\u0131n\u0131 \u015f\u0259rtl\u0259ndirib. Bu m\u0259nada, Yeni Az\u0259rbaycan Partiyas\u0131n\u0131n VII qurultay\u0131 h\u0259m partiyan\u0131n,&hellip;","_links":{"self":[{"href":"https:\/\/arantv.az\/index.php?rest_route=\/wp\/v2\/posts\/447614"}],"collection":[{"href":"https:\/\/arantv.az\/index.php?rest_route=\/wp\/v2\/posts"}],"about":[{"href":"https:\/\/arantv.az\/index.php?rest_route=\/wp\/v2\/types\/post"}],"author":[{"embeddable":true,"href":"https:\/\/arantv.az\/index.php?rest_route=\/wp\/v2\/users\/2"}],"replies":[{"embeddable":true,"href":"https:\/\/arantv.az\/index.php?rest_route=%2Fwp%2Fv2%2Fcomments&post=447614"}],"version-history":[{"count":0,"href":"https:\/\/arantv.az\/index.php?rest_route=\/wp\/v2\/posts\/447614\/revisions"}],"wp:featuredmedia":[{"embeddable":true,"href":"https:\/\/arantv.az\/index.php?rest_route=\/wp\/v2\/media\/447615"}],"wp:attachment":[{"href":"https:\/\/arantv.az\/index.php?rest_route=%2Fwp%2Fv2%2Fmedia&parent=447614"}],"wp:term":[{"taxonomy":"category","embeddable":true,"href":"https:\/\/arantv.az\/index.php?rest_route=%2Fwp%2Fv2%2Fcategories&post=447614"},{"taxonomy":"post_tag","embeddable":true,"href":"https:\/\/arantv.az\/index.php?rest_route=%2Fwp%2Fv2%2Ftags&post=447614"}],"curies":[{"name":"wp","href":"https:\/\/api.w.org\/{rel}","templated":true}]}}