{"id":447671,"date":"2022-03-04T13:41:57","date_gmt":"2022-03-04T10:41:57","guid":{"rendered":"http:\/\/arantv.az\/?p=447671"},"modified":"2022-03-04T13:41:57","modified_gmt":"2022-03-04T10:41:57","slug":"yap-az%c9%99rbaycan-dovl%c9%99tinin-inkisafina-tohf%c9%99l%c9%99r-ver%c9%99n-mut%c9%99s%c9%99kkil-siyasi-t%c9%99skilatdir","status":"publish","type":"post","link":"https:\/\/arantv.az\/?p=447671","title":{"rendered":"YAP Az\u0259rbaycan d\u00f6vl\u0259tinin inki\u015faf\u0131na t\u00f6hf\u0259l\u0259r ver\u0259n m\u00fct\u0259\u015f\u0259kkil siyasi t\u0259\u015fkilatd\u0131r"},"content":{"rendered":"<p><em><strong>Partiyam\u0131z\u0131n VII qurultay\u0131ndan ke\u00e7\u0259n bir illik d\u00f6vr \u00f6lk\u0259mizin v\u0259 partiyam\u0131z\u0131n h\u0259yat\u0131nda b\u00f6y\u00fck u\u011furlarla yadda qal\u0131b<\/strong><\/em><\/p>\n<p>Regionun \u0259n b\u00f6y\u00fck v\u0259 m\u00fct\u0259\u015f\u015f\u0259kil siyasi t\u0259\u015fkilat\u0131 kimi f\u0259aliyy\u0259t g\u00f6st\u0259r\u0259n Yeni Az\u0259rbaycan Partiyas\u0131n\u0131n VII Qurultay\u0131ndan bir il \u00f6t\u00fcr. M\u0259hz bir il \u00f6nc\u0259 Partiyam\u0131z\u0131n s\u0259dri, Prezident c\u0259nab \u0130lham \u018fliyevin s\u0259drliyi il\u0259 ke\u00e7iril\u0259n Qurultayda q\u0259bul olunmu\u015f q\u0259rarlar v\u0259 m\u00fc\u0259yy\u0259n edilmi\u015f h\u0259d\u0259fl\u0259r q\u0131sa zaman \u0259rzind\u0259 \u00f6lk\u0259mizin siyasi m\u00fchitind\u0259 \u00f6z m\u00fcsb\u0259t n\u0259tic\u0259l\u0259rini g\u00f6st\u0259rm\u0259y\u0259 ba\u015flad\u0131. B\u00fct\u00fcn bunlar \u00fcmummilli lider Heyd\u0259r \u018fliyevin r\u0259hb\u0259rliyi il\u0259 30 il \u00f6nc\u0259 yarad\u0131lm\u0131\u015f Yeni Az\u0259rbaycan Partiyas\u0131n\u0131n g\u0259l\u0259c\u0259k u\u011furlar\u0131n\u0131n v\u0259 h\u0259d\u0259fl\u0259rinin ilk g\u00f6st\u0259ricil\u0259ridir.<\/p>\n<p>B\u0259li, m\u0259hz f\u0259aliyy\u0259td\u0259 oldu\u011fu 30 il\u0259 yax\u0131n bir d\u00f6vrd\u0259 \u00f6lk\u0259mizin ictimai-siyasi h\u0259yat\u0131nda apar\u0131c\u0131 rol oynayan, yarand\u0131\u011f\u0131 g\u00fcnd\u0259n xalq\u0131n partiyas\u0131na \u00e7evril\u0259n, ke\u00e7diyi 30 il\u0259 yax\u0131n \u015f\u0259r\u0259fli yolda Az\u0259rbayacan\u0131n qazand\u0131\u011f\u0131 u\u011furlara \u00f6z t\u00f6hf\u0259sini ver\u0259n Yeni Az\u0259rbaycan Partiyas\u0131 davaml\u0131 inki\u015faf ed\u0259n bir siyasi q\u00fcvv\u0259dir. YAP-\u0131n S\u0259dri, Prezident \u0130lham \u018fliyev YAP-\u0131n 2021-ci ilin mart\u0131n 5-d\u0259 ke\u00e7iril\u0259n VII qurultay\u0131nda bildirib ki, Yeni Az\u0259rbaycan Partiyas\u0131 n\u0259inki Az\u0259rbaycan\u0131n, C\u0259nubi Qafqaz\u0131n \u0259n b\u00f6y\u00fck siyasi partiyas\u0131d\u0131r. Ali Ba\u015f Komandan\u0131m\u0131z\u0131n partiyan\u0131n VII qurultay\u0131nda d\u0259rin m\u0259zmunlu, proqram xarakterli nitqi ayr\u0131-ayr\u0131 d\u00f6vrl\u0259rin reall\u0131qlar\u0131n\u0131n ayd\u0131n m\u0259nz\u0259r\u0259sini yaratmaqla yana\u015f\u0131, qar\u015f\u0131dak\u0131 ill\u0259rin prioritetl\u0259rinin d\u0259 t\u0259qdimat\u0131 oldu. Qurultayda xalq v\u0259 d\u00f6vl\u0259t olaraq birliyimiz, h\u0259mr\u0259yliyimiz x\u00fcsusi olaraq vur\u011fulanmaqla bildirildi ki, YAP daim t\u0259kmill\u0259\u015fm\u0259y\u0259, yenil\u0259\u015fm\u0259y\u0259 a\u00e7\u0131q olan bir modern siyasi t\u0259\u015fkilatd\u0131r.<\/p>\n<p>YAP-\u0131n VII qurultay\u0131nda m\u00f6ht\u0259r\u0259m Prezidentimiz \u0130lham \u018fliyevin proqram xarakterli, x\u00fcsusil\u0259 44 g\u00fcnl\u00fck \u0130kinci Qaraba\u011f<\/p>\n<p>m\u00fcharib\u0259sind\u0259 Q\u0259l\u0259bimizin yaratd\u0131\u011f\u0131 yeni reall\u0131qlar\u0131 \u00f6z\u00fcnd\u0259 \u0259ks etdir\u0259n nitqi b\u00fct\u00fcn partiya \u00fczvl\u0259ri \u00fc\u00e7\u00fcn yeni v\u0259zif\u0259l\u0259r m\u00fc\u0259yy\u0259nl\u0259\u015fdirdi: \u00abH\u0259yat d\u0259yi\u015fir, z\u0259man\u0259 d\u0259yi\u015fir. Bir daha dem\u0259k ist\u0259yir\u0259m ki, biz \u0259n m\u00fcasir t\u0259cr\u00fcb\u0259ni Az\u0259rbaycanda b\u00fct\u00fcn sah\u0259l\u0259rd\u0259 t\u0259tbiq etm\u0259liyik, o c\u00fcml\u0259d\u0259n siyasi islahatlar sah\u0259sind\u0259. \u018fmin\u0259m ki, partiyan\u0131n r\u0259hb\u0259r orqanlar\u0131nda t\u0259msil olunan \u00fczvl\u0259ri f\u0259al olacaqlar, partiyam\u0131z\u0131n f\u0259aliyy\u0259tind\u0259 \u00f6z rolunu oynayacaqlar, \u00fcmumi i\u015fimiz\u0259 \u00f6z t\u00f6hf\u0259sini ver\u0259c\u0259kl\u0259r ki, partiyam\u0131z bundan sonra da \u00f6lk\u0259mizin apar\u0131c\u0131 siyasi q\u00fcvv\u0259si olaraq qals\u0131n. M\u0259n buna \u015f\u00fcbh\u0259 etmir\u0259m.\u00bb<\/p>\n<p>T\u0259hlill\u0259r fonunda bu fikri b\u00f6y\u00fck q\u00fcrurla qeyd edirik ki, partiyan\u0131n VII qurultay\u0131 yenilikl\u0259rl\u0259 tarix\u0259 yaz\u0131ld\u0131. 40 n\u0259f\u0259rd\u0259n ibar\u0259t \u0130dar\u0259 Hey\u0259tinin, 13 n\u0259f\u0259rd\u0259n ibar\u0259t T\u0259fti\u015f Komissiyas\u0131n\u0131n t\u0259rkibi t\u0259sdiql\u0259ndi, partiyan\u0131n t\u0259rkibind\u0259 Veteranlar \u015euras\u0131 yarad\u0131ld\u0131. Yeni Az\u0259rbaycan Partiyas\u0131n\u0131n yeni Nizamnam\u0259sin\u0259 uy\u011fun olaraq, Yeni Az\u0259rbaycan Partiyas\u0131n\u0131n S\u0259dri \u0130lham \u018fliyevin S\u0259r\u0259ncam\u0131 il\u0259 Mehriban xan\u0131m \u018fliyeva partiya s\u0259drinin Birinci m\u00fcavini, Tahir Budaqov partiya s\u0259drinin m\u00fcavini \u2013 M\u0259rk\u0259zi Aparat\u0131n r\u0259hb\u0259ri t\u0259yin edildil\u0259r.<\/p>\n<p>Az\u0259rbaycan\u0131n Birinci vitse-prezidenti Mehriban xan\u0131m \u018fliyevan\u0131n \u00e7ox\u015fax\u0259li f\u0259aliyy\u0259ti daim y\u00fcks\u0259k d\u0259y\u0259rl\u0259ndirilir. Mehriban \u018fliyeva ulu \u00f6nd\u0259r Heyd\u0259r \u018fliyevin irsinin t\u0259bligi m\u0259qs\u0259dil\u0259 yarad\u0131lan Heyd\u0259r \u018fliyev Fondunun prezidenti kimi, eyni zamanda, \u00dcmummilli Liderin yarad\u0131c\u0131s\u0131 oldu\u011fu partiyada r\u0259hb\u0259r strukturda t\u0259msil olunmaqla onun \u015fah \u0259s\u0259ri olan m\u00fcasir m\u00fcst\u0259qil Az\u0259rbaycan\u0131n daha da m\u00f6hk\u0259ml\u0259nm\u0259sin\u0259, dayan\u0131ql\u0131 inki\u015faf\u0131na, yeni reall\u0131qlara uy\u011fun m\u00fc\u0259yy\u0259nl\u0259\u015fdiril\u0259n prioritetl\u0259rin h\u0259yata ke\u00e7irilm\u0259sin\u0259, \u00f6lk\u0259mizd\u0259 siyasi sistemin t\u0259kmill\u0259\u015fdirilm\u0259sin\u0259 \u00f6z t\u00f6hf\u0259l\u0259rini verir v\u0259 bu istiqam\u0259td\u0259 s\u0259yl\u0259rini daha da art\u0131r\u0131r.<\/p>\n<p>Patriyam\u0131z bu g\u00fcn yeni milli \u00e7a\u011f\u0131r\u0131\u015flara, qlobal inki\u015fafa y\u00f6n\u0259lik islahatlara u\u011furla d\u0259st\u0259k verir. Bel\u0259 ki, son bir il \u0259rzind\u0259 partiyan\u0131n<\/p>\n<p>struktural formas\u0131nda, h\u0259m d\u0259 kadr komplektl\u0259\u015fdirilm\u0259sind\u0259 yenil\u0259nm\u0259 t\u0259l\u0259b edirdi ki, bu da daha \u00e7evik v\u0259 daha s\u0259m\u0259r\u0259li f\u0259aliyy\u0259tin t\u0259min edilm\u0259si z\u0259rur\u0259ti il\u0259 ba\u011fl\u0131 idi. Partiyam\u0131zda ba\u015f ver\u0259n bu d\u0259yi\u015fiklikl\u0259r ilk n\u00f6vb\u0259d\u0259 onun f\u0259aliyy\u0259tinin funksionall\u0131\u011f\u0131n\u0131 daha da art\u0131racaq ki, bu da b\u00fct\u00f6vl\u00fckd\u0259 siyasi sistemimizd\u0259 yeni canlanma yaradacaq. Ona g\u00f6r\u0259 d\u0259 Az\u0259rbaycan Prezidenti \u00f6z \u00e7\u0131x\u0131\u015f\u0131nda siyasi islahatlar m\u00f6vzusuna toxunaraq m\u00fcxalif\u0259tl\u0259 dialoqun daha da d\u0259rinl\u0259\u015fdirilm\u0259sinin v\u0259 daha geni\u015f platformada davam etdirilm\u0259sinin z\u0259ruriliyini qeyd etdi. \u015e\u00fcbh\u0259siz ki, Prezident \u0130lham \u018fliyevin praqmatik islahatlar kursu Az\u0259rbaycan\u0131n milli g\u00fcc\u00fcn\u00fc art\u0131ran strateji faktor kimi \u00e7\u0131x\u0131\u015f edir. X\u00fcsusil\u0259, \u00f6lk\u0259mizd\u0259ki siyasi q\u00fcvv\u0259l\u0259rl\u0259 dialoq prosesin\u0259 start verilm\u0259si, yeni siyasi partiyalar\u0131n qeydiyyatdan ke\u00e7m\u0259si v\u0259 dig\u0259r m\u00fch\u00fcm add\u0131mlar yeni siyasi konfiqurasiyan\u0131n formala\u015fmas\u0131n\u0131, pl\u00fcralizmin g\u00fccl\u0259nm\u0259sini v\u0259 milli h\u0259mr\u0259yliyin m\u00f6hk\u0259ml\u0259nm\u0259sini \u015f\u0259rtl\u0259ndirib. Respublikam\u0131zda f\u0259aliyy\u0259t g\u00f6st\u0259r\u0259n siyasi partiyalar\u0131n \u00f6lk\u0259mizin \u0259razi b\u00fct\u00f6vl\u00fcy\u00fcn\u00fcn t\u0259min olunmas\u0131 m\u0259s\u0259l\u0259sind\u0259 Prezident, M\u00fcz\u0259ff\u0259r Ali Ba\u015f Komandan c\u0259nab \u0130lham \u018fliyevin q\u0259tiyy\u0259tli siyas\u0259tin\u0259 birm\u0259nal\u0131 d\u0259st\u0259k g\u00f6st\u0259rm\u0259l\u0259ri is\u0259 bu bax\u0131mdan x\u00fcsusi qeyd edilm\u0259lidir. Bundan ba\u015fqa, d\u00f6vl\u0259timizin ba\u015f\u00e7\u0131s\u0131, partiyam\u0131z\u0131n S\u0259dri c\u0259nab \u0130lham \u018fliyev m\u00fcst\u0259qillik d\u00f6vr\u00fc tariximizin obyektiv \u0259saslarda \u00f6yr\u0259nilm\u0259si, g\u0259nc n\u0259slin milli v\u0259 v\u0259t\u0259np\u0259rv\u0259rlik ruhunda t\u0259rbiy\u0259 edilm\u0259si, B\u00f6y\u00fck Qay\u0131d\u0131\u015f adland\u0131rd\u0131\u011f\u0131m\u0131z milli v\u0259zif\u0259nin yerin\u0259 yetirilm\u0259si, ordu quruculu\u011fu i\u015finin davam etdirilm\u0259si, b\u00fct\u00fcn sah\u0259l\u0259rd\u0259 islahatlar\u0131n d\u0259rinl\u0259\u015fdirilm\u0259si v\u0259 \u015f\u0259ffafl\u0131\u011f\u0131n daha da art\u0131r\u0131lmas\u0131 kimi m\u0259s\u0259l\u0259l\u0259r\u0259 toxundu. Bu prosesd\u0259 is\u0259 ist\u0259r Yeni Az\u0259rbaycan Partiyas\u0131n\u0131n, ist\u0259rs\u0259 d\u0259 dig\u0259r siyasi partiyalar v\u0259 ictimai institutlar\u0131n fa\u0259l i\u015ftirak\u00e7\u0131l\u0131\u011f\u0131 vacib \u015f\u0259rtl\u0259rd\u0259n biridir. B\u00fct\u00f6vl\u00fckd\u0259, sadalad\u0131qlar\u0131m\u0131z ictimai-siyasi m\u00fcnasib\u0259tl\u0259rimizd\u0259 yeni keyfiyy\u0259t d\u0259yi\u015fikliyi yaratmaqla ayr\u0131ca bir m\u0259rh\u0259l\u0259 t\u0259\u015fkil edir. Bu yeni tarixi d\u00f6n\u0259m siyasi sistemimizi t\u0259\u015fkil ed\u0259n, \u0259n m\u00fcxt\u0259lif siyasi ideologiya<\/p>\n<p>v\u0259 d\u0259y\u0259rl\u0259ri m\u0259nims\u0259mi\u015f partiyalar\u0131n dialoq, uzla\u015fma v\u0259 milli maraqlar \u0259traf\u0131nda birl\u0259\u015fm\u0259 m\u0259rh\u0259l\u0259si dir. M\u00fch\u00fcm m\u0259s\u0259l\u0259l\u0259rd\u0259n biri budur ki, Yeni Az\u0259rbaycan Partiyas\u0131n\u0131n VII qurultay\u0131nda q\u0259bul edil\u0259n bir s\u0131ra q\u0259rarlar partiyam\u0131z\u0131n siyasi varislik prinsipin\u0259 sadiq oldu\u011funu da n\u00f6vb\u0259ti d\u0259f\u0259 g\u00f6st\u0259rir. \u018fn\u0259n\u0259dir ki, partiyam\u0131za vaxtil\u0259 xidm\u0259t etmi\u015f \u015f\u0259xsl\u0259rin siyasi t\u0259cr\u00fcb\u0259sind\u0259n YAP-\u0131n s\u0131ralar\u0131nda birl\u0259\u015f\u0259n g\u0259nc n\u0259slin f\u0259aliyy\u0259ti \u00fc\u00e7\u00fcn m\u00fch\u00fcm n\u00fcmun\u0259 kimi istifad\u0259 olunur. Bu is\u0259, \u015f\u00fcbh\u0259siz ki, tarixi varislik prinsipinin qorunmas\u0131 il\u0259 yana\u015f\u0131, partiyam\u0131z\u0131n m\u0259qs\u0259dy\u00f6nl\u00fc f\u0259aliyy\u0259tinin s\u0259m\u0259r\u0259liliyini daha da art\u0131ran m\u00fch\u00fcm amill\u0259rd\u0259n biridir. D\u00f6vl\u0259timizin ba\u015f\u00e7\u0131s\u0131, YAP-\u0131n S\u0259dri c\u0259nab \u0130lham \u018fliyev qeyd etdi ki, siyasi partiyalarda f\u0259aliyy\u0259t g\u00f6st\u0259r\u0259n g\u0259nc n\u0259sl\u0259 el\u0259 t\u0259limat verilm\u0259lidir ki, onlar g\u0259l\u0259c\u0259k h\u0259yata haz\u0131rl\u0131ql\u0131 olsunlar, onlar \u00f6lk\u0259mizin m\u00fcst\u0259qilliyini h\u0259r \u015feyd\u0259n \u00fcst\u00fcn tutsunlar: \u00abBurada, \u0259lb\u0259tt\u0259 ki, t\u0259cr\u00fcb\u0259li n\u0259slin f\u0259aliyy\u0259tind\u0259n \u00e7ox \u015fey as\u0131l\u0131d\u0131r. Misal \u00fc\u00e7\u00fcn, Yeni Az\u0259rbaycan Partiyas\u0131nda Veteranlar \u015euras\u0131 yarad\u0131l\u0131b. Hesab edir\u0259m ki bu, \u00e7ox \u00f6n\u0259mli add\u0131md\u0131r. Bu Veteranlar \u015euras\u0131n\u0131n t\u0259rkibind\u0259 tan\u0131nm\u0131\u015f h\u00f6rm\u0259tli insanlar f\u0259aliyy\u0259t g\u00f6st\u0259r\u0259c\u0259kl\u0259r\u00bb. \u018fn \u00f6n\u0259mli m\u0259s\u0259l\u0259l\u0259rd\u0259n biri Yeni Az\u0259rbaycan Partiyas\u0131n\u0131n VII qurultay\u0131nda alt\u0131 siyasi partiyan\u0131n YAP-a qo\u015fulmas\u0131na dair q\u0259rar q\u0259bul edilm\u0259si oldu. T\u0259bii ki, bu, ilk n\u00f6vb\u0259d\u0259, YAP-\u0131n s\u00f6z\u00fcn \u0259sl m\u0259nas\u0131nda, \u00fcmumxalq partiyas\u0131 oldu\u011funu v\u0259 y\u00fcks\u0259k n\u00fcfuza malik apar\u0131c\u0131 q\u00fcvv\u0259 kimi \u00e7\u0131x\u0131\u015f etdiyini g\u00f6st\u0259rir. Dig\u0259r t\u0259r\u0259fd\u0259n, bel\u0259 bir q\u0259rar, he\u00e7 \u015f\u00fcbh\u0259siz, \u00f6lk\u0259mizd\u0259 dialoq m\u00fchitinin d\u0259rinl\u0259\u015fm\u0259sin\u0259 v\u0259 demokratik \u0259n\u0259n\u0259l\u0259rin \u015fax\u0259l\u0259nm\u0259sin\u0259 xidm\u0259t ed\u0259c\u0259k. Bu, h\u0259m\u00e7inin \u00f6lk\u0259d\u0259 siyasi birlik v\u0259 milli h\u0259mr\u0259ylik m\u00fchitinin g\u00fccl\u0259nm\u0259si bax\u0131m\u0131ndan m\u00fch\u00fcm \u0259h\u0259miyy\u0259t da\u015f\u0131y\u0131r. \u018fminlikl\u0259 s\u00f6yl\u0259m\u0259k olar ki, \u00fcmumxalq partiyas\u0131 olan YAP bundan sonra da qar\u015f\u0131s\u0131nda duran strateji \u0259h\u0259miyy\u0259tli v\u0259zif\u0259l\u0259ri u\u011furla yerin\u0259 yetirm\u0259kl\u0259 \u00f6lk\u0259mizin dayan\u0131ql\u0131 v\u0259 dinamik inki\u015faf\u0131na m\u00fcst\u0259sna t\u00f6hf\u0259 ver\u0259c\u0259k.<\/p>\n<p><strong>Almaz H\u0259\u015fimova,<\/strong><\/p>\n<p><em>YAP F\u00fczuli rayon t\u0259\u015fkilat\u0131n\u0131n s\u0259dri<\/em><\/p>\n","protected":false},"excerpt":{"rendered":"<p>Partiyam\u0131z\u0131n VII qurultay\u0131ndan ke\u00e7\u0259n bir illik d\u00f6vr \u00f6lk\u0259mizin v\u0259 partiyam\u0131z\u0131n h\u0259yat\u0131nda b\u00f6y\u00fck u\u011furlarla yadda qal\u0131b Regionun \u0259n b\u00f6y\u00fck v\u0259 m\u00fct\u0259\u015f\u015f\u0259kil siyasi t\u0259\u015fkilat\u0131 kimi f\u0259aliyy\u0259t g\u00f6st\u0259r\u0259n Yeni Az\u0259rbaycan Partiyas\u0131n\u0131n VII Qurultay\u0131ndan bir il \u00f6t\u00fcr. M\u0259hz bir il \u00f6nc\u0259 Partiyam\u0131z\u0131n s\u0259dri, Prezident c\u0259nab \u0130lham \u018fliyevin s\u0259drliyi il\u0259 ke\u00e7iril\u0259n Qurultayda q\u0259bul olunmu\u015f q\u0259rarlar v\u0259 m\u00fc\u0259yy\u0259n edilmi\u015f h\u0259d\u0259fl\u0259r q\u0131sa zaman \u0259rzind\u0259 \u00f6lk\u0259mizin siyasi m\u00fchitind\u0259 \u00f6z m\u00fcsb\u0259t n\u0259tic\u0259l\u0259rini g\u00f6st\u0259rm\u0259y\u0259 ba\u015flad\u0131. B\u00fct\u00fcn bunlar \u00fcmummilli lider Heyd\u0259r \u018fliyevin r\u0259hb\u0259rliyi il\u0259 30 il \u00f6nc\u0259 yarad\u0131lm\u0131\u015f Yeni Az\u0259rbaycan Partiyas\u0131n\u0131n g\u0259l\u0259c\u0259k u\u011furlar\u0131n\u0131n v\u0259 h\u0259d\u0259fl\u0259rinin ilk g\u00f6st\u0259ricil\u0259ridir. B\u0259li, m\u0259hz f\u0259aliyy\u0259td\u0259 oldu\u011fu&hellip;<\/p>\n","protected":false},"author":2,"featured_media":447672,"comment_status":"closed","ping_status":"closed","sticky":false,"template":"","format":"standard","meta":{"om_disable_all_campaigns":false,"_monsterinsights_skip_tracking":false,"_monsterinsights_sitenote_active":false,"_monsterinsights_sitenote_note":"","_monsterinsights_sitenote_category":0},"categories":[19],"tags":[],"aioseo_notices":[],"gutentor_comment":0,"rttpg_featured_image_url":{"full":["https:\/\/arantv.az\/wp-content\/uploads\/2022\/03\/2f25f6e3159955692077357820110828049.jpg",975,540,false],"landscape":["https:\/\/arantv.az\/wp-content\/uploads\/2022\/03\/2f25f6e3159955692077357820110828049.jpg",975,540,false],"portraits":["https:\/\/arantv.az\/wp-content\/uploads\/2022\/03\/2f25f6e3159955692077357820110828049.jpg",975,540,false],"thumbnail":["https:\/\/arantv.az\/wp-content\/uploads\/2022\/03\/2f25f6e3159955692077357820110828049-500x280.jpg",500,280,true],"medium":["https:\/\/arantv.az\/wp-content\/uploads\/2022\/03\/2f25f6e3159955692077357820110828049-660x365.jpg",660,365,true],"large":["https:\/\/arantv.az\/wp-content\/uploads\/2022\/03\/2f25f6e3159955692077357820110828049-840x465.jpg",640,354,true],"1536x1536":["https:\/\/arantv.az\/wp-content\/uploads\/2022\/03\/2f25f6e3159955692077357820110828049.jpg",975,540,false],"2048x2048":["https:\/\/arantv.az\/wp-content\/uploads\/2022\/03\/2f25f6e3159955692077357820110828049.jpg",975,540,false],"post-thumbnail":["https:\/\/arantv.az\/wp-content\/uploads\/2022\/03\/2f25f6e3159955692077357820110828049-240x172.jpg",240,172,true],"advps-thumb-one":["https:\/\/arantv.az\/wp-content\/uploads\/2022\/03\/2f25f6e3159955692077357820110828049.jpg",975,540,false]},"rttpg_author":{"display_name":"V\u00fcsal Rafiqo\u011flu","author_link":"https:\/\/arantv.az\/?author=2"},"rttpg_comment":0,"rttpg_category":"<a href=\"https:\/\/arantv.az\/?cat=19\" rel=\"category\">G\u00fcnd\u0259m<\/a>","rttpg_excerpt":"Partiyam\u0131z\u0131n VII qurultay\u0131ndan ke\u00e7\u0259n bir illik d\u00f6vr \u00f6lk\u0259mizin v\u0259 partiyam\u0131z\u0131n h\u0259yat\u0131nda b\u00f6y\u00fck u\u011furlarla yadda qal\u0131b Regionun \u0259n b\u00f6y\u00fck v\u0259 m\u00fct\u0259\u015f\u015f\u0259kil siyasi t\u0259\u015fkilat\u0131 kimi f\u0259aliyy\u0259t g\u00f6st\u0259r\u0259n Yeni Az\u0259rbaycan Partiyas\u0131n\u0131n VII Qurultay\u0131ndan bir il \u00f6t\u00fcr. M\u0259hz bir il \u00f6nc\u0259 Partiyam\u0131z\u0131n s\u0259dri, Prezident c\u0259nab \u0130lham \u018fliyevin s\u0259drliyi il\u0259 ke\u00e7iril\u0259n Qurultayda q\u0259bul olunmu\u015f q\u0259rarlar v\u0259 m\u00fc\u0259yy\u0259n edilmi\u015f h\u0259d\u0259fl\u0259r q\u0131sa&hellip;","_links":{"self":[{"href":"https:\/\/arantv.az\/index.php?rest_route=\/wp\/v2\/posts\/447671"}],"collection":[{"href":"https:\/\/arantv.az\/index.php?rest_route=\/wp\/v2\/posts"}],"about":[{"href":"https:\/\/arantv.az\/index.php?rest_route=\/wp\/v2\/types\/post"}],"author":[{"embeddable":true,"href":"https:\/\/arantv.az\/index.php?rest_route=\/wp\/v2\/users\/2"}],"replies":[{"embeddable":true,"href":"https:\/\/arantv.az\/index.php?rest_route=%2Fwp%2Fv2%2Fcomments&post=447671"}],"version-history":[{"count":0,"href":"https:\/\/arantv.az\/index.php?rest_route=\/wp\/v2\/posts\/447671\/revisions"}],"wp:featuredmedia":[{"embeddable":true,"href":"https:\/\/arantv.az\/index.php?rest_route=\/wp\/v2\/media\/447672"}],"wp:attachment":[{"href":"https:\/\/arantv.az\/index.php?rest_route=%2Fwp%2Fv2%2Fmedia&parent=447671"}],"wp:term":[{"taxonomy":"category","embeddable":true,"href":"https:\/\/arantv.az\/index.php?rest_route=%2Fwp%2Fv2%2Fcategories&post=447671"},{"taxonomy":"post_tag","embeddable":true,"href":"https:\/\/arantv.az\/index.php?rest_route=%2Fwp%2Fv2%2Ftags&post=447671"}],"curies":[{"name":"wp","href":"https:\/\/api.w.org\/{rel}","templated":true}]}}