{"id":447705,"date":"2022-03-04T14:12:11","date_gmt":"2022-03-04T11:12:11","guid":{"rendered":"http:\/\/arantv.az\/?p=447705"},"modified":"2022-03-04T14:12:11","modified_gmt":"2022-03-04T11:12:11","slug":"muraci%c9%99tl%c9%99r-vaxtinda-h%c9%99ll-olunur","status":"publish","type":"post","link":"https:\/\/arantv.az\/?p=447705","title":{"rendered":"M\u00fcraci\u0259tl\u0259r vaxt\u0131nda h\u0259ll olunur"},"content":{"rendered":"<p>A\u011fcab\u0259di Rayon \u0130cra Hakimiyy\u0259tinin n\u0259zdind\u0259 f\u0259aliyy\u0259t g\u00f6st\u0259r\u0259n M\u00fcraci\u0259tl\u0259r\u0259 Operativ Bax\u0131lma M\u0259rk\u0259zi t\u0259r\u0259find\u0259n rayon sakinl\u0259rinin m\u00fcraci\u0259tl\u0259rinin h\u0259ll olunmas\u0131 istiqam\u0259tind\u0259 m\u00fch\u00fcm add\u0131mlar at\u0131l\u0131r. Son vaxtlar bu sah\u0259d\u0259 diqq\u0259t\u0259layiq i\u015fl\u0259r g\u00f6r\u00fcl\u00fcb. Bel\u0259 ki, ayr\u0131-ayr\u0131 \u0259razil\u0259rd\u0259 ya\u015fayan sakinl\u0259rin sosial-iqtisadi m\u0259s\u0259l\u0259l\u0259rl\u0259 \u0259laq\u0259dar m\u00fcraci\u0259tl\u0259rin\u0259 operativ qaydada bax\u0131lmas\u0131 diqq\u0259t m\u0259rk\u0259zind\u0259 saxlan\u0131l\u0131r.<\/p>\n<p>Av\u015far k\u0259nd sakini Vidadi Qas\u0131movun k\u0259nd \u0259razisind\u0259 ona m\u0259xsus olan torpaq sah\u0259sin\u0259 ged\u0259n su arx\u0131n\u0131n t\u0259mizl\u0259nm\u0259si \u00fc\u00e7\u00fcn etdiyi m\u00fcraci\u0259t\u0259 MOB M\u0259rk\u0259zind\u0259 bax\u0131laraq h\u0259ll edilm\u0259si \u00fc\u00e7\u00fcn A\u011fcab\u0259di Rayon Suvarma Sisteml\u0259ri \u0130dar\u0259sin\u0259 g\u00f6nd\u0259rilib. S\u00f6z\u00fcged\u0259n idar\u0259 t\u0259r\u0259find\u0259n ayr\u0131lm\u0131\u015f m\u00fcvafiq texnika vasit\u0259si il\u0259 h\u0259min arxda t\u0259mizl\u0259m\u0259 i\u015fl\u0259ri h\u0259yata ke\u00e7irilib.<\/p>\n<p>Dig\u0259r m\u00fcraci\u0259td\u0259 is\u0259 rayonun Hac\u0131b\u0259d\u0259lli k\u0259ndind\u0259 kompakt halda m\u0259skunla\u015fan 12 ail\u0259y\u0259 m\u0259xsus \u00fcmumi elektrik say\u011fac\u0131n\u0131n adamba\u015f\u0131na d\u0259yi\u015fdirilm\u0259si xahi\u015f olunub. K\u00f6\u00e7k\u00fcn ail\u0259l\u0259rin m\u00fcraci\u0259ti bax\u0131lmaq \u00fc\u00e7\u00fcn Regional Elektrik \u015e\u0259b\u0259k\u0259sin\u0259 \u00fcnvanland\u0131r\u0131l\u0131b. Ad\u0131\u00e7\u0259kil\u0259n elektrik \u015f\u0259b\u0259k\u0259si t\u0259r\u0259find\u0259n \u0259razid\u0259 kabell\u0259\u015fm\u0259 i\u015fl\u0259ri apar\u0131l\u0131b, t\u0259l\u0259b olunan say\u011faclar qura\u015fd\u0131r\u0131l\u0131b.<\/p>\n<p>A\u011fcab\u0259di \u015f\u0259h\u0259r sakini As\u0259f Qafarov MOB M\u0259rk\u0259zin\u0259 m\u00fcraci\u0259tind\u0259 h\u0259bsd\u0259n azad olunduqdan sonra ona \u00f6d\u0259nil\u0259c\u0259k m\u00fcavin\u0259tin verilm\u0259diyini bildirib. Onun m\u00fcraci\u0259ti DSMF-y\u0259 istiqam\u0259tl\u0259ndirilib v\u0259 m\u00fcsb\u0259t h\u0259ll olunub.<\/p>\n","protected":false},"excerpt":{"rendered":"<p>A\u011fcab\u0259di Rayon \u0130cra Hakimiyy\u0259tinin n\u0259zdind\u0259 f\u0259aliyy\u0259t g\u00f6st\u0259r\u0259n M\u00fcraci\u0259tl\u0259r\u0259 Operativ Bax\u0131lma M\u0259rk\u0259zi t\u0259r\u0259find\u0259n rayon sakinl\u0259rinin m\u00fcraci\u0259tl\u0259rinin h\u0259ll olunmas\u0131 istiqam\u0259tind\u0259 m\u00fch\u00fcm add\u0131mlar at\u0131l\u0131r. Son vaxtlar bu sah\u0259d\u0259 diqq\u0259t\u0259layiq i\u015fl\u0259r g\u00f6r\u00fcl\u00fcb. Bel\u0259 ki, ayr\u0131-ayr\u0131 \u0259razil\u0259rd\u0259 ya\u015fayan sakinl\u0259rin sosial-iqtisadi m\u0259s\u0259l\u0259l\u0259rl\u0259 \u0259laq\u0259dar m\u00fcraci\u0259tl\u0259rin\u0259 operativ qaydada bax\u0131lmas\u0131 diqq\u0259t m\u0259rk\u0259zind\u0259 saxlan\u0131l\u0131r. Av\u015far k\u0259nd sakini Vidadi Qas\u0131movun k\u0259nd \u0259razisind\u0259 ona m\u0259xsus olan torpaq sah\u0259sin\u0259 ged\u0259n su arx\u0131n\u0131n t\u0259mizl\u0259nm\u0259si \u00fc\u00e7\u00fcn etdiyi m\u00fcraci\u0259t\u0259 MOB M\u0259rk\u0259zind\u0259 bax\u0131laraq h\u0259ll edilm\u0259si \u00fc\u00e7\u00fcn A\u011fcab\u0259di Rayon Suvarma Sisteml\u0259ri \u0130dar\u0259sin\u0259 g\u00f6nd\u0259rilib. S\u00f6z\u00fcged\u0259n idar\u0259 t\u0259r\u0259find\u0259n ayr\u0131lm\u0131\u015f m\u00fcvafiq texnika vasit\u0259si il\u0259 h\u0259min arxda t\u0259mizl\u0259m\u0259 i\u015fl\u0259ri h\u0259yata ke\u00e7irilib. Dig\u0259r&hellip;<\/p>\n","protected":false},"author":2,"featured_media":447706,"comment_status":"closed","ping_status":"closed","sticky":false,"template":"","format":"standard","meta":{"om_disable_all_campaigns":false,"_monsterinsights_skip_tracking":false,"_monsterinsights_sitenote_active":false,"_monsterinsights_sitenote_note":"","_monsterinsights_sitenote_category":0},"categories":[2],"tags":[],"aioseo_notices":[],"gutentor_comment":0,"rttpg_featured_image_url":{"full":["https:\/\/arantv.az\/wp-content\/uploads\/2022\/03\/bb6ea590ef932b4a6bc4899df1e9dbdd.jpg",696,392,false],"landscape":["https:\/\/arantv.az\/wp-content\/uploads\/2022\/03\/bb6ea590ef932b4a6bc4899df1e9dbdd.jpg",696,392,false],"portraits":["https:\/\/arantv.az\/wp-content\/uploads\/2022\/03\/bb6ea590ef932b4a6bc4899df1e9dbdd.jpg",696,392,false],"thumbnail":["https:\/\/arantv.az\/wp-content\/uploads\/2022\/03\/bb6ea590ef932b4a6bc4899df1e9dbdd-500x280.jpg",500,280,true],"medium":["https:\/\/arantv.az\/wp-content\/uploads\/2022\/03\/bb6ea590ef932b4a6bc4899df1e9dbdd-648x365.jpg",648,365,true],"large":["https:\/\/arantv.az\/wp-content\/uploads\/2022\/03\/bb6ea590ef932b4a6bc4899df1e9dbdd.jpg",640,360,false],"1536x1536":["https:\/\/arantv.az\/wp-content\/uploads\/2022\/03\/bb6ea590ef932b4a6bc4899df1e9dbdd.jpg",696,392,false],"2048x2048":["https:\/\/arantv.az\/wp-content\/uploads\/2022\/03\/bb6ea590ef932b4a6bc4899df1e9dbdd.jpg",696,392,false],"post-thumbnail":["https:\/\/arantv.az\/wp-content\/uploads\/2022\/03\/bb6ea590ef932b4a6bc4899df1e9dbdd-240x172.jpg",240,172,true],"advps-thumb-one":["https:\/\/arantv.az\/wp-content\/uploads\/2022\/03\/bb6ea590ef932b4a6bc4899df1e9dbdd.jpg",696,392,false]},"rttpg_author":{"display_name":"V\u00fcsal Rafiqo\u011flu","author_link":"https:\/\/arantv.az\/?author=2"},"rttpg_comment":0,"rttpg_category":"<a href=\"https:\/\/arantv.az\/?cat=2\" rel=\"category\">Region X\u0259b\u0259rl\u0259ri<\/a>","rttpg_excerpt":"A\u011fcab\u0259di Rayon \u0130cra Hakimiyy\u0259tinin n\u0259zdind\u0259 f\u0259aliyy\u0259t g\u00f6st\u0259r\u0259n M\u00fcraci\u0259tl\u0259r\u0259 Operativ Bax\u0131lma M\u0259rk\u0259zi t\u0259r\u0259find\u0259n rayon sakinl\u0259rinin m\u00fcraci\u0259tl\u0259rinin h\u0259ll olunmas\u0131 istiqam\u0259tind\u0259 m\u00fch\u00fcm add\u0131mlar at\u0131l\u0131r. Son vaxtlar bu sah\u0259d\u0259 diqq\u0259t\u0259layiq i\u015fl\u0259r g\u00f6r\u00fcl\u00fcb. Bel\u0259 ki, ayr\u0131-ayr\u0131 \u0259razil\u0259rd\u0259 ya\u015fayan sakinl\u0259rin sosial-iqtisadi m\u0259s\u0259l\u0259l\u0259rl\u0259 \u0259laq\u0259dar m\u00fcraci\u0259tl\u0259rin\u0259 operativ qaydada bax\u0131lmas\u0131 diqq\u0259t m\u0259rk\u0259zind\u0259 saxlan\u0131l\u0131r. Av\u015far k\u0259nd sakini Vidadi Qas\u0131movun k\u0259nd \u0259razisind\u0259 ona m\u0259xsus olan torpaq&hellip;","_links":{"self":[{"href":"https:\/\/arantv.az\/index.php?rest_route=\/wp\/v2\/posts\/447705"}],"collection":[{"href":"https:\/\/arantv.az\/index.php?rest_route=\/wp\/v2\/posts"}],"about":[{"href":"https:\/\/arantv.az\/index.php?rest_route=\/wp\/v2\/types\/post"}],"author":[{"embeddable":true,"href":"https:\/\/arantv.az\/index.php?rest_route=\/wp\/v2\/users\/2"}],"replies":[{"embeddable":true,"href":"https:\/\/arantv.az\/index.php?rest_route=%2Fwp%2Fv2%2Fcomments&post=447705"}],"version-history":[{"count":0,"href":"https:\/\/arantv.az\/index.php?rest_route=\/wp\/v2\/posts\/447705\/revisions"}],"wp:featuredmedia":[{"embeddable":true,"href":"https:\/\/arantv.az\/index.php?rest_route=\/wp\/v2\/media\/447706"}],"wp:attachment":[{"href":"https:\/\/arantv.az\/index.php?rest_route=%2Fwp%2Fv2%2Fmedia&parent=447705"}],"wp:term":[{"taxonomy":"category","embeddable":true,"href":"https:\/\/arantv.az\/index.php?rest_route=%2Fwp%2Fv2%2Fcategories&post=447705"},{"taxonomy":"post_tag","embeddable":true,"href":"https:\/\/arantv.az\/index.php?rest_route=%2Fwp%2Fv2%2Ftags&post=447705"}],"curies":[{"name":"wp","href":"https:\/\/api.w.org\/{rel}","templated":true}]}}