{"id":447716,"date":"2022-03-04T14:54:56","date_gmt":"2022-03-04T11:54:56","guid":{"rendered":"http:\/\/arantv.az\/?p=447716"},"modified":"2022-03-04T14:54:56","modified_gmt":"2022-03-04T11:54:56","slug":"az%c9%99rbaycanfilm%c9%99-yeni-direktor-t%c9%99yin-olundu","status":"publish","type":"post","link":"https:\/\/arantv.az\/?p=447716","title":{"rendered":"\u201cAz\u0259rbaycanfilm\u201d\u0259 yeni direktor t\u0259yin olundu"},"content":{"rendered":"<p>C\u0259f\u0259r Cabbarl\u0131 ad\u0131na \u201cAz\u0259rbaycanfilm\u201d kinostudiyas\u0131n\u0131n direktoru Fariz \u018fhm\u0259dov v\u0259zif\u0259sind\u0259n ayr\u0131l\u0131b.<\/p>\n<p>Bu bar\u0259d\u0259 o, \u201cFacebook\u201d s\u0259hif\u0259sind\u0259 payla\u015f\u0131m edib.<\/p>\n<div class=\"AdviadNativeVideo\"><\/div>\n<p>F.\u018fhm\u0259dov\u00a0mart\u0131n 1-d\u0259n etibar\u0259n \u201cAz\u0259rbaycanfilm\u201d kinostudiyas\u0131n\u0131n direktoru v\u0259zif\u0259sind\u0259n ayr\u0131ld\u0131\u011f\u0131n\u0131 bildirib.<\/p>\n<p>M\u0259d\u0259niyy\u0259t Nazirliyind\u0259n bildirilib ki, bu g\u00fcn Nazim H\u00fcseynov C\u0259f\u0259r Cabbarl\u0131 ad\u0131na \u201cAz\u0259rbaycanfilm\u201d kinostudiyas\u0131n\u0131n direktoru v\u0259zif\u0259sin\u0259 t\u0259yin olunub.<\/p>\n<p>Nazir Anar K\u0259rimov bununla ba\u011fl\u0131 m\u00fcvafiq \u0259mr imzalay\u0131b.<\/p>\n","protected":false},"excerpt":{"rendered":"<p>C\u0259f\u0259r Cabbarl\u0131 ad\u0131na \u201cAz\u0259rbaycanfilm\u201d kinostudiyas\u0131n\u0131n direktoru Fariz \u018fhm\u0259dov v\u0259zif\u0259sind\u0259n ayr\u0131l\u0131b. Bu bar\u0259d\u0259 o, \u201cFacebook\u201d s\u0259hif\u0259sind\u0259 payla\u015f\u0131m edib. F.\u018fhm\u0259dov\u00a0mart\u0131n 1-d\u0259n etibar\u0259n \u201cAz\u0259rbaycanfilm\u201d kinostudiyas\u0131n\u0131n direktoru v\u0259zif\u0259sind\u0259n ayr\u0131ld\u0131\u011f\u0131n\u0131 bildirib. M\u0259d\u0259niyy\u0259t Nazirliyind\u0259n bildirilib ki, bu g\u00fcn Nazim H\u00fcseynov C\u0259f\u0259r Cabbarl\u0131 ad\u0131na \u201cAz\u0259rbaycanfilm\u201d kinostudiyas\u0131n\u0131n direktoru v\u0259zif\u0259sin\u0259 t\u0259yin olunub. Nazir Anar K\u0259rimov bununla ba\u011fl\u0131 m\u00fcvafiq \u0259mr imzalay\u0131b.<\/p>\n","protected":false},"author":2,"featured_media":447717,"comment_status":"closed","ping_status":"closed","sticky":false,"template":"","format":"standard","meta":{"om_disable_all_campaigns":false,"_monsterinsights_skip_tracking":false,"_monsterinsights_sitenote_active":false,"_monsterinsights_sitenote_note":"","_monsterinsights_sitenote_category":0},"categories":[1],"tags":[],"aioseo_notices":[],"gutentor_comment":0,"rttpg_featured_image_url":{"full":["https:\/\/arantv.az\/wp-content\/uploads\/2022\/03\/FotoJet-5.jpg",620,413,false],"landscape":["https:\/\/arantv.az\/wp-content\/uploads\/2022\/03\/FotoJet-5.jpg",620,413,false],"portraits":["https:\/\/arantv.az\/wp-content\/uploads\/2022\/03\/FotoJet-5.jpg",620,413,false],"thumbnail":["https:\/\/arantv.az\/wp-content\/uploads\/2022\/03\/FotoJet-5-500x280.jpg",500,280,true],"medium":["https:\/\/arantv.az\/wp-content\/uploads\/2022\/03\/FotoJet-5-548x365.jpg",548,365,true],"large":["https:\/\/arantv.az\/wp-content\/uploads\/2022\/03\/FotoJet-5.jpg",620,413,false],"1536x1536":["https:\/\/arantv.az\/wp-content\/uploads\/2022\/03\/FotoJet-5.jpg",620,413,false],"2048x2048":["https:\/\/arantv.az\/wp-content\/uploads\/2022\/03\/FotoJet-5.jpg",620,413,false],"post-thumbnail":["https:\/\/arantv.az\/wp-content\/uploads\/2022\/03\/FotoJet-5-240x172.jpg",240,172,true],"advps-thumb-one":["https:\/\/arantv.az\/wp-content\/uploads\/2022\/03\/FotoJet-5.jpg",620,413,false]},"rttpg_author":{"display_name":"V\u00fcsal Rafiqo\u011flu","author_link":"https:\/\/arantv.az\/?author=2"},"rttpg_comment":0,"rttpg_category":"<a href=\"https:\/\/arantv.az\/?cat=1\" rel=\"category\">C\u0259miyy\u0259t<\/a>","rttpg_excerpt":"C\u0259f\u0259r Cabbarl\u0131 ad\u0131na \u201cAz\u0259rbaycanfilm\u201d kinostudiyas\u0131n\u0131n direktoru Fariz \u018fhm\u0259dov v\u0259zif\u0259sind\u0259n ayr\u0131l\u0131b. Bu bar\u0259d\u0259 o, \u201cFacebook\u201d s\u0259hif\u0259sind\u0259 payla\u015f\u0131m edib. F.\u018fhm\u0259dov\u00a0mart\u0131n 1-d\u0259n etibar\u0259n \u201cAz\u0259rbaycanfilm\u201d kinostudiyas\u0131n\u0131n direktoru v\u0259zif\u0259sind\u0259n ayr\u0131ld\u0131\u011f\u0131n\u0131 bildirib. M\u0259d\u0259niyy\u0259t Nazirliyind\u0259n bildirilib ki, bu g\u00fcn Nazim H\u00fcseynov C\u0259f\u0259r Cabbarl\u0131 ad\u0131na \u201cAz\u0259rbaycanfilm\u201d kinostudiyas\u0131n\u0131n direktoru v\u0259zif\u0259sin\u0259 t\u0259yin olunub. Nazir Anar K\u0259rimov bununla ba\u011fl\u0131 m\u00fcvafiq \u0259mr imzalay\u0131b.","_links":{"self":[{"href":"https:\/\/arantv.az\/index.php?rest_route=\/wp\/v2\/posts\/447716"}],"collection":[{"href":"https:\/\/arantv.az\/index.php?rest_route=\/wp\/v2\/posts"}],"about":[{"href":"https:\/\/arantv.az\/index.php?rest_route=\/wp\/v2\/types\/post"}],"author":[{"embeddable":true,"href":"https:\/\/arantv.az\/index.php?rest_route=\/wp\/v2\/users\/2"}],"replies":[{"embeddable":true,"href":"https:\/\/arantv.az\/index.php?rest_route=%2Fwp%2Fv2%2Fcomments&post=447716"}],"version-history":[{"count":0,"href":"https:\/\/arantv.az\/index.php?rest_route=\/wp\/v2\/posts\/447716\/revisions"}],"wp:featuredmedia":[{"embeddable":true,"href":"https:\/\/arantv.az\/index.php?rest_route=\/wp\/v2\/media\/447717"}],"wp:attachment":[{"href":"https:\/\/arantv.az\/index.php?rest_route=%2Fwp%2Fv2%2Fmedia&parent=447716"}],"wp:term":[{"taxonomy":"category","embeddable":true,"href":"https:\/\/arantv.az\/index.php?rest_route=%2Fwp%2Fv2%2Fcategories&post=447716"},{"taxonomy":"post_tag","embeddable":true,"href":"https:\/\/arantv.az\/index.php?rest_route=%2Fwp%2Fv2%2Ftags&post=447716"}],"curies":[{"name":"wp","href":"https:\/\/api.w.org\/{rel}","templated":true}]}}