{"id":447725,"date":"2022-03-04T15:19:18","date_gmt":"2022-03-04T12:19:18","guid":{"rendered":"http:\/\/arantv.az\/?p=447725"},"modified":"2022-03-04T15:19:18","modified_gmt":"2022-03-04T12:19:18","slug":"iranin-vurdugu-ukrayna-t%c9%99yyar%c9%99si-yenid%c9%99n-gund%c9%99m-oldu-video","status":"publish","type":"post","link":"https:\/\/arantv.az\/?p=447725","title":{"rendered":"\u0130ran\u0131n vurdu\u011fu Ukrayna t\u0259yyar\u0259si yenid\u0259n g\u00fcnd\u0259m oldu &#8211; V\u0130DEO"},"content":{"rendered":"<article class=\"news\">\n<div class=\"news-inner\">\n<p>\u201cAzad \u0130ran\u201d\u00a0\u201cYoutube\u201d kanal\u0131 \u0130ran\u0131n vurdu\u011fu Ukrayna t\u0259yyar\u0259si bar\u0259d\u0259 s\u00fcjet haz\u0131rlay\u0131b.<\/p>\n<div class=\"AdviadNativeVideo\"><\/div>\n<p>Qeyd edilib ki, Ukrayna\u00a0Rusiya m\u00fcharib\u0259sinin davam etdiyi g\u00fcnl\u0259rd\u0259\u00a0t\u0259qrib\u0259n iki il \u00f6nc\u0259 Tehran s\u0259mas\u0131nda \u0130slam \u0130nqilab\u0131n\u0131n Ke\u015fik\u00e7il\u0259ri Korpusu, y\u0259ni \u201cSepah\u201d t\u0259r\u0259find\u0259n vurulan Ukrayna s\u0259rni\u015fin t\u0259yyar\u0259si m\u00f6vzusu q\u0259rib\u0259 bir \u015f\u0259kild\u0259 g\u00fcnd\u0259m\u0259 g\u0259lib.<\/p>\n<p>Bel\u0259 ki, fevral\u00a0ay\u0131n\u0131n 28-d\u0259 Ukrayna T\u0259yyar\u0259si Qurbanlar\u0131n\u0131n Ail\u0259l\u0259ri Birliyinin \u00fczvl\u0259ri Ukraynan\u0131n \u0130randak\u0131 s\u0259firliyinin \u00f6n\u00fcnd\u0259 aksiya ke\u00e7irdil\u0259r v\u0259 Ukraynaya d\u0259st\u0259kl\u0259rini ifad\u0259 etdil\u0259r.<\/p>\n<p>Aksiyada \u201cUkrayna xalq\u0131n\u0131n yan\u0131nday\u0131q\u201d,\u00a0\u201cRusiyaya \u00f6l\u00fcm\u201d,\u00a0\u201cPutin\u0259 \u00f6l\u00fcm\u201d, kimi \u015f\u00fcarlar s\u0259sl\u0259nib. Bu \u015f\u00fcarlardan narahat olan \u0130ran hakimiyy\u0259tinin t\u0259hl\u00fck\u0259sizlik q\u00fcvv\u0259l\u0259ri aksiyan\u0131 zorak\u0131l\u0131qla da\u011f\u0131d\u0131blar.<\/p>\n<p>Daha \u0259trafl\u0131 s\u00fcjetd\u0259:<\/p>\n<div><iframe loading=\"lazy\" title=\"YouTube video player\" src=\"https:\/\/www.youtube.com\/embed\/F7FexkD8Rl0\" width=\"560\" height=\"315\" frameborder=\"0\" allowfullscreen=\"allowfullscreen\" data-mce-fragment=\"1\"><\/iframe><\/div>\n<\/div>\n<\/article>\n","protected":false},"excerpt":{"rendered":"<p>\u201cAzad \u0130ran\u201d\u00a0\u201cYoutube\u201d kanal\u0131 \u0130ran\u0131n vurdu\u011fu Ukrayna t\u0259yyar\u0259si bar\u0259d\u0259 s\u00fcjet haz\u0131rlay\u0131b. Qeyd edilib ki, Ukrayna\u00a0Rusiya m\u00fcharib\u0259sinin davam etdiyi g\u00fcnl\u0259rd\u0259\u00a0t\u0259qrib\u0259n iki il \u00f6nc\u0259 Tehran s\u0259mas\u0131nda \u0130slam \u0130nqilab\u0131n\u0131n Ke\u015fik\u00e7il\u0259ri Korpusu, y\u0259ni \u201cSepah\u201d t\u0259r\u0259find\u0259n vurulan Ukrayna s\u0259rni\u015fin t\u0259yyar\u0259si m\u00f6vzusu q\u0259rib\u0259 bir \u015f\u0259kild\u0259 g\u00fcnd\u0259m\u0259 g\u0259lib. Bel\u0259 ki, fevral\u00a0ay\u0131n\u0131n 28-d\u0259 Ukrayna T\u0259yyar\u0259si Qurbanlar\u0131n\u0131n Ail\u0259l\u0259ri Birliyinin \u00fczvl\u0259ri Ukraynan\u0131n \u0130randak\u0131 s\u0259firliyinin \u00f6n\u00fcnd\u0259 aksiya ke\u00e7irdil\u0259r v\u0259 Ukraynaya d\u0259st\u0259kl\u0259rini ifad\u0259 etdil\u0259r. Aksiyada \u201cUkrayna xalq\u0131n\u0131n yan\u0131nday\u0131q\u201d,\u00a0\u201cRusiyaya \u00f6l\u00fcm\u201d,\u00a0\u201cPutin\u0259 \u00f6l\u00fcm\u201d, kimi \u015f\u00fcarlar s\u0259sl\u0259nib. Bu \u015f\u00fcarlardan narahat olan \u0130ran hakimiyy\u0259tinin t\u0259hl\u00fck\u0259sizlik q\u00fcvv\u0259l\u0259ri aksiyan\u0131 zorak\u0131l\u0131qla da\u011f\u0131d\u0131blar. Daha \u0259trafl\u0131 s\u00fcjetd\u0259:<\/p>\n","protected":false},"author":2,"featured_media":447726,"comment_status":"closed","ping_status":"closed","sticky":false,"template":"","format":"standard","meta":{"om_disable_all_campaigns":false,"_monsterinsights_skip_tracking":false,"_monsterinsights_sitenote_active":false,"_monsterinsights_sitenote_note":"","_monsterinsights_sitenote_category":0},"categories":[7],"tags":[],"aioseo_notices":[],"gutentor_comment":0,"rttpg_featured_image_url":{"full":["https:\/\/arantv.az\/wp-content\/uploads\/2022\/03\/FotoJet-2022-03-04T161211.536.jpg",620,413,false],"landscape":["https:\/\/arantv.az\/wp-content\/uploads\/2022\/03\/FotoJet-2022-03-04T161211.536.jpg",620,413,false],"portraits":["https:\/\/arantv.az\/wp-content\/uploads\/2022\/03\/FotoJet-2022-03-04T161211.536.jpg",620,413,false],"thumbnail":["https:\/\/arantv.az\/wp-content\/uploads\/2022\/03\/FotoJet-2022-03-04T161211.536-500x280.jpg",500,280,true],"medium":["https:\/\/arantv.az\/wp-content\/uploads\/2022\/03\/FotoJet-2022-03-04T161211.536-548x365.jpg",548,365,true],"large":["https:\/\/arantv.az\/wp-content\/uploads\/2022\/03\/FotoJet-2022-03-04T161211.536.jpg",620,413,false],"1536x1536":["https:\/\/arantv.az\/wp-content\/uploads\/2022\/03\/FotoJet-2022-03-04T161211.536.jpg",620,413,false],"2048x2048":["https:\/\/arantv.az\/wp-content\/uploads\/2022\/03\/FotoJet-2022-03-04T161211.536.jpg",620,413,false],"post-thumbnail":["https:\/\/arantv.az\/wp-content\/uploads\/2022\/03\/FotoJet-2022-03-04T161211.536-240x172.jpg",240,172,true],"advps-thumb-one":["https:\/\/arantv.az\/wp-content\/uploads\/2022\/03\/FotoJet-2022-03-04T161211.536.jpg",620,413,false]},"rttpg_author":{"display_name":"V\u00fcsal Rafiqo\u011flu","author_link":"https:\/\/arantv.az\/?author=2"},"rttpg_comment":0,"rttpg_category":"<a href=\"https:\/\/arantv.az\/?cat=7\" rel=\"category\">D\u00fcnya<\/a>","rttpg_excerpt":"\u201cAzad \u0130ran\u201d\u00a0\u201cYoutube\u201d kanal\u0131 \u0130ran\u0131n vurdu\u011fu Ukrayna t\u0259yyar\u0259si bar\u0259d\u0259 s\u00fcjet haz\u0131rlay\u0131b. Qeyd edilib ki, Ukrayna\u00a0Rusiya m\u00fcharib\u0259sinin davam etdiyi g\u00fcnl\u0259rd\u0259\u00a0t\u0259qrib\u0259n iki il \u00f6nc\u0259 Tehran s\u0259mas\u0131nda \u0130slam \u0130nqilab\u0131n\u0131n Ke\u015fik\u00e7il\u0259ri Korpusu, y\u0259ni \u201cSepah\u201d t\u0259r\u0259find\u0259n vurulan Ukrayna s\u0259rni\u015fin t\u0259yyar\u0259si m\u00f6vzusu q\u0259rib\u0259 bir \u015f\u0259kild\u0259 g\u00fcnd\u0259m\u0259 g\u0259lib. Bel\u0259 ki, fevral\u00a0ay\u0131n\u0131n 28-d\u0259 Ukrayna T\u0259yyar\u0259si Qurbanlar\u0131n\u0131n Ail\u0259l\u0259ri Birliyinin \u00fczvl\u0259ri Ukraynan\u0131n \u0130randak\u0131 s\u0259firliyinin \u00f6n\u00fcnd\u0259 aksiya&hellip;","_links":{"self":[{"href":"https:\/\/arantv.az\/index.php?rest_route=\/wp\/v2\/posts\/447725"}],"collection":[{"href":"https:\/\/arantv.az\/index.php?rest_route=\/wp\/v2\/posts"}],"about":[{"href":"https:\/\/arantv.az\/index.php?rest_route=\/wp\/v2\/types\/post"}],"author":[{"embeddable":true,"href":"https:\/\/arantv.az\/index.php?rest_route=\/wp\/v2\/users\/2"}],"replies":[{"embeddable":true,"href":"https:\/\/arantv.az\/index.php?rest_route=%2Fwp%2Fv2%2Fcomments&post=447725"}],"version-history":[{"count":0,"href":"https:\/\/arantv.az\/index.php?rest_route=\/wp\/v2\/posts\/447725\/revisions"}],"wp:featuredmedia":[{"embeddable":true,"href":"https:\/\/arantv.az\/index.php?rest_route=\/wp\/v2\/media\/447726"}],"wp:attachment":[{"href":"https:\/\/arantv.az\/index.php?rest_route=%2Fwp%2Fv2%2Fmedia&parent=447725"}],"wp:term":[{"taxonomy":"category","embeddable":true,"href":"https:\/\/arantv.az\/index.php?rest_route=%2Fwp%2Fv2%2Fcategories&post=447725"},{"taxonomy":"post_tag","embeddable":true,"href":"https:\/\/arantv.az\/index.php?rest_route=%2Fwp%2Fv2%2Ftags&post=447725"}],"curies":[{"name":"wp","href":"https:\/\/api.w.org\/{rel}","templated":true}]}}