{"id":447728,"date":"2022-03-04T15:20:06","date_gmt":"2022-03-04T12:20:06","guid":{"rendered":"http:\/\/arantv.az\/?p=447728"},"modified":"2022-03-04T15:20:06","modified_gmt":"2022-03-04T12:20:06","slug":"ir%c9%99vanda-riyakarliq-aksiyasi-dalgalanan-ssri-bayragi-v%c9%99-fasizm%c9%99-yox-dey%c9%99n-njdecil%c9%99r-video","status":"publish","type":"post","link":"https:\/\/arantv.az\/?p=447728","title":{"rendered":"\u0130r\u0259vanda riyakarl\u0131q aksiyas\u0131: Dal\u011falanan SSR\u0130 bayra\u011f\u0131 v\u0259 \u201cfa\u015fizm\u0259 yox\u201d dey\u0259n Njde\u00e7il\u0259r &#8230; &#8211; V\u0130DEO"},"content":{"rendered":"<p>\u0130r\u0259vanda Ukraynada h\u0259rbi \u0259m\u0259liyyatlar aparan Rusiyaya d\u0259st\u0259k aksiyas\u0131 ke\u00e7irilib.<\/p>\n<p>Maraql\u0131s\u0131 budur ki, erm\u0259nil\u0259r aksiya zaman\u0131 Rusiya bayra\u011f\u0131 il\u0259 yana\u015f\u0131 SSR\u0130 bayra\u011f\u0131 da dal\u011faland\u0131r\u0131blar.<\/p>\n<div class=\"AdviadNativeVideo\"><\/div>\n<p>\u00dcst\u0259lik, aksiya i\u015ftirak\u00e7\u0131lar\u0131 fa\u015fizm \u0259leyhin\u0259 \u015f\u00fcarlar da s\u0259sl\u0259ndiribl\u0259r.<\/p>\n<p>M\u0259qs\u0259dl\u0259ri yaltaql\u0131q olsa da, erm\u0259nil\u0259r ke\u00e7irdikl\u0259ri aksiya il\u0259 h\u0259m\u00e7inin ba\u015fqa m\u0259tl\u0259bl\u0259ri d\u0259 ortaya qoyublar.<\/p>\n<p>\u0130lk n\u00f6vb\u0259d\u0259 dal\u011faland\u0131r\u0131lan SSR\u0130 bayra\u011f\u0131 bir \u00e7ox suallar yarad\u0131r. G\u00f6r\u00fcn\u00fcr erm\u0259nil\u0259r yenid\u0259n sovet d\u00f6n\u0259min\u0259 qay\u0131tmaq sevdas\u0131na d\u00fc\u015f\u00fcbl\u0259r. T\u0259bii ki, tarix boyu m\u0259qs\u0259d v\u0259 m\u0259ram\u0131 m\u0259zlum qiyaf\u0259sin\u0259 b\u00fcr\u00fcn\u00fcb b\u00f6y\u00fck g\u00fccl\u0259rin himay\u0259sin\u0259 s\u0131\u011f\u0131nmaq olmu\u015f erm\u0259nil\u0259r \u00fc\u00e7\u00fcn m\u00fcst\u0259qilliyin bir \u00f6n\u0259m da\u015f\u0131mad\u0131\u011f\u0131 g\u00fcn kimi ayd\u0131nd\u0131r. \u0130r\u0259vanda dal\u011faland\u0131r\u0131lan SSR\u0130 bayraqlar\u0131 da m\u0259hz bu d\u00fc\u015f\u00fcnc\u0259nin t\u0259zah\u00fcr\u00fcd\u00fcr.<\/p>\n<p>Bundan \u0259lav\u0259 ortaya ikrahdo\u011furan bir m\u0259nz\u0259r\u0259 d\u0259 \u00e7\u0131x\u0131b. Bel\u0259 ki, el\u0259 aksiyan\u0131n ke\u00e7irildiyi \u015f\u0259h\u0259rd\u0259 fa\u015fist Qaregin Njdey\u0259 heyk\u0259l qoyanlar\u0131n \u201cfa\u015fizm\u0259 yox\u201d \u015f\u00fcarlar\u0131 s\u0259sl\u0259ndirm\u0259si \u0259n y\u00fcng\u00fcl \u015f\u0259kild\u0259 des\u0259k h\u0259yas\u0131zl\u0131qdan ba\u015fqa bir \u015fey deyil.<\/p>\n<div><iframe loading=\"lazy\" src=\"https:\/\/player.baku.tv\/embed\/51208\" width=\"560\" height=\"315\" frameborder=\"0\" allowfullscreen=\"allowfullscreen\" data-mce-fragment=\"1\"><\/iframe><\/div>\n<p>&nbsp;<\/p>\n","protected":false},"excerpt":{"rendered":"<p>\u0130r\u0259vanda Ukraynada h\u0259rbi \u0259m\u0259liyyatlar aparan Rusiyaya d\u0259st\u0259k aksiyas\u0131 ke\u00e7irilib. Maraql\u0131s\u0131 budur ki, erm\u0259nil\u0259r aksiya zaman\u0131 Rusiya bayra\u011f\u0131 il\u0259 yana\u015f\u0131 SSR\u0130 bayra\u011f\u0131 da dal\u011faland\u0131r\u0131blar. \u00dcst\u0259lik, aksiya i\u015ftirak\u00e7\u0131lar\u0131 fa\u015fizm \u0259leyhin\u0259 \u015f\u00fcarlar da s\u0259sl\u0259ndiribl\u0259r. M\u0259qs\u0259dl\u0259ri yaltaql\u0131q olsa da, erm\u0259nil\u0259r ke\u00e7irdikl\u0259ri aksiya il\u0259 h\u0259m\u00e7inin ba\u015fqa m\u0259tl\u0259bl\u0259ri d\u0259 ortaya qoyublar. \u0130lk n\u00f6vb\u0259d\u0259 dal\u011faland\u0131r\u0131lan SSR\u0130 bayra\u011f\u0131 bir \u00e7ox suallar yarad\u0131r. G\u00f6r\u00fcn\u00fcr erm\u0259nil\u0259r yenid\u0259n sovet d\u00f6n\u0259min\u0259 qay\u0131tmaq sevdas\u0131na d\u00fc\u015f\u00fcbl\u0259r. T\u0259bii ki, tarix boyu m\u0259qs\u0259d v\u0259 m\u0259ram\u0131 m\u0259zlum qiyaf\u0259sin\u0259 b\u00fcr\u00fcn\u00fcb b\u00f6y\u00fck g\u00fccl\u0259rin himay\u0259sin\u0259 s\u0131\u011f\u0131nmaq olmu\u015f erm\u0259nil\u0259r \u00fc\u00e7\u00fcn m\u00fcst\u0259qilliyin bir \u00f6n\u0259m da\u015f\u0131mad\u0131\u011f\u0131 g\u00fcn kimi ayd\u0131nd\u0131r. \u0130r\u0259vanda dal\u011faland\u0131r\u0131lan SSR\u0130 bayraqlar\u0131&hellip;<\/p>\n","protected":false},"author":2,"featured_media":447729,"comment_status":"closed","ping_status":"closed","sticky":false,"template":"","format":"standard","meta":{"om_disable_all_campaigns":false,"_monsterinsights_skip_tracking":false,"_monsterinsights_sitenote_active":false,"_monsterinsights_sitenote_note":"","_monsterinsights_sitenote_category":0},"categories":[7],"tags":[],"aioseo_notices":[],"gutentor_comment":0,"rttpg_featured_image_url":{"full":["https:\/\/arantv.az\/wp-content\/uploads\/2022\/03\/FotoJet-2022-03-04T155341.390.jpg",620,413,false],"landscape":["https:\/\/arantv.az\/wp-content\/uploads\/2022\/03\/FotoJet-2022-03-04T155341.390.jpg",620,413,false],"portraits":["https:\/\/arantv.az\/wp-content\/uploads\/2022\/03\/FotoJet-2022-03-04T155341.390.jpg",620,413,false],"thumbnail":["https:\/\/arantv.az\/wp-content\/uploads\/2022\/03\/FotoJet-2022-03-04T155341.390-500x280.jpg",500,280,true],"medium":["https:\/\/arantv.az\/wp-content\/uploads\/2022\/03\/FotoJet-2022-03-04T155341.390-548x365.jpg",548,365,true],"large":["https:\/\/arantv.az\/wp-content\/uploads\/2022\/03\/FotoJet-2022-03-04T155341.390.jpg",620,413,false],"1536x1536":["https:\/\/arantv.az\/wp-content\/uploads\/2022\/03\/FotoJet-2022-03-04T155341.390.jpg",620,413,false],"2048x2048":["https:\/\/arantv.az\/wp-content\/uploads\/2022\/03\/FotoJet-2022-03-04T155341.390.jpg",620,413,false],"post-thumbnail":["https:\/\/arantv.az\/wp-content\/uploads\/2022\/03\/FotoJet-2022-03-04T155341.390-240x172.jpg",240,172,true],"advps-thumb-one":["https:\/\/arantv.az\/wp-content\/uploads\/2022\/03\/FotoJet-2022-03-04T155341.390.jpg",620,413,false]},"rttpg_author":{"display_name":"V\u00fcsal Rafiqo\u011flu","author_link":"https:\/\/arantv.az\/?author=2"},"rttpg_comment":0,"rttpg_category":"<a href=\"https:\/\/arantv.az\/?cat=7\" rel=\"category\">D\u00fcnya<\/a>","rttpg_excerpt":"\u0130r\u0259vanda Ukraynada h\u0259rbi \u0259m\u0259liyyatlar aparan Rusiyaya d\u0259st\u0259k aksiyas\u0131 ke\u00e7irilib. Maraql\u0131s\u0131 budur ki, erm\u0259nil\u0259r aksiya zaman\u0131 Rusiya bayra\u011f\u0131 il\u0259 yana\u015f\u0131 SSR\u0130 bayra\u011f\u0131 da dal\u011faland\u0131r\u0131blar. \u00dcst\u0259lik, aksiya i\u015ftirak\u00e7\u0131lar\u0131 fa\u015fizm \u0259leyhin\u0259 \u015f\u00fcarlar da s\u0259sl\u0259ndiribl\u0259r. M\u0259qs\u0259dl\u0259ri yaltaql\u0131q olsa da, erm\u0259nil\u0259r ke\u00e7irdikl\u0259ri aksiya il\u0259 h\u0259m\u00e7inin ba\u015fqa m\u0259tl\u0259bl\u0259ri d\u0259 ortaya qoyublar. \u0130lk n\u00f6vb\u0259d\u0259 dal\u011faland\u0131r\u0131lan SSR\u0130 bayra\u011f\u0131 bir \u00e7ox suallar yarad\u0131r. G\u00f6r\u00fcn\u00fcr&hellip;","_links":{"self":[{"href":"https:\/\/arantv.az\/index.php?rest_route=\/wp\/v2\/posts\/447728"}],"collection":[{"href":"https:\/\/arantv.az\/index.php?rest_route=\/wp\/v2\/posts"}],"about":[{"href":"https:\/\/arantv.az\/index.php?rest_route=\/wp\/v2\/types\/post"}],"author":[{"embeddable":true,"href":"https:\/\/arantv.az\/index.php?rest_route=\/wp\/v2\/users\/2"}],"replies":[{"embeddable":true,"href":"https:\/\/arantv.az\/index.php?rest_route=%2Fwp%2Fv2%2Fcomments&post=447728"}],"version-history":[{"count":0,"href":"https:\/\/arantv.az\/index.php?rest_route=\/wp\/v2\/posts\/447728\/revisions"}],"wp:featuredmedia":[{"embeddable":true,"href":"https:\/\/arantv.az\/index.php?rest_route=\/wp\/v2\/media\/447729"}],"wp:attachment":[{"href":"https:\/\/arantv.az\/index.php?rest_route=%2Fwp%2Fv2%2Fmedia&parent=447728"}],"wp:term":[{"taxonomy":"category","embeddable":true,"href":"https:\/\/arantv.az\/index.php?rest_route=%2Fwp%2Fv2%2Fcategories&post=447728"},{"taxonomy":"post_tag","embeddable":true,"href":"https:\/\/arantv.az\/index.php?rest_route=%2Fwp%2Fv2%2Ftags&post=447728"}],"curies":[{"name":"wp","href":"https:\/\/api.w.org\/{rel}","templated":true}]}}