{"id":447732,"date":"2022-03-04T15:21:34","date_gmt":"2022-03-04T12:21:34","guid":{"rendered":"http:\/\/arantv.az\/?p=447732"},"modified":"2022-03-04T15:21:34","modified_gmt":"2022-03-04T12:21:34","slug":"barama-subsidiyasinin-m%c9%99bl%c9%99gi-artirildi","status":"publish","type":"post","link":"https:\/\/arantv.az\/?p=447732","title":{"rendered":"Barama subsidiyas\u0131n\u0131n m\u0259bl\u0259\u011fi art\u0131r\u0131ld\u0131"},"content":{"rendered":"<p>Prezident \u0130lham \u018fliyev Az\u0259rbaycan Respublikas\u0131 Prezidentinin 2019-cu il 27 iyun tarixli 759 n\u00f6mr\u0259li F\u0259rman\u0131 il\u0259 t\u0259sdiq edilmi\u015f &#8220;K\u0259nd t\u0259s\u0259rr\u00fcfat\u0131 m\u0259hsullar\u0131 istehsal\u0131n\u0131n subsidiyala\u015fd\u0131r\u0131lmas\u0131 Qaydas\u0131&#8221;nda d\u0259yi\u015fiklik edilm\u0259si haqq\u0131nda F\u0259rman imzalay\u0131b.<\/p>\n<p><strong>ARANTV.AZ<\/strong>\u00a0 <a href=\"http:\/\/azertag.az\/\" target=\"_blank\" rel=\"noopener\">AZ\u018fRTAC<\/a>-a istinad\u0259n bildirir ki,\u00a0F\u0259rmana \u0259sas\u0259n, Az\u0259rbaycan Respublikas\u0131 Prezidentinin 2019-cu il 27 iyun tarixli 759 n\u00f6mr\u0259li F\u0259rman\u0131 il\u0259 t\u0259sdiq edilmi\u015f &#8220;K\u0259nd t\u0259s\u0259rr\u00fcfat\u0131 m\u0259hsullar\u0131 istehsal\u0131n\u0131n subsidiyala\u015fd\u0131r\u0131lmas\u0131 Qaydas\u0131&#8221;nda a\u015fa\u011f\u0131dak\u0131 d\u0259yi\u015fiklikl\u0259r edilir:<\/p>\n<p>3.8.2-ci yar\u0131mb\u0259nd\u0259 &#8220;s\u0259n\u0259di&#8221; s\u00f6z\u00fcnd\u0259n sonra &#8220;(2025-ci il yanvar\u0131n 1-d\u0259n etibar\u0259n torpaq sah\u0259si \u00fcz\u0259rind\u0259 m\u00fclkiyy\u0259t, icar\u0259 v\u0259 ya istifad\u0259 h\u00fcquqlar\u0131na dair da\u015f\u0131nmaz \u0259mlak\u0131n d\u00f6vl\u0259t reyestrind\u0259n \u00e7\u0131xar\u0131\u015f\u0131)&#8221; s\u00f6zl\u0259ri \u0259lav\u0259 edilsin.<\/p>\n<p>4.3-c\u00fc b\u0259ndd\u0259 &#8220;5 (be\u015f)&#8221; s\u00f6zl\u0259ri &#8220;6 (alt\u0131)&#8221; s\u00f6zl\u0259ri il\u0259 \u0259v\u0259z edilsin.<\/p>\n<p>Bel\u0259likl\u0259, barama subsidiyas\u0131 barama istehsal\u00e7\u0131s\u0131 olan fermerl\u0259r\u0259 istehsal edilib t\u0259dar\u00fck\u00e7\u00fcy\u0259 t\u0259hvil veril\u0259n ya\u015f baraman\u0131n (\u0259yril\u0259n v\u0259 karapa\u00e7ax barama istisna olmaqla) h\u0259r kiloqram\u0131na g\u00f6r\u0259 6 (alt\u0131) manat m\u0259bl\u0259\u011find\u0259 veril\u0259c\u0259k.<\/p>\n<p>Buna q\u0259d\u0259r h\u0259min subsidiya 5 manat m\u0259bl\u0259\u011find\u0259 verilirdi.<\/p>\n","protected":false},"excerpt":{"rendered":"<p>Prezident \u0130lham \u018fliyev Az\u0259rbaycan Respublikas\u0131 Prezidentinin 2019-cu il 27 iyun tarixli 759 n\u00f6mr\u0259li F\u0259rman\u0131 il\u0259 t\u0259sdiq edilmi\u015f &#8220;K\u0259nd t\u0259s\u0259rr\u00fcfat\u0131 m\u0259hsullar\u0131 istehsal\u0131n\u0131n subsidiyala\u015fd\u0131r\u0131lmas\u0131 Qaydas\u0131&#8221;nda d\u0259yi\u015fiklik edilm\u0259si haqq\u0131nda F\u0259rman imzalay\u0131b. ARANTV.AZ\u00a0 AZ\u018fRTAC-a istinad\u0259n bildirir ki,\u00a0F\u0259rmana \u0259sas\u0259n, Az\u0259rbaycan Respublikas\u0131 Prezidentinin 2019-cu il 27 iyun tarixli 759 n\u00f6mr\u0259li F\u0259rman\u0131 il\u0259 t\u0259sdiq edilmi\u015f &#8220;K\u0259nd t\u0259s\u0259rr\u00fcfat\u0131 m\u0259hsullar\u0131 istehsal\u0131n\u0131n subsidiyala\u015fd\u0131r\u0131lmas\u0131 Qaydas\u0131&#8221;nda a\u015fa\u011f\u0131dak\u0131 d\u0259yi\u015fiklikl\u0259r edilir: 3.8.2-ci yar\u0131mb\u0259nd\u0259 &#8220;s\u0259n\u0259di&#8221; s\u00f6z\u00fcnd\u0259n sonra &#8220;(2025-ci il yanvar\u0131n 1-d\u0259n etibar\u0259n torpaq sah\u0259si \u00fcz\u0259rind\u0259 m\u00fclkiyy\u0259t, icar\u0259 v\u0259 ya istifad\u0259 h\u00fcquqlar\u0131na dair da\u015f\u0131nmaz \u0259mlak\u0131n d\u00f6vl\u0259t reyestrind\u0259n \u00e7\u0131xar\u0131\u015f\u0131)&#8221; s\u00f6zl\u0259ri \u0259lav\u0259 edilsin. 4.3-c\u00fc b\u0259ndd\u0259 &#8220;5 (be\u015f)&#8221; s\u00f6zl\u0259ri&hellip;<\/p>\n","protected":false},"author":2,"featured_media":447733,"comment_status":"closed","ping_status":"closed","sticky":false,"template":"","format":"standard","meta":{"om_disable_all_campaigns":false,"_monsterinsights_skip_tracking":false,"_monsterinsights_sitenote_active":false,"_monsterinsights_sitenote_note":"","_monsterinsights_sitenote_category":0},"categories":[19],"tags":[],"aioseo_notices":[],"gutentor_comment":0,"rttpg_featured_image_url":{"full":["https:\/\/arantv.az\/wp-content\/uploads\/2022\/03\/1024331.jpg",1000,602,false],"landscape":["https:\/\/arantv.az\/wp-content\/uploads\/2022\/03\/1024331.jpg",1000,602,false],"portraits":["https:\/\/arantv.az\/wp-content\/uploads\/2022\/03\/1024331.jpg",1000,602,false],"thumbnail":["https:\/\/arantv.az\/wp-content\/uploads\/2022\/03\/1024331-500x280.jpg",500,280,true],"medium":["https:\/\/arantv.az\/wp-content\/uploads\/2022\/03\/1024331-606x365.jpg",606,365,true],"large":["https:\/\/arantv.az\/wp-content\/uploads\/2022\/03\/1024331-840x506.jpg",640,386,true],"1536x1536":["https:\/\/arantv.az\/wp-content\/uploads\/2022\/03\/1024331.jpg",1000,602,false],"2048x2048":["https:\/\/arantv.az\/wp-content\/uploads\/2022\/03\/1024331.jpg",1000,602,false],"post-thumbnail":["https:\/\/arantv.az\/wp-content\/uploads\/2022\/03\/1024331-240x172.jpg",240,172,true],"advps-thumb-one":["https:\/\/arantv.az\/wp-content\/uploads\/2022\/03\/1024331.jpg",1000,602,false]},"rttpg_author":{"display_name":"V\u00fcsal Rafiqo\u011flu","author_link":"https:\/\/arantv.az\/?author=2"},"rttpg_comment":0,"rttpg_category":"<a href=\"https:\/\/arantv.az\/?cat=19\" rel=\"category\">G\u00fcnd\u0259m<\/a>","rttpg_excerpt":"Prezident \u0130lham \u018fliyev Az\u0259rbaycan Respublikas\u0131 Prezidentinin 2019-cu il 27 iyun tarixli 759 n\u00f6mr\u0259li F\u0259rman\u0131 il\u0259 t\u0259sdiq edilmi\u015f &#8220;K\u0259nd t\u0259s\u0259rr\u00fcfat\u0131 m\u0259hsullar\u0131 istehsal\u0131n\u0131n subsidiyala\u015fd\u0131r\u0131lmas\u0131 Qaydas\u0131&#8221;nda d\u0259yi\u015fiklik edilm\u0259si haqq\u0131nda F\u0259rman imzalay\u0131b. ARANTV.AZ\u00a0 AZ\u018fRTAC-a istinad\u0259n bildirir ki,\u00a0F\u0259rmana \u0259sas\u0259n, Az\u0259rbaycan Respublikas\u0131 Prezidentinin 2019-cu il 27 iyun tarixli 759 n\u00f6mr\u0259li F\u0259rman\u0131 il\u0259 t\u0259sdiq edilmi\u015f &#8220;K\u0259nd t\u0259s\u0259rr\u00fcfat\u0131 m\u0259hsullar\u0131 istehsal\u0131n\u0131n subsidiyala\u015fd\u0131r\u0131lmas\u0131 Qaydas\u0131&#8221;nda a\u015fa\u011f\u0131dak\u0131&hellip;","_links":{"self":[{"href":"https:\/\/arantv.az\/index.php?rest_route=\/wp\/v2\/posts\/447732"}],"collection":[{"href":"https:\/\/arantv.az\/index.php?rest_route=\/wp\/v2\/posts"}],"about":[{"href":"https:\/\/arantv.az\/index.php?rest_route=\/wp\/v2\/types\/post"}],"author":[{"embeddable":true,"href":"https:\/\/arantv.az\/index.php?rest_route=\/wp\/v2\/users\/2"}],"replies":[{"embeddable":true,"href":"https:\/\/arantv.az\/index.php?rest_route=%2Fwp%2Fv2%2Fcomments&post=447732"}],"version-history":[{"count":0,"href":"https:\/\/arantv.az\/index.php?rest_route=\/wp\/v2\/posts\/447732\/revisions"}],"wp:featuredmedia":[{"embeddable":true,"href":"https:\/\/arantv.az\/index.php?rest_route=\/wp\/v2\/media\/447733"}],"wp:attachment":[{"href":"https:\/\/arantv.az\/index.php?rest_route=%2Fwp%2Fv2%2Fmedia&parent=447732"}],"wp:term":[{"taxonomy":"category","embeddable":true,"href":"https:\/\/arantv.az\/index.php?rest_route=%2Fwp%2Fv2%2Fcategories&post=447732"},{"taxonomy":"post_tag","embeddable":true,"href":"https:\/\/arantv.az\/index.php?rest_route=%2Fwp%2Fv2%2Ftags&post=447732"}],"curies":[{"name":"wp","href":"https:\/\/api.w.org\/{rel}","templated":true}]}}