{"id":447738,"date":"2022-03-04T15:24:46","date_gmt":"2022-03-04T12:24:46","guid":{"rendered":"http:\/\/arantv.az\/?p=447738"},"modified":"2022-03-04T15:24:46","modified_gmt":"2022-03-04T12:24:46","slug":"v%c9%99t%c9%99n-muharib%c9%99si-s%c9%99hidl%c9%99ri-haqda-ensiklopedik-kitab-isiq-uzu-gordu-foto","status":"publish","type":"post","link":"https:\/\/arantv.az\/?p=447738","title":{"rendered":"V\u0259t\u0259n m\u00fcharib\u0259si \u015f\u0259hidl\u0259ri haqda ensiklopedik kitab i\u015f\u0131q \u00fcz\u00fc g\u00f6rd\u00fc FOTO"},"content":{"rendered":"<p>44 g\u00fcnl\u00fck V\u0259t\u0259n m\u00fcharib\u0259sinin m\u00fcq\u0259dd\u0259s q\u0259hr\u0259manlar\u0131na h\u0259sr etdiyi \u00fc\u00e7 cildd\u0259n ibar\u0259t \u201cV\u0259t\u0259n m\u00fcharib\u0259si \u015f\u0259hidl\u0259ri\u201d memorial kitab\u0131n\u0131n I cildi i\u015f\u0131q \u00fcz\u00fc g\u00f6r\u00fcb. TEAS Press N\u0259\u015friyyat evinin \u00e7apa haz\u0131rlad\u0131\u011f\u0131 kitab\u0131 V\u0259t\u0259n m\u00fcharib\u0259si \u015f\u0259hidl\u0259ri haqda ensiklopediya da adland\u0131rmaq olar.<\/p>\n<p>Kitaba V\u0259t\u0259n m\u00fcharib\u0259sind\u0259 (27.09.2020 \u2013 10.11.2020), h\u0259m\u00e7inin azad edilmi\u015f torpaqlarda Az\u0259rbaycan Ordusunun m\u00f6vqel\u0259rinin m\u00f6hk\u0259ml\u0259ndirilm\u0259si prosesinin davam etdiyi 2021-ci il dekabr\u0131n 31-d\u0259k olan m\u00fcdd\u0259td\u0259 \u015f\u0259had\u0259t\u0259 ucalm\u0131\u015f q\u0259hr\u0259manlar\u0131m\u0131z bar\u0259d\u0259 m\u0259lumatlar daxil edilib.<\/p>\n<p>N\u0259\u015friyyatdan bildirilib ki, kitab\u0131 \u00e7apa haz\u0131rlayark\u0259n m\u00fcxt\u0259lif m\u0259nb\u0259l\u0259rd\u0259ki (internet v\u0259 \u00e7ap medias\u0131ndak\u0131, b\u0259z\u0259n h\u0259tta ayr\u0131-ayr\u0131 kitablardak\u0131) m\u0259lumatlarda rast g\u0259lin\u0259n qeyri-d\u0259qiqlik hallar\u0131n\u0131n, h\u0259min m\u0259lumatlar\u0131n bir-biri il\u0259 uy\u011fun g\u0259lm\u0259m\u0259sinin, \u015f\u0259hidl\u0259r haqda s\u0259thi haz\u0131rlanm\u0131\u015f yaz\u0131lar\u0131n v\u0259 bioqrafik m\u0259lumatlar\u0131n g\u0259l\u0259c\u0259k t\u0259dqiqat\u00e7\u0131lar v\u0259 dig\u0259r m\u00fc\u0259llifl\u0259r \u00fc\u00e7\u00fcn \u00e7\u0259tinlik yaradacaq bir m\u0259qam oldu\u011fu n\u0259z\u0259r\u0259 al\u0131n\u0131b. Ona g\u00f6r\u0259 d\u0259 bu m\u0259s\u0259l\u0259y\u0259 ilk d\u0259f\u0259 f\u0259rqli yana\u015f\u0131l\u0131b \u2013 h\u0259r bir \u015f\u0259hid ail\u0259si il\u0259 ayr\u0131-ayr\u0131l\u0131qda \u0259laq\u0259 saxlan\u0131laraq b\u00fct\u00fcn faktlar v\u0259 bioqrafik m\u0259lumatlar h\u0259min ail\u0259l\u0259rin bilavasit\u0259 \u00f6zl\u0259ri il\u0259 d\u0259qiql\u0259\u015fdirilib.<\/p>\n<p>Bu kitabda soyadlar\u0131 \u0259lifba s\u0131ras\u0131 il\u0259 A, B, C, \u00c7, D, E, \u018f, F, G h\u0259rfl\u0259ri il\u0259 ba\u015flayan 957 Z\u0259f\u0259r sava\u015f\u0131 q\u0259hr\u0259man\u0131 haqda m\u0259lumatlar yer al\u0131r. \u015e\u0259hidl\u0259rin siyah\u0131s\u0131 Az\u0259rbaycan Respublikas\u0131 M\u00fcdafi\u0259 Nazirliyinin son r\u0259smi m\u0259lumatlar\u0131 \u0259sas\u0131nda t\u0259rtib olunub. \u201cT\u0259ltifl\u0259ri\u201d b\u00f6lm\u0259sind\u0259 h\u0259r bir \u015f\u0259hid\u0259 verilmi\u015f orden v\u0259 medallar\u0131n siyah\u0131s\u0131 istisnas\u0131z olaraq yaln\u0131z Prezidentin m\u00fcvafiq s\u0259r\u0259ncamlar\u0131na istinad\u0259n bir-bir d\u0259qiql\u0259\u015fdirilib.<\/p>\n<p>\u201cHaz\u0131rda kitab\u0131n ikinci v\u0259 \u00fc\u00e7\u00fcnc\u00fc cildl\u0259ri \u00e7apa haz\u0131rlan\u0131r, onlar da tezlikl\u0259 i\u015f\u0131q \u00fcz\u00fc g\u00f6r\u0259c\u0259k. Bu kitab\u0131n \u0259rs\u0259y\u0259 g\u0259lm\u0259sind\u0259 g\u00f6st\u0259rdiyi informasiya d\u0259st\u0259yin\u0259 g\u00f6r\u0259 \u201cYA\u015eAT\u201d Fonduna, ayr\u0131-ayr\u0131 rayonlar\u0131n icra hakimiyy\u0259tl\u0259rinin m\u00fcvafiq strukturlar\u0131na v\u0259 f\u0259al v\u0259t\u0259nda\u015flar\u0131m\u0131za x\u00fcsusi minn\u0259tdarl\u0131\u011f\u0131m\u0131z\u0131 bildiririk. TEAS Press N\u0259\u015friyyat evinin m\u00fcq\u0259dd\u0259s \u015f\u0259hidl\u0259rimizin ruhu qar\u015f\u0131s\u0131nda az da olsa, \u00f6z m\u0259n\u0259vi borcunu verm\u0259k m\u0259qs\u0259dil\u0259 \u00e7apa haz\u0131rlad\u0131\u011f\u0131 bu kitab h\u0259r \u015f\u0259hid ail\u0259sin\u0259 bir n\u00fcsx\u0259 olmaqla \u201cYA\u015eAT\u201d Fondu vasit\u0259sil\u0259 onlara h\u0259diyy\u0259 edil\u0259c\u0259k, yerd\u0259 qalan n\u00fcsx\u0259l\u0259rin sat\u0131\u015f\u0131ndan \u0259ld\u0259 edil\u0259n g\u0259lir is\u0259 \u201cYA\u015eAT\u201d Fonduna ian\u0259 olunacaq\u201d, \u2013 dey\u0259 n\u0259\u015friyyatdan bildirilib.<\/p>\n<p>M\u00fcq\u0259dd\u0259s \u015f\u0259hidl\u0259rimizin \u0259ziz xatir\u0259si h\u0259r bir Az\u0259rbaycan v\u0259t\u0259nda\u015f\u0131n\u0131n q\u0259lbind\u0259 \u0259b\u0259di ya\u015fayacaq! Onlar\u0131n ruhunu sonsuz ehtiramla an\u0131r, h\u0259r birin\u0259 Uca Tanr\u0131dan r\u0259hm\u0259t dil\u0259yirik!<\/p>\n<div>\n<div class=\"form-group\"><img class=\"img-responsive\" src=\"https:\/\/a.radikal.ru\/a32\/2203\/80\/98eafb4b6895.jpg\" \/><\/div>\n<div class=\"form-group\"><img class=\"img-responsive\" src=\"https:\/\/a.radikal.ru\/a19\/2203\/2b\/591f7d7cd832.jpg\" \/><\/div>\n<\/div>\n","protected":false},"excerpt":{"rendered":"<p>44 g\u00fcnl\u00fck V\u0259t\u0259n m\u00fcharib\u0259sinin m\u00fcq\u0259dd\u0259s q\u0259hr\u0259manlar\u0131na h\u0259sr etdiyi \u00fc\u00e7 cildd\u0259n ibar\u0259t \u201cV\u0259t\u0259n m\u00fcharib\u0259si \u015f\u0259hidl\u0259ri\u201d memorial kitab\u0131n\u0131n I cildi i\u015f\u0131q \u00fcz\u00fc g\u00f6r\u00fcb. TEAS Press N\u0259\u015friyyat evinin \u00e7apa haz\u0131rlad\u0131\u011f\u0131 kitab\u0131 V\u0259t\u0259n m\u00fcharib\u0259si \u015f\u0259hidl\u0259ri haqda ensiklopediya da adland\u0131rmaq olar. Kitaba V\u0259t\u0259n m\u00fcharib\u0259sind\u0259 (27.09.2020 \u2013 10.11.2020), h\u0259m\u00e7inin azad edilmi\u015f torpaqlarda Az\u0259rbaycan Ordusunun m\u00f6vqel\u0259rinin m\u00f6hk\u0259ml\u0259ndirilm\u0259si prosesinin davam etdiyi 2021-ci il dekabr\u0131n 31-d\u0259k olan m\u00fcdd\u0259td\u0259 \u015f\u0259had\u0259t\u0259 ucalm\u0131\u015f q\u0259hr\u0259manlar\u0131m\u0131z bar\u0259d\u0259 m\u0259lumatlar daxil edilib. N\u0259\u015friyyatdan bildirilib ki, kitab\u0131 \u00e7apa haz\u0131rlayark\u0259n m\u00fcxt\u0259lif m\u0259nb\u0259l\u0259rd\u0259ki (internet v\u0259 \u00e7ap medias\u0131ndak\u0131, b\u0259z\u0259n h\u0259tta ayr\u0131-ayr\u0131 kitablardak\u0131) m\u0259lumatlarda rast g\u0259lin\u0259n qeyri-d\u0259qiqlik hallar\u0131n\u0131n, h\u0259min m\u0259lumatlar\u0131n bir-biri&hellip;<\/p>\n","protected":false},"author":2,"featured_media":447739,"comment_status":"closed","ping_status":"closed","sticky":false,"template":"","format":"standard","meta":{"om_disable_all_campaigns":false,"_monsterinsights_skip_tracking":false,"_monsterinsights_sitenote_active":false,"_monsterinsights_sitenote_note":"","_monsterinsights_sitenote_category":0},"categories":[1],"tags":[],"aioseo_notices":[],"gutentor_comment":0,"rttpg_featured_image_url":{"full":["https:\/\/arantv.az\/wp-content\/uploads\/2022\/03\/a059479d2912ca8f73e0ce9b6e842f62.jpg",450,300,false],"landscape":["https:\/\/arantv.az\/wp-content\/uploads\/2022\/03\/a059479d2912ca8f73e0ce9b6e842f62.jpg",450,300,false],"portraits":["https:\/\/arantv.az\/wp-content\/uploads\/2022\/03\/a059479d2912ca8f73e0ce9b6e842f62.jpg",450,300,false],"thumbnail":["https:\/\/arantv.az\/wp-content\/uploads\/2022\/03\/a059479d2912ca8f73e0ce9b6e842f62-450x280.jpg",450,280,true],"medium":["https:\/\/arantv.az\/wp-content\/uploads\/2022\/03\/a059479d2912ca8f73e0ce9b6e842f62.jpg",450,300,false],"large":["https:\/\/arantv.az\/wp-content\/uploads\/2022\/03\/a059479d2912ca8f73e0ce9b6e842f62.jpg",450,300,false],"1536x1536":["https:\/\/arantv.az\/wp-content\/uploads\/2022\/03\/a059479d2912ca8f73e0ce9b6e842f62.jpg",450,300,false],"2048x2048":["https:\/\/arantv.az\/wp-content\/uploads\/2022\/03\/a059479d2912ca8f73e0ce9b6e842f62.jpg",450,300,false],"post-thumbnail":["https:\/\/arantv.az\/wp-content\/uploads\/2022\/03\/a059479d2912ca8f73e0ce9b6e842f62-240x172.jpg",240,172,true],"advps-thumb-one":["https:\/\/arantv.az\/wp-content\/uploads\/2022\/03\/a059479d2912ca8f73e0ce9b6e842f62.jpg",450,300,false]},"rttpg_author":{"display_name":"V\u00fcsal Rafiqo\u011flu","author_link":"https:\/\/arantv.az\/?author=2"},"rttpg_comment":0,"rttpg_category":"<a href=\"https:\/\/arantv.az\/?cat=1\" rel=\"category\">C\u0259miyy\u0259t<\/a>","rttpg_excerpt":"44 g\u00fcnl\u00fck V\u0259t\u0259n m\u00fcharib\u0259sinin m\u00fcq\u0259dd\u0259s q\u0259hr\u0259manlar\u0131na h\u0259sr etdiyi \u00fc\u00e7 cildd\u0259n ibar\u0259t \u201cV\u0259t\u0259n m\u00fcharib\u0259si \u015f\u0259hidl\u0259ri\u201d memorial kitab\u0131n\u0131n I cildi i\u015f\u0131q \u00fcz\u00fc g\u00f6r\u00fcb. TEAS Press N\u0259\u015friyyat evinin \u00e7apa haz\u0131rlad\u0131\u011f\u0131 kitab\u0131 V\u0259t\u0259n m\u00fcharib\u0259si \u015f\u0259hidl\u0259ri haqda ensiklopediya da adland\u0131rmaq olar. Kitaba V\u0259t\u0259n m\u00fcharib\u0259sind\u0259 (27.09.2020 \u2013 10.11.2020), h\u0259m\u00e7inin azad edilmi\u015f torpaqlarda Az\u0259rbaycan Ordusunun m\u00f6vqel\u0259rinin m\u00f6hk\u0259ml\u0259ndirilm\u0259si prosesinin davam etdiyi 2021-ci il&hellip;","_links":{"self":[{"href":"https:\/\/arantv.az\/index.php?rest_route=\/wp\/v2\/posts\/447738"}],"collection":[{"href":"https:\/\/arantv.az\/index.php?rest_route=\/wp\/v2\/posts"}],"about":[{"href":"https:\/\/arantv.az\/index.php?rest_route=\/wp\/v2\/types\/post"}],"author":[{"embeddable":true,"href":"https:\/\/arantv.az\/index.php?rest_route=\/wp\/v2\/users\/2"}],"replies":[{"embeddable":true,"href":"https:\/\/arantv.az\/index.php?rest_route=%2Fwp%2Fv2%2Fcomments&post=447738"}],"version-history":[{"count":0,"href":"https:\/\/arantv.az\/index.php?rest_route=\/wp\/v2\/posts\/447738\/revisions"}],"wp:featuredmedia":[{"embeddable":true,"href":"https:\/\/arantv.az\/index.php?rest_route=\/wp\/v2\/media\/447739"}],"wp:attachment":[{"href":"https:\/\/arantv.az\/index.php?rest_route=%2Fwp%2Fv2%2Fmedia&parent=447738"}],"wp:term":[{"taxonomy":"category","embeddable":true,"href":"https:\/\/arantv.az\/index.php?rest_route=%2Fwp%2Fv2%2Fcategories&post=447738"},{"taxonomy":"post_tag","embeddable":true,"href":"https:\/\/arantv.az\/index.php?rest_route=%2Fwp%2Fv2%2Ftags&post=447738"}],"curies":[{"name":"wp","href":"https:\/\/api.w.org\/{rel}","templated":true}]}}