{"id":447747,"date":"2022-03-04T15:31:01","date_gmt":"2022-03-04T12:31:01","guid":{"rendered":"http:\/\/arantv.az\/?p=447747"},"modified":"2022-03-04T15:31:01","modified_gmt":"2022-03-04T12:31:01","slug":"satmaq-ohd%c9%99liyi-il%c9%99-kiray%c9%99-veril%c9%99n-m%c9%99nzill%c9%99rl%c9%99-bagli-qaydalar-d%c9%99yisdi-f%c9%99rman","status":"publish","type":"post","link":"https:\/\/arantv.az\/?p=447747","title":{"rendered":"Satmaq \u00f6hd\u0259liyi il\u0259 kiray\u0259 veril\u0259n m\u0259nzill\u0259rl\u0259 ba\u011fl\u0131 qaydalar d\u0259yi\u015fdi &#8211; F\u018fRMAN"},"content":{"rendered":"<p>Prezident \u0130lham \u018fliyev\u00a0\u201cAz\u0259rbaycan Respublikas\u0131 \u0130poteka v\u0259 Kredit Z\u0259man\u0259t Fondunun ya\u015fay\u0131\u015f sah\u0259l\u0259rini satmaq \u00f6hd\u0259liyi il\u0259 kiray\u0259y\u0259 verm\u0259si Qaydas\u0131\u201dnda d\u0259yi\u015fiklik edilm\u0259si bar\u0259d\u0259 f\u0259rman imzalay\u0131b.<\/p>\n<div class=\"AdviadNativeVideo\"><\/div>\n<p>Bununla ba\u011fl\u0131\u00a0<a href=\"https:\/\/president.az\/az\/articles\/view\/55575\" target=\"_blank\" rel=\"noopener\">Prezident.az<\/a>\u00a0m\u0259lumat yay\u0131b.<\/p>\n<p>F\u0259rmana \u0259sas\u0259n, art\u0131q\u00a0kiray\u0259 m\u00fcqavil\u0259si ba\u011flan\u0131ld\u0131qdan sonra kiray\u0259\u00e7i t\u0259r\u0259find\u0259n al\u0131\u015f qiym\u0259tinin vaxt\u0131ndan \u0259vv\u0259l tam v\u0259 ya qism\u0259n \u00f6d\u0259ni\u015fi h\u0259yata ke\u00e7iril\u0259 bil\u0259r.<\/p>\n<p>Daha \u0259vv\u0259l kiray\u0259 m\u00fcqavil\u0259si ba\u011flan\u0131ld\u0131qdan sonra al\u0131\u015f qiym\u0259tinin tam \u00f6d\u0259ni\u015fi 3 ild\u0259n tez h\u0259yata ke\u00e7iril\u0259 bilm\u0259zdi.<\/p>\n","protected":false},"excerpt":{"rendered":"<p>Prezident \u0130lham \u018fliyev\u00a0\u201cAz\u0259rbaycan Respublikas\u0131 \u0130poteka v\u0259 Kredit Z\u0259man\u0259t Fondunun ya\u015fay\u0131\u015f sah\u0259l\u0259rini satmaq \u00f6hd\u0259liyi il\u0259 kiray\u0259y\u0259 verm\u0259si Qaydas\u0131\u201dnda d\u0259yi\u015fiklik edilm\u0259si bar\u0259d\u0259 f\u0259rman imzalay\u0131b. Bununla ba\u011fl\u0131\u00a0Prezident.az\u00a0m\u0259lumat yay\u0131b. F\u0259rmana \u0259sas\u0259n, art\u0131q\u00a0kiray\u0259 m\u00fcqavil\u0259si ba\u011flan\u0131ld\u0131qdan sonra kiray\u0259\u00e7i t\u0259r\u0259find\u0259n al\u0131\u015f qiym\u0259tinin vaxt\u0131ndan \u0259vv\u0259l tam v\u0259 ya qism\u0259n \u00f6d\u0259ni\u015fi h\u0259yata ke\u00e7iril\u0259 bil\u0259r. Daha \u0259vv\u0259l kiray\u0259 m\u00fcqavil\u0259si ba\u011flan\u0131ld\u0131qdan sonra al\u0131\u015f qiym\u0259tinin tam \u00f6d\u0259ni\u015fi 3 ild\u0259n tez h\u0259yata ke\u00e7iril\u0259 bilm\u0259zdi.<\/p>\n","protected":false},"author":2,"featured_media":432839,"comment_status":"closed","ping_status":"closed","sticky":false,"template":"","format":"standard","meta":{"om_disable_all_campaigns":false,"_monsterinsights_skip_tracking":false,"_monsterinsights_sitenote_active":false,"_monsterinsights_sitenote_note":"","_monsterinsights_sitenote_category":0},"categories":[4],"tags":[],"aioseo_notices":[],"gutentor_comment":0,"rttpg_featured_image_url":{"full":["https:\/\/arantv.az\/wp-content\/uploads\/2022\/01\/ilham-aliyev-1.jpg",585,465,false],"landscape":["https:\/\/arantv.az\/wp-content\/uploads\/2022\/01\/ilham-aliyev-1.jpg",585,465,false],"portraits":["https:\/\/arantv.az\/wp-content\/uploads\/2022\/01\/ilham-aliyev-1.jpg",585,465,false],"thumbnail":["https:\/\/arantv.az\/wp-content\/uploads\/2022\/01\/ilham-aliyev-1-500x280.jpg",500,280,true],"medium":["https:\/\/arantv.az\/wp-content\/uploads\/2022\/01\/ilham-aliyev-1-459x365.jpg",459,365,true],"large":["https:\/\/arantv.az\/wp-content\/uploads\/2022\/01\/ilham-aliyev-1.jpg",585,465,false],"1536x1536":["https:\/\/arantv.az\/wp-content\/uploads\/2022\/01\/ilham-aliyev-1.jpg",585,465,false],"2048x2048":["https:\/\/arantv.az\/wp-content\/uploads\/2022\/01\/ilham-aliyev-1.jpg",585,465,false],"post-thumbnail":["https:\/\/arantv.az\/wp-content\/uploads\/2022\/01\/ilham-aliyev-1-240x172.jpg",240,172,true],"advps-thumb-one":["https:\/\/arantv.az\/wp-content\/uploads\/2022\/01\/ilham-aliyev-1.jpg",585,465,false]},"rttpg_author":{"display_name":"V\u00fcsal Rafiqo\u011flu","author_link":"https:\/\/arantv.az\/?author=2"},"rttpg_comment":0,"rttpg_category":"<a href=\"https:\/\/arantv.az\/?cat=4\" rel=\"category\">Siyas\u0259t<\/a>","rttpg_excerpt":"Prezident \u0130lham \u018fliyev\u00a0\u201cAz\u0259rbaycan Respublikas\u0131 \u0130poteka v\u0259 Kredit Z\u0259man\u0259t Fondunun ya\u015fay\u0131\u015f sah\u0259l\u0259rini satmaq \u00f6hd\u0259liyi il\u0259 kiray\u0259y\u0259 verm\u0259si Qaydas\u0131\u201dnda d\u0259yi\u015fiklik edilm\u0259si bar\u0259d\u0259 f\u0259rman imzalay\u0131b. Bununla ba\u011fl\u0131\u00a0Prezident.az\u00a0m\u0259lumat yay\u0131b. F\u0259rmana \u0259sas\u0259n, art\u0131q\u00a0kiray\u0259 m\u00fcqavil\u0259si ba\u011flan\u0131ld\u0131qdan sonra kiray\u0259\u00e7i t\u0259r\u0259find\u0259n al\u0131\u015f qiym\u0259tinin vaxt\u0131ndan \u0259vv\u0259l tam v\u0259 ya qism\u0259n \u00f6d\u0259ni\u015fi h\u0259yata ke\u00e7iril\u0259 bil\u0259r. Daha \u0259vv\u0259l kiray\u0259 m\u00fcqavil\u0259si ba\u011flan\u0131ld\u0131qdan sonra al\u0131\u015f qiym\u0259tinin tam \u00f6d\u0259ni\u015fi&hellip;","_links":{"self":[{"href":"https:\/\/arantv.az\/index.php?rest_route=\/wp\/v2\/posts\/447747"}],"collection":[{"href":"https:\/\/arantv.az\/index.php?rest_route=\/wp\/v2\/posts"}],"about":[{"href":"https:\/\/arantv.az\/index.php?rest_route=\/wp\/v2\/types\/post"}],"author":[{"embeddable":true,"href":"https:\/\/arantv.az\/index.php?rest_route=\/wp\/v2\/users\/2"}],"replies":[{"embeddable":true,"href":"https:\/\/arantv.az\/index.php?rest_route=%2Fwp%2Fv2%2Fcomments&post=447747"}],"version-history":[{"count":0,"href":"https:\/\/arantv.az\/index.php?rest_route=\/wp\/v2\/posts\/447747\/revisions"}],"wp:featuredmedia":[{"embeddable":true,"href":"https:\/\/arantv.az\/index.php?rest_route=\/wp\/v2\/media\/432839"}],"wp:attachment":[{"href":"https:\/\/arantv.az\/index.php?rest_route=%2Fwp%2Fv2%2Fmedia&parent=447747"}],"wp:term":[{"taxonomy":"category","embeddable":true,"href":"https:\/\/arantv.az\/index.php?rest_route=%2Fwp%2Fv2%2Fcategories&post=447747"},{"taxonomy":"post_tag","embeddable":true,"href":"https:\/\/arantv.az\/index.php?rest_route=%2Fwp%2Fv2%2Ftags&post=447747"}],"curies":[{"name":"wp","href":"https:\/\/api.w.org\/{rel}","templated":true}]}}