{"id":447752,"date":"2022-03-04T15:33:48","date_gmt":"2022-03-04T12:33:48","guid":{"rendered":"http:\/\/arantv.az\/?p=447752"},"modified":"2022-03-04T15:33:48","modified_gmt":"2022-03-04T12:33:48","slug":"bmt-numay%c9%99nd%c9%99-hey%c9%99ti-agdamda-erm%c9%99ni-vandalizmi-il%c9%99-tanis-olub","status":"publish","type":"post","link":"https:\/\/arantv.az\/?p=447752","title":{"rendered":"BMT n\u00fcmay\u0259nd\u0259 hey\u0259ti A\u011fdamda erm\u0259ni vandalizmi il\u0259 tan\u0131\u015f olub"},"content":{"rendered":"<p>&#8220;BMT M\u0259skunla\u015fma\u00a0Proqram\u0131n\u0131n (UN-HABITAT) icra\u00e7\u0131 direktoru Maimuna Mohd \u015e\u0259rifin ba\u015f\u00e7\u0131l\u0131q etdiyi n\u00fcmay\u0259nd\u0259 hey\u0259ti A\u011fdamda erm\u0259ni i\u015f\u011fal\u00e7\u0131lar\u0131n\u0131n t\u00f6r\u0259tdiyi da\u011f\u0131nt\u0131lar\u0131n canl\u0131 \u015fahidi olub, b\u00f6lg\u0259d\u0259 g\u00f6r\u00fcl\u0259n b\u0259rpa i\u015fl\u0259ril\u0259\u00a0tan\u0131\u015f olub&#8221;.<\/p>\n<p><strong>ARANTV.AZ\u00a0 x\u0259b\u0259r verir ki,<\/strong>\u00a0bunu Qaraba\u011f iqtisadi rayonuna daxil olan i\u015f\u011faldan azad edilmi\u015f \u0259razil\u0259rd\u0259 Az\u0259rbaycan Respublikas\u0131 Prezidentinin x\u00fcsusi n\u00fcmay\u0259nd\u0259si Emin H\u00fcseynov jurnalistl\u0259r\u0259 bildirib.<\/p>\n<p>Onun s\u00f6zl\u0259rin\u0259 g\u00f6r\u0259, BMT n\u00fcmay\u0259nd\u0259l\u0259ri azad olunmu\u015f \u0259razil\u0259rd\u0259ki m\u00f6vcud v\u0259ziyy\u0259t\u0259 v\u0259 \u015f\u0259h\u0259rsalma sah\u0259sind\u0259 h\u00f6kum\u0259tin g\u00f6rd\u00fcy\u00fc yenid\u0259nqurma i\u015fl\u0259rin\u0259\u00a0xeyli maraq g\u00f6st\u0259ribl\u0259r.<\/p>\n<p>\u201cBiz b\u0259rpa m\u0259s\u0259l\u0259sin\u0259 Az\u0259rbaycan h\u00f6kum\u0259tinin yana\u015fmas\u0131n\u0131 \u00e7atd\u0131rd\u0131q, habel\u0259 Az\u0259rbaycan t\u0259cr\u00fcb\u0259sinin onlara faydal\u0131 ola bil\u0259c\u0259yi m\u0259s\u0259l\u0259l\u0259r\u0259 dair fikir m\u00fcbadil\u0259si apard\u0131q. \u00dcmidvaram ki, bu s\u0259f\u0259r onlara faydal\u0131 olar\u201d \u2013 dey\u0259 \u00f6lk\u0259 prezidentinin n\u00fcmay\u0259nd\u0259si qeyd edib.<\/p>\n<p>Xat\u0131rladaq ki, BMT-nin M\u0259skunla\u015fma Proqram\u0131n\u0131n (UN-HABITAT) icra\u00e7\u0131 direktoru Maimuna Mohd \u015e\u0259rif Az\u0259rbaycana g\u0259lib. \u00dc\u00e7 g\u00fcn davam ed\u0259c\u0259k s\u0259f\u0259r \u00e7\u0259r\u00e7iv\u0259sind\u0259 r\u0259smi \u015f\u0259xsl\u0259rl\u0259 d\u0259 g\u00f6r\u00fc\u015fl\u0259r n\u0259z\u0259rd\u0259 tutulur.<\/p>\n","protected":false},"excerpt":{"rendered":"<p>&#8220;BMT M\u0259skunla\u015fma\u00a0Proqram\u0131n\u0131n (UN-HABITAT) icra\u00e7\u0131 direktoru Maimuna Mohd \u015e\u0259rifin ba\u015f\u00e7\u0131l\u0131q etdiyi n\u00fcmay\u0259nd\u0259 hey\u0259ti A\u011fdamda erm\u0259ni i\u015f\u011fal\u00e7\u0131lar\u0131n\u0131n t\u00f6r\u0259tdiyi da\u011f\u0131nt\u0131lar\u0131n canl\u0131 \u015fahidi olub, b\u00f6lg\u0259d\u0259 g\u00f6r\u00fcl\u0259n b\u0259rpa i\u015fl\u0259ril\u0259\u00a0tan\u0131\u015f olub&#8221;. ARANTV.AZ\u00a0 x\u0259b\u0259r verir ki,\u00a0bunu Qaraba\u011f iqtisadi rayonuna daxil olan i\u015f\u011faldan azad edilmi\u015f \u0259razil\u0259rd\u0259 Az\u0259rbaycan Respublikas\u0131 Prezidentinin x\u00fcsusi n\u00fcmay\u0259nd\u0259si Emin H\u00fcseynov jurnalistl\u0259r\u0259 bildirib. Onun s\u00f6zl\u0259rin\u0259 g\u00f6r\u0259, BMT n\u00fcmay\u0259nd\u0259l\u0259ri azad olunmu\u015f \u0259razil\u0259rd\u0259ki m\u00f6vcud v\u0259ziyy\u0259t\u0259 v\u0259 \u015f\u0259h\u0259rsalma sah\u0259sind\u0259 h\u00f6kum\u0259tin g\u00f6rd\u00fcy\u00fc yenid\u0259nqurma i\u015fl\u0259rin\u0259\u00a0xeyli maraq g\u00f6st\u0259ribl\u0259r. \u201cBiz b\u0259rpa m\u0259s\u0259l\u0259sin\u0259 Az\u0259rbaycan h\u00f6kum\u0259tinin yana\u015fmas\u0131n\u0131 \u00e7atd\u0131rd\u0131q, habel\u0259 Az\u0259rbaycan t\u0259cr\u00fcb\u0259sinin onlara faydal\u0131 ola bil\u0259c\u0259yi m\u0259s\u0259l\u0259l\u0259r\u0259 dair fikir m\u00fcbadil\u0259si apard\u0131q. \u00dcmidvaram ki, bu s\u0259f\u0259r onlara&hellip;<\/p>\n","protected":false},"author":2,"featured_media":447753,"comment_status":"closed","ping_status":"closed","sticky":false,"template":"","format":"standard","meta":{"om_disable_all_campaigns":false,"_monsterinsights_skip_tracking":false,"_monsterinsights_sitenote_active":false,"_monsterinsights_sitenote_note":"","_monsterinsights_sitenote_category":0},"categories":[1],"tags":[],"aioseo_notices":[],"gutentor_comment":0,"rttpg_featured_image_url":{"full":["https:\/\/arantv.az\/wp-content\/uploads\/2022\/03\/49c0b9d8164639656331328228810966796.jpg",975,540,false],"landscape":["https:\/\/arantv.az\/wp-content\/uploads\/2022\/03\/49c0b9d8164639656331328228810966796.jpg",975,540,false],"portraits":["https:\/\/arantv.az\/wp-content\/uploads\/2022\/03\/49c0b9d8164639656331328228810966796.jpg",975,540,false],"thumbnail":["https:\/\/arantv.az\/wp-content\/uploads\/2022\/03\/49c0b9d8164639656331328228810966796-500x280.jpg",500,280,true],"medium":["https:\/\/arantv.az\/wp-content\/uploads\/2022\/03\/49c0b9d8164639656331328228810966796-660x365.jpg",660,365,true],"large":["https:\/\/arantv.az\/wp-content\/uploads\/2022\/03\/49c0b9d8164639656331328228810966796-840x465.jpg",640,354,true],"1536x1536":["https:\/\/arantv.az\/wp-content\/uploads\/2022\/03\/49c0b9d8164639656331328228810966796.jpg",975,540,false],"2048x2048":["https:\/\/arantv.az\/wp-content\/uploads\/2022\/03\/49c0b9d8164639656331328228810966796.jpg",975,540,false],"post-thumbnail":["https:\/\/arantv.az\/wp-content\/uploads\/2022\/03\/49c0b9d8164639656331328228810966796-240x172.jpg",240,172,true],"advps-thumb-one":["https:\/\/arantv.az\/wp-content\/uploads\/2022\/03\/49c0b9d8164639656331328228810966796.jpg",975,540,false]},"rttpg_author":{"display_name":"V\u00fcsal Rafiqo\u011flu","author_link":"https:\/\/arantv.az\/?author=2"},"rttpg_comment":0,"rttpg_category":"<a href=\"https:\/\/arantv.az\/?cat=1\" rel=\"category\">C\u0259miyy\u0259t<\/a>","rttpg_excerpt":"&#8220;BMT M\u0259skunla\u015fma\u00a0Proqram\u0131n\u0131n (UN-HABITAT) icra\u00e7\u0131 direktoru Maimuna Mohd \u015e\u0259rifin ba\u015f\u00e7\u0131l\u0131q etdiyi n\u00fcmay\u0259nd\u0259 hey\u0259ti A\u011fdamda erm\u0259ni i\u015f\u011fal\u00e7\u0131lar\u0131n\u0131n t\u00f6r\u0259tdiyi da\u011f\u0131nt\u0131lar\u0131n canl\u0131 \u015fahidi olub, b\u00f6lg\u0259d\u0259 g\u00f6r\u00fcl\u0259n b\u0259rpa i\u015fl\u0259ril\u0259\u00a0tan\u0131\u015f olub&#8221;. ARANTV.AZ\u00a0 x\u0259b\u0259r verir ki,\u00a0bunu Qaraba\u011f iqtisadi rayonuna daxil olan i\u015f\u011faldan azad edilmi\u015f \u0259razil\u0259rd\u0259 Az\u0259rbaycan Respublikas\u0131 Prezidentinin x\u00fcsusi n\u00fcmay\u0259nd\u0259si Emin H\u00fcseynov jurnalistl\u0259r\u0259 bildirib. Onun s\u00f6zl\u0259rin\u0259 g\u00f6r\u0259, BMT n\u00fcmay\u0259nd\u0259l\u0259ri azad olunmu\u015f \u0259razil\u0259rd\u0259ki&hellip;","_links":{"self":[{"href":"https:\/\/arantv.az\/index.php?rest_route=\/wp\/v2\/posts\/447752"}],"collection":[{"href":"https:\/\/arantv.az\/index.php?rest_route=\/wp\/v2\/posts"}],"about":[{"href":"https:\/\/arantv.az\/index.php?rest_route=\/wp\/v2\/types\/post"}],"author":[{"embeddable":true,"href":"https:\/\/arantv.az\/index.php?rest_route=\/wp\/v2\/users\/2"}],"replies":[{"embeddable":true,"href":"https:\/\/arantv.az\/index.php?rest_route=%2Fwp%2Fv2%2Fcomments&post=447752"}],"version-history":[{"count":0,"href":"https:\/\/arantv.az\/index.php?rest_route=\/wp\/v2\/posts\/447752\/revisions"}],"wp:featuredmedia":[{"embeddable":true,"href":"https:\/\/arantv.az\/index.php?rest_route=\/wp\/v2\/media\/447753"}],"wp:attachment":[{"href":"https:\/\/arantv.az\/index.php?rest_route=%2Fwp%2Fv2%2Fmedia&parent=447752"}],"wp:term":[{"taxonomy":"category","embeddable":true,"href":"https:\/\/arantv.az\/index.php?rest_route=%2Fwp%2Fv2%2Fcategories&post=447752"},{"taxonomy":"post_tag","embeddable":true,"href":"https:\/\/arantv.az\/index.php?rest_route=%2Fwp%2Fv2%2Ftags&post=447752"}],"curies":[{"name":"wp","href":"https:\/\/api.w.org\/{rel}","templated":true}]}}