{"id":447770,"date":"2022-03-04T15:55:44","date_gmt":"2022-03-04T12:55:44","guid":{"rendered":"http:\/\/arantv.az\/?p=447770"},"modified":"2022-03-04T15:55:44","modified_gmt":"2022-03-04T12:55:44","slug":"azad-edilmis-%c9%99razil%c9%99rd%c9%99-milli-park-v%c9%99-qoruqlar-b%c9%99rpa-olunacaq","status":"publish","type":"post","link":"https:\/\/arantv.az\/?p=447770","title":{"rendered":"Azad edilmi\u015f \u0259razil\u0259rd\u0259 milli park v\u0259 qoruqlar b\u0259rpa olunacaq"},"content":{"rendered":"<p>\u201c\u0130\u015f\u011faldan azad olunmu\u015f \u0259razil\u0259rd\u0259 x\u00fcsusi m\u00fchafiz\u0259 olunan t\u0259bi\u0259t \u0259razil\u0259rinin b\u0259rpas\u0131 bu g\u00fcn aktuald\u0131r\u201d.<\/p>\n<p><strong>ARANTV.AZ\u00a0 x\u0259b\u0259r verir ki,<\/strong>\u00a0\u00a0bunu Bioloji M\u00fcxt\u0259lifliyin Qorunmas\u0131 Xidm\u0259tinin r\u0259isi Firuddin \u018fliyev deyib.<\/p>\n<p>O bildirib ki, yeni tipli m\u00fchafiz\u0259 olunan x\u00fcsusi t\u0259bi\u0259t \u0259razil\u0259rinin yarad\u0131lmas\u0131 \u00fc\u00e7\u00fcn i\u015fl\u0259r gedir: \u201cM\u0259s\u0259l\u0259n, Zaqatalada bel\u0259 yer yarad\u0131lacaq. \u00d6lk\u0259nin m\u00fcxt\u0259lif istiqam\u0259tl\u0259rind\u0259 bu c\u00fcr \u0259razil\u0259rin yarad\u0131lmas\u0131 \u00fc\u00e7\u00fcn ara\u015fd\u0131rmalar davam edir. \u0130lkin olaraq yeni milli parklar v\u0259 ya qoruqlar\u0131n yarad\u0131lmas\u0131 \u00fc\u00e7\u00fcn b\u0259zi versiyalar var. \u0130lkin m\u0259qs\u0259d azad olunmu\u015f \u0259razil\u0259rd\u0259 x\u00fcsusi m\u00fchafiz\u0259 olunan t\u0259bi\u0259t \u0259razil\u0259rini b\u0259rpa etm\u0259kdir\u201d.<\/p>\n","protected":false},"excerpt":{"rendered":"<p>\u201c\u0130\u015f\u011faldan azad olunmu\u015f \u0259razil\u0259rd\u0259 x\u00fcsusi m\u00fchafiz\u0259 olunan t\u0259bi\u0259t \u0259razil\u0259rinin b\u0259rpas\u0131 bu g\u00fcn aktuald\u0131r\u201d. ARANTV.AZ\u00a0 x\u0259b\u0259r verir ki,\u00a0\u00a0bunu Bioloji M\u00fcxt\u0259lifliyin Qorunmas\u0131 Xidm\u0259tinin r\u0259isi Firuddin \u018fliyev deyib. O bildirib ki, yeni tipli m\u00fchafiz\u0259 olunan x\u00fcsusi t\u0259bi\u0259t \u0259razil\u0259rinin yarad\u0131lmas\u0131 \u00fc\u00e7\u00fcn i\u015fl\u0259r gedir: \u201cM\u0259s\u0259l\u0259n, Zaqatalada bel\u0259 yer yarad\u0131lacaq. \u00d6lk\u0259nin m\u00fcxt\u0259lif istiqam\u0259tl\u0259rind\u0259 bu c\u00fcr \u0259razil\u0259rin yarad\u0131lmas\u0131 \u00fc\u00e7\u00fcn ara\u015fd\u0131rmalar davam edir. \u0130lkin olaraq yeni milli parklar v\u0259 ya qoruqlar\u0131n yarad\u0131lmas\u0131 \u00fc\u00e7\u00fcn b\u0259zi versiyalar var. \u0130lkin m\u0259qs\u0259d azad olunmu\u015f \u0259razil\u0259rd\u0259 x\u00fcsusi m\u00fchafiz\u0259 olunan t\u0259bi\u0259t \u0259razil\u0259rini b\u0259rpa etm\u0259kdir\u201d.<\/p>\n","protected":false},"author":2,"featured_media":447771,"comment_status":"closed","ping_status":"closed","sticky":false,"template":"","format":"standard","meta":{"om_disable_all_campaigns":false,"_monsterinsights_skip_tracking":false,"_monsterinsights_sitenote_active":false,"_monsterinsights_sitenote_note":"","_monsterinsights_sitenote_category":0},"categories":[1],"tags":[],"aioseo_notices":[],"gutentor_comment":0,"rttpg_featured_image_url":{"full":["https:\/\/arantv.az\/wp-content\/uploads\/2022\/03\/6d9c547c164639816373665915510218344.jpg",975,540,false],"landscape":["https:\/\/arantv.az\/wp-content\/uploads\/2022\/03\/6d9c547c164639816373665915510218344.jpg",975,540,false],"portraits":["https:\/\/arantv.az\/wp-content\/uploads\/2022\/03\/6d9c547c164639816373665915510218344.jpg",975,540,false],"thumbnail":["https:\/\/arantv.az\/wp-content\/uploads\/2022\/03\/6d9c547c164639816373665915510218344-500x280.jpg",500,280,true],"medium":["https:\/\/arantv.az\/wp-content\/uploads\/2022\/03\/6d9c547c164639816373665915510218344-660x365.jpg",660,365,true],"large":["https:\/\/arantv.az\/wp-content\/uploads\/2022\/03\/6d9c547c164639816373665915510218344-840x465.jpg",640,354,true],"1536x1536":["https:\/\/arantv.az\/wp-content\/uploads\/2022\/03\/6d9c547c164639816373665915510218344.jpg",975,540,false],"2048x2048":["https:\/\/arantv.az\/wp-content\/uploads\/2022\/03\/6d9c547c164639816373665915510218344.jpg",975,540,false],"post-thumbnail":["https:\/\/arantv.az\/wp-content\/uploads\/2022\/03\/6d9c547c164639816373665915510218344-240x172.jpg",240,172,true],"advps-thumb-one":["https:\/\/arantv.az\/wp-content\/uploads\/2022\/03\/6d9c547c164639816373665915510218344.jpg",975,540,false]},"rttpg_author":{"display_name":"V\u00fcsal Rafiqo\u011flu","author_link":"https:\/\/arantv.az\/?author=2"},"rttpg_comment":0,"rttpg_category":"<a href=\"https:\/\/arantv.az\/?cat=1\" rel=\"category\">C\u0259miyy\u0259t<\/a>","rttpg_excerpt":"\u201c\u0130\u015f\u011faldan azad olunmu\u015f \u0259razil\u0259rd\u0259 x\u00fcsusi m\u00fchafiz\u0259 olunan t\u0259bi\u0259t \u0259razil\u0259rinin b\u0259rpas\u0131 bu g\u00fcn aktuald\u0131r\u201d. ARANTV.AZ\u00a0 x\u0259b\u0259r verir ki,\u00a0\u00a0bunu Bioloji M\u00fcxt\u0259lifliyin Qorunmas\u0131 Xidm\u0259tinin r\u0259isi Firuddin \u018fliyev deyib. O bildirib ki, yeni tipli m\u00fchafiz\u0259 olunan x\u00fcsusi t\u0259bi\u0259t \u0259razil\u0259rinin yarad\u0131lmas\u0131 \u00fc\u00e7\u00fcn i\u015fl\u0259r gedir: \u201cM\u0259s\u0259l\u0259n, Zaqatalada bel\u0259 yer yarad\u0131lacaq. \u00d6lk\u0259nin m\u00fcxt\u0259lif istiqam\u0259tl\u0259rind\u0259 bu c\u00fcr \u0259razil\u0259rin yarad\u0131lmas\u0131 \u00fc\u00e7\u00fcn ara\u015fd\u0131rmalar davam edir.&hellip;","_links":{"self":[{"href":"https:\/\/arantv.az\/index.php?rest_route=\/wp\/v2\/posts\/447770"}],"collection":[{"href":"https:\/\/arantv.az\/index.php?rest_route=\/wp\/v2\/posts"}],"about":[{"href":"https:\/\/arantv.az\/index.php?rest_route=\/wp\/v2\/types\/post"}],"author":[{"embeddable":true,"href":"https:\/\/arantv.az\/index.php?rest_route=\/wp\/v2\/users\/2"}],"replies":[{"embeddable":true,"href":"https:\/\/arantv.az\/index.php?rest_route=%2Fwp%2Fv2%2Fcomments&post=447770"}],"version-history":[{"count":0,"href":"https:\/\/arantv.az\/index.php?rest_route=\/wp\/v2\/posts\/447770\/revisions"}],"wp:featuredmedia":[{"embeddable":true,"href":"https:\/\/arantv.az\/index.php?rest_route=\/wp\/v2\/media\/447771"}],"wp:attachment":[{"href":"https:\/\/arantv.az\/index.php?rest_route=%2Fwp%2Fv2%2Fmedia&parent=447770"}],"wp:term":[{"taxonomy":"category","embeddable":true,"href":"https:\/\/arantv.az\/index.php?rest_route=%2Fwp%2Fv2%2Fcategories&post=447770"},{"taxonomy":"post_tag","embeddable":true,"href":"https:\/\/arantv.az\/index.php?rest_route=%2Fwp%2Fv2%2Ftags&post=447770"}],"curies":[{"name":"wp","href":"https:\/\/api.w.org\/{rel}","templated":true}]}}