{"id":447773,"date":"2022-03-04T15:56:33","date_gmt":"2022-03-04T12:56:33","guid":{"rendered":"http:\/\/arantv.az\/?p=447773"},"modified":"2022-03-04T15:56:33","modified_gmt":"2022-03-04T12:56:33","slug":"ukraynada-ol%c9%99n-az%c9%99rbaycanlinin-yaxinlari-axtarilir-qolunda-ana-81-doym%c9%99si-var-yenil%c9%99nib","status":"publish","type":"post","link":"https:\/\/arantv.az\/?p=447773","title":{"rendered":"Ukraynada \u00f6l\u0259n az\u0259rbaycanl\u0131n\u0131n yax\u0131nlar\u0131 AXTARILIR: Qolunda \u201cANA 81\u201d d\u00f6ym\u0259si var &#8211; YEN\u0130L\u018fN\u0130B"},"content":{"rendered":"<p>Ukraynada \u00f6l\u0259n az\u0259rbaycanl\u0131n\u0131n yax\u0131nlar\u0131 axtar\u0131l\u0131r.<\/p>\n<p>Bu bar\u0259d\u0259 Lent.az-a a\u00e7\u0131qlamas\u0131nda Ukrayna Az\u0259rbaycanl\u0131lar\u0131 Radas\u0131n\u0131n (UAR) ba\u015f katibi Ceyhun M\u0259mm\u0259dov m\u0259lumat verib.<\/p>\n<div class=\"AdviadNativeVideo\"><\/div>\n<p>O bildirib ki, h\u0259min az\u0259rbaycanl\u0131 sabah d\u0259fn olunacaq: \u201cNikolayevd\u0259ki n\u00fcmay\u0259nd\u0259mizi morqa d\u0259v\u0259t edibl\u0259r. Oraya bir az\u0259rbaycanl\u0131n\u0131n meyiti g\u0259tirilib. G\u00f6r\u00fcn\u00fcr ki, Nikolayevd\u0259 ya\u015fayan az\u0259rbaycanl\u0131 deyil. Yol ged\u0259rk\u0259n raketin d\u00fc\u015fm\u0259si n\u0259tic\u0259sind\u0259 h\u0259lak olub. N\u0259tic\u0259d\u0259 onun meyiti tamamil\u0259 yan\u0131b v\u0259 tan\u0131nmaz haldad\u0131r. Sad\u0259c\u0259 sol qolunda \u201cANA 81\u201d d\u00f6ym\u0259si var.<\/p>\n<p>C.M\u0259mm\u0259dov qeyd edib ki, h\u0259min adam\u0131n yax\u0131nlar\u0131 axtar\u0131l\u0131r: \u201cKimin yax\u0131n\u0131 itkin d\u00fc\u015f\u00fcbs\u0259, maraqlans\u0131n. Biz onu \u00e7ox morqda saxlaya bilmirik. Nikolayev n\u00fcmay\u0259nd\u0259l\u0259ri sabah onu m\u00fcs\u0259lmanlar q\u0259biristanl\u0131\u011f\u0131nda d\u0259fn ed\u0259c\u0259k\u201d.<\/p>\n<p><strong>13:54<\/strong><\/p>\n<p>\u201cUkraynan\u0131n Nikolayev \u015f\u0259h\u0259ri haz\u0131rda intensiv at\u0259\u015f\u0259 tutulur\u201d.<\/p>\n<p>Bunu APA-ya a\u00e7\u0131qlamas\u0131nda Ukrayna Az\u0259rbaycanl\u0131lar\u0131 Konqresinin Nikolayev vilay\u0259tind\u0259 s\u0259dr m\u00fcavini Adil Babayev bildirib.<\/p>\n<p>A. Babayev deyib ki, raket z\u0259rb\u0259sin\u0259 tu\u015f g\u0259l\u0259n avtomobild\u0259 olan bir az\u0259rbaycanl\u0131 h\u0259yat\u0131n\u0131 itirib, biri is\u0259 yaralan\u0131b.<\/p>\n","protected":false},"excerpt":{"rendered":"<p>Ukraynada \u00f6l\u0259n az\u0259rbaycanl\u0131n\u0131n yax\u0131nlar\u0131 axtar\u0131l\u0131r. Bu bar\u0259d\u0259 Lent.az-a a\u00e7\u0131qlamas\u0131nda Ukrayna Az\u0259rbaycanl\u0131lar\u0131 Radas\u0131n\u0131n (UAR) ba\u015f katibi Ceyhun M\u0259mm\u0259dov m\u0259lumat verib. O bildirib ki, h\u0259min az\u0259rbaycanl\u0131 sabah d\u0259fn olunacaq: \u201cNikolayevd\u0259ki n\u00fcmay\u0259nd\u0259mizi morqa d\u0259v\u0259t edibl\u0259r. Oraya bir az\u0259rbaycanl\u0131n\u0131n meyiti g\u0259tirilib. G\u00f6r\u00fcn\u00fcr ki, Nikolayevd\u0259 ya\u015fayan az\u0259rbaycanl\u0131 deyil. Yol ged\u0259rk\u0259n raketin d\u00fc\u015fm\u0259si n\u0259tic\u0259sind\u0259 h\u0259lak olub. N\u0259tic\u0259d\u0259 onun meyiti tamamil\u0259 yan\u0131b v\u0259 tan\u0131nmaz haldad\u0131r. Sad\u0259c\u0259 sol qolunda \u201cANA 81\u201d d\u00f6ym\u0259si var. C.M\u0259mm\u0259dov qeyd edib ki, h\u0259min adam\u0131n yax\u0131nlar\u0131 axtar\u0131l\u0131r: \u201cKimin yax\u0131n\u0131 itkin d\u00fc\u015f\u00fcbs\u0259, maraqlans\u0131n. Biz onu \u00e7ox morqda saxlaya bilmirik. Nikolayev n\u00fcmay\u0259nd\u0259l\u0259ri sabah onu m\u00fcs\u0259lmanlar q\u0259biristanl\u0131\u011f\u0131nda&hellip;<\/p>\n","protected":false},"author":2,"featured_media":447643,"comment_status":"closed","ping_status":"closed","sticky":false,"template":"","format":"standard","meta":{"om_disable_all_campaigns":false,"_monsterinsights_skip_tracking":false,"_monsterinsights_sitenote_active":false,"_monsterinsights_sitenote_note":"","_monsterinsights_sitenote_category":0},"categories":[1],"tags":[],"aioseo_notices":[],"gutentor_comment":0,"rttpg_featured_image_url":{"full":["https:\/\/arantv.az\/wp-content\/uploads\/2022\/03\/f37ce071-2910-44e1-852b-ff0ca212fa8a.jpg",620,412,false],"landscape":["https:\/\/arantv.az\/wp-content\/uploads\/2022\/03\/f37ce071-2910-44e1-852b-ff0ca212fa8a.jpg",620,412,false],"portraits":["https:\/\/arantv.az\/wp-content\/uploads\/2022\/03\/f37ce071-2910-44e1-852b-ff0ca212fa8a.jpg",620,412,false],"thumbnail":["https:\/\/arantv.az\/wp-content\/uploads\/2022\/03\/f37ce071-2910-44e1-852b-ff0ca212fa8a-500x280.jpg",500,280,true],"medium":["https:\/\/arantv.az\/wp-content\/uploads\/2022\/03\/f37ce071-2910-44e1-852b-ff0ca212fa8a-549x365.jpg",549,365,true],"large":["https:\/\/arantv.az\/wp-content\/uploads\/2022\/03\/f37ce071-2910-44e1-852b-ff0ca212fa8a.jpg",620,412,false],"1536x1536":["https:\/\/arantv.az\/wp-content\/uploads\/2022\/03\/f37ce071-2910-44e1-852b-ff0ca212fa8a.jpg",620,412,false],"2048x2048":["https:\/\/arantv.az\/wp-content\/uploads\/2022\/03\/f37ce071-2910-44e1-852b-ff0ca212fa8a.jpg",620,412,false],"post-thumbnail":["https:\/\/arantv.az\/wp-content\/uploads\/2022\/03\/f37ce071-2910-44e1-852b-ff0ca212fa8a-240x172.jpg",240,172,true],"advps-thumb-one":["https:\/\/arantv.az\/wp-content\/uploads\/2022\/03\/f37ce071-2910-44e1-852b-ff0ca212fa8a.jpg",620,412,false]},"rttpg_author":{"display_name":"V\u00fcsal Rafiqo\u011flu","author_link":"https:\/\/arantv.az\/?author=2"},"rttpg_comment":0,"rttpg_category":"<a href=\"https:\/\/arantv.az\/?cat=1\" rel=\"category\">C\u0259miyy\u0259t<\/a>","rttpg_excerpt":"Ukraynada \u00f6l\u0259n az\u0259rbaycanl\u0131n\u0131n yax\u0131nlar\u0131 axtar\u0131l\u0131r. Bu bar\u0259d\u0259 Lent.az-a a\u00e7\u0131qlamas\u0131nda Ukrayna Az\u0259rbaycanl\u0131lar\u0131 Radas\u0131n\u0131n (UAR) ba\u015f katibi Ceyhun M\u0259mm\u0259dov m\u0259lumat verib. O bildirib ki, h\u0259min az\u0259rbaycanl\u0131 sabah d\u0259fn olunacaq: \u201cNikolayevd\u0259ki n\u00fcmay\u0259nd\u0259mizi morqa d\u0259v\u0259t edibl\u0259r. Oraya bir az\u0259rbaycanl\u0131n\u0131n meyiti g\u0259tirilib. G\u00f6r\u00fcn\u00fcr ki, Nikolayevd\u0259 ya\u015fayan az\u0259rbaycanl\u0131 deyil. Yol ged\u0259rk\u0259n raketin d\u00fc\u015fm\u0259si n\u0259tic\u0259sind\u0259 h\u0259lak olub. N\u0259tic\u0259d\u0259 onun meyiti tamamil\u0259 yan\u0131b&hellip;","_links":{"self":[{"href":"https:\/\/arantv.az\/index.php?rest_route=\/wp\/v2\/posts\/447773"}],"collection":[{"href":"https:\/\/arantv.az\/index.php?rest_route=\/wp\/v2\/posts"}],"about":[{"href":"https:\/\/arantv.az\/index.php?rest_route=\/wp\/v2\/types\/post"}],"author":[{"embeddable":true,"href":"https:\/\/arantv.az\/index.php?rest_route=\/wp\/v2\/users\/2"}],"replies":[{"embeddable":true,"href":"https:\/\/arantv.az\/index.php?rest_route=%2Fwp%2Fv2%2Fcomments&post=447773"}],"version-history":[{"count":0,"href":"https:\/\/arantv.az\/index.php?rest_route=\/wp\/v2\/posts\/447773\/revisions"}],"wp:featuredmedia":[{"embeddable":true,"href":"https:\/\/arantv.az\/index.php?rest_route=\/wp\/v2\/media\/447643"}],"wp:attachment":[{"href":"https:\/\/arantv.az\/index.php?rest_route=%2Fwp%2Fv2%2Fmedia&parent=447773"}],"wp:term":[{"taxonomy":"category","embeddable":true,"href":"https:\/\/arantv.az\/index.php?rest_route=%2Fwp%2Fv2%2Fcategories&post=447773"},{"taxonomy":"post_tag","embeddable":true,"href":"https:\/\/arantv.az\/index.php?rest_route=%2Fwp%2Fv2%2Ftags&post=447773"}],"curies":[{"name":"wp","href":"https:\/\/api.w.org\/{rel}","templated":true}]}}