{"id":447832,"date":"2022-03-04T18:17:58","date_gmt":"2022-03-04T15:17:58","guid":{"rendered":"http:\/\/arantv.az\/?p=447832"},"modified":"2022-03-04T18:17:58","modified_gmt":"2022-03-04T15:17:58","slug":"z%c9%99ngilan-c%c9%99brayil-v%c9%99-agdamda-ceyranlarin-areali-b%c9%99rpa-edil%c9%99-bil%c9%99r","status":"publish","type":"post","link":"https:\/\/arantv.az\/?p=447832","title":{"rendered":"Z\u0259ngilan, C\u0259bray\u0131l v\u0259 A\u011fdamda ceyranlar\u0131n areal\u0131 b\u0259rpa edil\u0259 bil\u0259r"},"content":{"rendered":"<p>\u201c\u0130\u015f\u011faldan azad edilmi\u015f \u0259razil\u0259rd\u0259 bu g\u00fcn heyvan n\u00f6vl\u0259rinin reintroduksiya edilm\u0259si g\u00fcnd\u0259md\u0259 deyil\u201d.<\/p>\n<p><strong>ARANTV.AZ\u00a0 x\u0259b\u0259r verir ki,<\/strong>\u00a0bunu Bioloji M\u00fcxt\u0259lifliyin Qorunmas\u0131 Xidm\u0259tinin r\u0259isi Firuddin \u018fliyev deyib.<\/p>\n<p>O bildirib ki, bu da \u0259razil\u0259rin t\u0259hl\u00fck\u0259sizliyinin tam t\u0259min edilm\u0259m\u0259si il\u0259 \u0259laq\u0259dard\u0131r: \u201c\u0130\u015f\u011faldan azad edilmi\u015f \u0259razil\u0259r\u0259 h\u0259r hans\u0131 heyvan n\u00f6v\u00fcn\u00fcn g\u0259tirilm\u0259si aktual deyil. Amma m\u0259hz h\u0259min \u0259razil\u0259rd\u0259 vaxtil\u0259 hans\u0131 n\u00f6v heyvanlar\u0131n m\u00f6vcud olmas\u0131, hans\u0131 n\u00f6vl\u0259rin apar\u0131lmas\u0131 yaln\u0131z ora edil\u0259c\u0259k ekspediyalardan sonra bilin\u0259c\u0259k\u201d.<\/p>\n<p>\u00dcmumd\u00fcnya V\u0259h\u015fi T\u0259bi\u0259t Fondunun Az\u0259rbaycan n\u00fcmay\u0259nd\u0259liyinin r\u0259hb\u0259ri El\u015fad \u018fsg\u0259rov is\u0259 qeyd edib ki, i\u015f\u011faldan azad olunmu\u015f \u0259razil\u0259rd\u0259 vaxtil\u0259 marallar, ceyranlar ya\u015fay\u0131b: \u201c\u0130ndi yoxdur, n\u0259sli \u00e7oxdan k\u0259silib. Ceyranlara orda ya\u015fama\u011fa yer qalmay\u0131b. Son hadis\u0259l\u0259rd\u0259 d\u0259 heyvanlar\u0131n \u00f6z n\u0259slini b\u0259rpa etm\u0259si m\u00fcmk\u00fcn deyildi. Amma h\u0259min \u0259razil\u0259r minalardan t\u0259mizl\u0259n\u0259nd\u0259n sonra ceyranlar\u0131n Z\u0259ngilan, C\u0259bray\u0131l, A\u011fdamda b\u0259rpas\u0131 bar\u0259d\u0259 d\u00fc\u015f\u00fcnm\u0259k olar\u201d.<\/p>\n","protected":false},"excerpt":{"rendered":"<p>\u201c\u0130\u015f\u011faldan azad edilmi\u015f \u0259razil\u0259rd\u0259 bu g\u00fcn heyvan n\u00f6vl\u0259rinin reintroduksiya edilm\u0259si g\u00fcnd\u0259md\u0259 deyil\u201d. ARANTV.AZ\u00a0 x\u0259b\u0259r verir ki,\u00a0bunu Bioloji M\u00fcxt\u0259lifliyin Qorunmas\u0131 Xidm\u0259tinin r\u0259isi Firuddin \u018fliyev deyib. O bildirib ki, bu da \u0259razil\u0259rin t\u0259hl\u00fck\u0259sizliyinin tam t\u0259min edilm\u0259m\u0259si il\u0259 \u0259laq\u0259dard\u0131r: \u201c\u0130\u015f\u011faldan azad edilmi\u015f \u0259razil\u0259r\u0259 h\u0259r hans\u0131 heyvan n\u00f6v\u00fcn\u00fcn g\u0259tirilm\u0259si aktual deyil. Amma m\u0259hz h\u0259min \u0259razil\u0259rd\u0259 vaxtil\u0259 hans\u0131 n\u00f6v heyvanlar\u0131n m\u00f6vcud olmas\u0131, hans\u0131 n\u00f6vl\u0259rin apar\u0131lmas\u0131 yaln\u0131z ora edil\u0259c\u0259k ekspediyalardan sonra bilin\u0259c\u0259k\u201d. \u00dcmumd\u00fcnya V\u0259h\u015fi T\u0259bi\u0259t Fondunun Az\u0259rbaycan n\u00fcmay\u0259nd\u0259liyinin r\u0259hb\u0259ri El\u015fad \u018fsg\u0259rov is\u0259 qeyd edib ki, i\u015f\u011faldan azad olunmu\u015f \u0259razil\u0259rd\u0259 vaxtil\u0259 marallar, ceyranlar ya\u015fay\u0131b: \u201c\u0130ndi yoxdur, n\u0259sli&hellip;<\/p>\n","protected":false},"author":2,"featured_media":447833,"comment_status":"closed","ping_status":"closed","sticky":false,"template":"","format":"standard","meta":{"om_disable_all_campaigns":false,"_monsterinsights_skip_tracking":false,"_monsterinsights_sitenote_active":false,"_monsterinsights_sitenote_note":"","_monsterinsights_sitenote_category":0},"categories":[1],"tags":[],"aioseo_notices":[],"gutentor_comment":0,"rttpg_featured_image_url":{"full":["https:\/\/arantv.az\/wp-content\/uploads\/2022\/03\/4a4526b116464019298552144761031881.jpg",975,540,false],"landscape":["https:\/\/arantv.az\/wp-content\/uploads\/2022\/03\/4a4526b116464019298552144761031881.jpg",975,540,false],"portraits":["https:\/\/arantv.az\/wp-content\/uploads\/2022\/03\/4a4526b116464019298552144761031881.jpg",975,540,false],"thumbnail":["https:\/\/arantv.az\/wp-content\/uploads\/2022\/03\/4a4526b116464019298552144761031881-500x280.jpg",500,280,true],"medium":["https:\/\/arantv.az\/wp-content\/uploads\/2022\/03\/4a4526b116464019298552144761031881-660x365.jpg",660,365,true],"large":["https:\/\/arantv.az\/wp-content\/uploads\/2022\/03\/4a4526b116464019298552144761031881-840x465.jpg",640,354,true],"1536x1536":["https:\/\/arantv.az\/wp-content\/uploads\/2022\/03\/4a4526b116464019298552144761031881.jpg",975,540,false],"2048x2048":["https:\/\/arantv.az\/wp-content\/uploads\/2022\/03\/4a4526b116464019298552144761031881.jpg",975,540,false],"post-thumbnail":["https:\/\/arantv.az\/wp-content\/uploads\/2022\/03\/4a4526b116464019298552144761031881-240x172.jpg",240,172,true],"advps-thumb-one":["https:\/\/arantv.az\/wp-content\/uploads\/2022\/03\/4a4526b116464019298552144761031881.jpg",975,540,false]},"rttpg_author":{"display_name":"V\u00fcsal Rafiqo\u011flu","author_link":"https:\/\/arantv.az\/?author=2"},"rttpg_comment":0,"rttpg_category":"<a href=\"https:\/\/arantv.az\/?cat=1\" rel=\"category\">C\u0259miyy\u0259t<\/a>","rttpg_excerpt":"\u201c\u0130\u015f\u011faldan azad edilmi\u015f \u0259razil\u0259rd\u0259 bu g\u00fcn heyvan n\u00f6vl\u0259rinin reintroduksiya edilm\u0259si g\u00fcnd\u0259md\u0259 deyil\u201d. ARANTV.AZ\u00a0 x\u0259b\u0259r verir ki,\u00a0bunu Bioloji M\u00fcxt\u0259lifliyin Qorunmas\u0131 Xidm\u0259tinin r\u0259isi Firuddin \u018fliyev deyib. O bildirib ki, bu da \u0259razil\u0259rin t\u0259hl\u00fck\u0259sizliyinin tam t\u0259min edilm\u0259m\u0259si il\u0259 \u0259laq\u0259dard\u0131r: \u201c\u0130\u015f\u011faldan azad edilmi\u015f \u0259razil\u0259r\u0259 h\u0259r hans\u0131 heyvan n\u00f6v\u00fcn\u00fcn g\u0259tirilm\u0259si aktual deyil. Amma m\u0259hz h\u0259min \u0259razil\u0259rd\u0259 vaxtil\u0259 hans\u0131 n\u00f6v heyvanlar\u0131n&hellip;","_links":{"self":[{"href":"https:\/\/arantv.az\/index.php?rest_route=\/wp\/v2\/posts\/447832"}],"collection":[{"href":"https:\/\/arantv.az\/index.php?rest_route=\/wp\/v2\/posts"}],"about":[{"href":"https:\/\/arantv.az\/index.php?rest_route=\/wp\/v2\/types\/post"}],"author":[{"embeddable":true,"href":"https:\/\/arantv.az\/index.php?rest_route=\/wp\/v2\/users\/2"}],"replies":[{"embeddable":true,"href":"https:\/\/arantv.az\/index.php?rest_route=%2Fwp%2Fv2%2Fcomments&post=447832"}],"version-history":[{"count":0,"href":"https:\/\/arantv.az\/index.php?rest_route=\/wp\/v2\/posts\/447832\/revisions"}],"wp:featuredmedia":[{"embeddable":true,"href":"https:\/\/arantv.az\/index.php?rest_route=\/wp\/v2\/media\/447833"}],"wp:attachment":[{"href":"https:\/\/arantv.az\/index.php?rest_route=%2Fwp%2Fv2%2Fmedia&parent=447832"}],"wp:term":[{"taxonomy":"category","embeddable":true,"href":"https:\/\/arantv.az\/index.php?rest_route=%2Fwp%2Fv2%2Fcategories&post=447832"},{"taxonomy":"post_tag","embeddable":true,"href":"https:\/\/arantv.az\/index.php?rest_route=%2Fwp%2Fv2%2Ftags&post=447832"}],"curies":[{"name":"wp","href":"https:\/\/api.w.org\/{rel}","templated":true}]}}