{"id":447845,"date":"2022-03-04T18:24:21","date_gmt":"2022-03-04T15:24:21","guid":{"rendered":"http:\/\/arantv.az\/?p=447845"},"modified":"2022-03-04T18:24:21","modified_gmt":"2022-03-04T15:24:21","slug":"diaspor-r%c9%99hb%c9%99ri-kievd%c9%99ki-v%c9%99ziyy%c9%99td%c9%99n-danisib-video","status":"publish","type":"post","link":"https:\/\/arantv.az\/?p=447845","title":{"rendered":"Diaspor r\u0259hb\u0259ri Kievd\u0259ki v\u0259ziyy\u0259td\u0259n dan\u0131\u015f\u0131b &#8211; V\u0130DEO"},"content":{"rendered":"<article class=\"news\">\n<div class=\"news-inner\">\n<p>Diasporla \u0130\u015f \u00fczr\u0259 D\u00f6vl\u0259t Komit\u0259si m\u00f6vcud v\u0259ziyy\u0259tl\u0259 ba\u011fl\u0131 m\u00fct\u0259madi olaraq Ukraynadak\u0131 h\u0259mv\u0259t\u0259nl\u0259rimizl\u0259 \u0259laq\u0259 saxlay\u0131r.<\/p>\n<p>Komit\u0259nin internet televiziyas\u0131 olan Diaspor TV-nin m\u00fcsahibi Ukrayna Az\u0259rbaycanl\u0131lar\u0131 Birl\u0259\u015fmi\u015f Diasporunun Dnepr vilay\u0259ti \u00fczr\u0259 regional b\u00f6lm\u0259sinin r\u0259hb\u0259ri Eldar Ta\u011f\u0131yevdir.<\/p>\n<p>M\u00fcsahib\u0259ni a\u015fa\u011f\u0131dak\u0131 link vasit\u0259sil\u0259 izl\u0259m\u0259k m\u00fcmk\u00fcnd\u00fcr:<\/p>\n<div><iframe loading=\"lazy\" title=\"YouTube video player\" src=\"https:\/\/www.youtube.com\/embed\/WZbzkNUYCi8\" width=\"560\" height=\"315\" frameborder=\"0\" allowfullscreen=\"allowfullscreen\" data-mce-fragment=\"1\"><\/iframe><\/div>\n<\/div>\n<\/article>\n","protected":false},"excerpt":{"rendered":"<p>Diasporla \u0130\u015f \u00fczr\u0259 D\u00f6vl\u0259t Komit\u0259si m\u00f6vcud v\u0259ziyy\u0259tl\u0259 ba\u011fl\u0131 m\u00fct\u0259madi olaraq Ukraynadak\u0131 h\u0259mv\u0259t\u0259nl\u0259rimizl\u0259 \u0259laq\u0259 saxlay\u0131r. Komit\u0259nin internet televiziyas\u0131 olan Diaspor TV-nin m\u00fcsahibi Ukrayna Az\u0259rbaycanl\u0131lar\u0131 Birl\u0259\u015fmi\u015f Diasporunun Dnepr vilay\u0259ti \u00fczr\u0259 regional b\u00f6lm\u0259sinin r\u0259hb\u0259ri Eldar Ta\u011f\u0131yevdir. M\u00fcsahib\u0259ni a\u015fa\u011f\u0131dak\u0131 link vasit\u0259sil\u0259 izl\u0259m\u0259k m\u00fcmk\u00fcnd\u00fcr:<\/p>\n","protected":false},"author":2,"featured_media":447846,"comment_status":"closed","ping_status":"closed","sticky":false,"template":"","format":"standard","meta":{"om_disable_all_campaigns":false,"_monsterinsights_skip_tracking":false,"_monsterinsights_sitenote_active":false,"_monsterinsights_sitenote_note":"","_monsterinsights_sitenote_category":0},"categories":[19],"tags":[],"aioseo_notices":[],"gutentor_comment":0,"rttpg_featured_image_url":{"full":["https:\/\/arantv.az\/wp-content\/uploads\/2022\/03\/FotoJet-2022-03-04T190304.702.jpg",620,413,false],"landscape":["https:\/\/arantv.az\/wp-content\/uploads\/2022\/03\/FotoJet-2022-03-04T190304.702.jpg",620,413,false],"portraits":["https:\/\/arantv.az\/wp-content\/uploads\/2022\/03\/FotoJet-2022-03-04T190304.702.jpg",620,413,false],"thumbnail":["https:\/\/arantv.az\/wp-content\/uploads\/2022\/03\/FotoJet-2022-03-04T190304.702-500x280.jpg",500,280,true],"medium":["https:\/\/arantv.az\/wp-content\/uploads\/2022\/03\/FotoJet-2022-03-04T190304.702-548x365.jpg",548,365,true],"large":["https:\/\/arantv.az\/wp-content\/uploads\/2022\/03\/FotoJet-2022-03-04T190304.702.jpg",620,413,false],"1536x1536":["https:\/\/arantv.az\/wp-content\/uploads\/2022\/03\/FotoJet-2022-03-04T190304.702.jpg",620,413,false],"2048x2048":["https:\/\/arantv.az\/wp-content\/uploads\/2022\/03\/FotoJet-2022-03-04T190304.702.jpg",620,413,false],"post-thumbnail":["https:\/\/arantv.az\/wp-content\/uploads\/2022\/03\/FotoJet-2022-03-04T190304.702-240x172.jpg",240,172,true],"advps-thumb-one":["https:\/\/arantv.az\/wp-content\/uploads\/2022\/03\/FotoJet-2022-03-04T190304.702.jpg",620,413,false]},"rttpg_author":{"display_name":"V\u00fcsal Rafiqo\u011flu","author_link":"https:\/\/arantv.az\/?author=2"},"rttpg_comment":0,"rttpg_category":"<a href=\"https:\/\/arantv.az\/?cat=19\" rel=\"category\">G\u00fcnd\u0259m<\/a>","rttpg_excerpt":"Diasporla \u0130\u015f \u00fczr\u0259 D\u00f6vl\u0259t Komit\u0259si m\u00f6vcud v\u0259ziyy\u0259tl\u0259 ba\u011fl\u0131 m\u00fct\u0259madi olaraq Ukraynadak\u0131 h\u0259mv\u0259t\u0259nl\u0259rimizl\u0259 \u0259laq\u0259 saxlay\u0131r. Komit\u0259nin internet televiziyas\u0131 olan Diaspor TV-nin m\u00fcsahibi Ukrayna Az\u0259rbaycanl\u0131lar\u0131 Birl\u0259\u015fmi\u015f Diasporunun Dnepr vilay\u0259ti \u00fczr\u0259 regional b\u00f6lm\u0259sinin r\u0259hb\u0259ri Eldar Ta\u011f\u0131yevdir. M\u00fcsahib\u0259ni a\u015fa\u011f\u0131dak\u0131 link vasit\u0259sil\u0259 izl\u0259m\u0259k m\u00fcmk\u00fcnd\u00fcr:","_links":{"self":[{"href":"https:\/\/arantv.az\/index.php?rest_route=\/wp\/v2\/posts\/447845"}],"collection":[{"href":"https:\/\/arantv.az\/index.php?rest_route=\/wp\/v2\/posts"}],"about":[{"href":"https:\/\/arantv.az\/index.php?rest_route=\/wp\/v2\/types\/post"}],"author":[{"embeddable":true,"href":"https:\/\/arantv.az\/index.php?rest_route=\/wp\/v2\/users\/2"}],"replies":[{"embeddable":true,"href":"https:\/\/arantv.az\/index.php?rest_route=%2Fwp%2Fv2%2Fcomments&post=447845"}],"version-history":[{"count":0,"href":"https:\/\/arantv.az\/index.php?rest_route=\/wp\/v2\/posts\/447845\/revisions"}],"wp:featuredmedia":[{"embeddable":true,"href":"https:\/\/arantv.az\/index.php?rest_route=\/wp\/v2\/media\/447846"}],"wp:attachment":[{"href":"https:\/\/arantv.az\/index.php?rest_route=%2Fwp%2Fv2%2Fmedia&parent=447845"}],"wp:term":[{"taxonomy":"category","embeddable":true,"href":"https:\/\/arantv.az\/index.php?rest_route=%2Fwp%2Fv2%2Fcategories&post=447845"},{"taxonomy":"post_tag","embeddable":true,"href":"https:\/\/arantv.az\/index.php?rest_route=%2Fwp%2Fv2%2Ftags&post=447845"}],"curies":[{"name":"wp","href":"https:\/\/api.w.org\/{rel}","templated":true}]}}