{"id":447853,"date":"2022-03-04T18:27:44","date_gmt":"2022-03-04T15:27:44","guid":{"rendered":"http:\/\/arantv.az\/?p=447853"},"modified":"2022-03-04T18:27:44","modified_gmt":"2022-03-04T15:27:44","slug":"yenilikci-yanasma-milli-maraqlarin-qorunmasi-v%c9%99-cevik-idar%c9%99etm%c9%99","status":"publish","type":"post","link":"https:\/\/arantv.az\/?p=447853","title":{"rendered":"Yenilik\u00e7i yana\u015fma, milli maraqlar\u0131n qorunmas\u0131 v\u0259 \u00e7evik idar\u0259etm\u0259"},"content":{"rendered":"<p><em><strong>Yenil\u0259nmi\u015f \u00e7evik idar\u0259etm\u0259 mexanizml\u0259ri, innovativ yana\u015fma, varislik v\u0259 d\u00f6vr\u00fcn \u00e7a\u011f\u0131r\u0131\u015flar\u0131n\u0131n v\u0259hd\u0259ti \u0259sas\u0131nda at\u0131lan add\u0131mlar YAP-\u0131n bug\u00fcnk\u00fc obraz\u0131d\u0131r<\/strong><\/em><\/p>\n<p>Regionun \u0259n b\u00f6y\u00fck siyasi t\u0259\u015fkilat\u0131, hakim Yeni Az\u0259rbaycan Partiyas\u0131n\u0131n VII qurultay\u0131ndan 1 il \u00f6t\u00fcr. Bir il \u00f6nc\u0259 partiyam\u0131z\u0131n S\u0259dri, c\u0259nab Prezident \u0130lham \u018fliyevin s\u0259drliyi il\u0259 ke\u00e7iril\u0259n qurultayda q\u0259bul olunmu\u015f q\u0259rarlar v\u0259 m\u00fc\u0259yy\u0259n edilmi\u015f h\u0259d\u0259fl\u0259r q\u0131sa zaman \u0259rzind\u0259 \u00f6lk\u0259mizin siyasi m\u00fchitind\u0259 \u00f6z m\u00fcsb\u0259t n\u0259tic\u0259l\u0259rini g\u00f6st\u0259rm\u0259y\u0259 ba\u015flad\u0131. B\u00fct\u00fcn bunlar \u00fcmummilli lider Heyd\u0259r \u018fliyevin r\u0259hb\u0259rliyi il\u0259 30 il \u00f6nc\u0259 yarad\u0131lm\u0131\u015f Yeni Az\u0259rbaycan Partiyas\u0131n\u0131n g\u0259l\u0259c\u0259k u\u011furlar\u0131n\u0131n v\u0259 h\u0259d\u0259fl\u0259rinin ilk g\u00f6st\u0259ricil\u0259ridir.<\/p>\n<p>\u00d6t\u0259n \u0259srin 90-c\u0131 ill\u0259rinin \u0259vv\u0259l\u0259rind\u0259 b\u00f6y\u00fck bir u\u00e7urumun astanas\u0131nda olan Az\u0259rbaycan siyasi h\u0259rc-m\u0259rliyin m\u0259rk\u0259zin\u0259 \u00e7evrilmi\u015fdi. Yar\u0131tmaz hakimiyy\u0259tin \u015f\u0259xsi maraqlara y\u00f6n\u0259lmi\u015f add\u0131mlar\u0131 \u00f6lk\u0259mizin varl\u0131\u011f\u0131n\u0131 b\u00f6y\u00fck bir sual alt\u0131na qoyurdu. Bel\u0259 bir zamanda xalq\u0131n arzusu v\u0259 m\u00fctl\u0259q d\u0259st\u0259yi il\u0259 hakimiyy\u0259t\u0259 g\u0259l\u0259n ulu \u00f6nd\u0259r Heyd\u0259r \u018fliyev t\u0259kc\u0259 Az\u0259rbaycan\u0131 v\u0259 xalq\u0131n\u0131 xilas etm\u0259di. O, \u0259sas\u0131n\u0131 qoydu\u011fu Yeni Az\u0259rbaycan Partiyas\u0131 il\u0259 \u00f6lk\u0259miz\u0259 siyasi pe\u015f\u0259karl\u0131\u011f\u0131 v\u0259 m\u0259d\u0259niyy\u0259ti g\u0259tirdi. Bunun n\u0259tic\u0259si idi ki, b\u00fct\u00fcn se\u00e7kil\u0259rd\u0259 YAP ard-arda parlaq q\u0259l\u0259b\u0259l\u0259r qazand\u0131.<\/p>\n<p>T\u0259bii ki, Az\u0259rbaycan xalq\u0131n\u0131n b\u00fct\u00fcn se\u00e7kil\u0259rd\u0259 Yeni Az\u0259rbaycan Partiyas\u0131n\u0131 d\u0259st\u0259kl\u0259m\u0259si t\u0259kc\u0259 siyasi pe\u015f\u0259karl\u0131q v\u0259 u\u011furlu ba\u015flan\u011f\u0131cdan qaynaqlanm\u0131rd\u0131. Burada dig\u0259r \u00f6n\u0259mli bir m\u0259qam \u0259vv\u0259lc\u0259 \u00dcmummilli Liderin 10 illik prezidentliyi d\u00f6vr\u00fcnd\u0259, daha sonra is\u0259 M\u00fcz\u0259ff\u0259r Ali Ba\u015f Komandan, Prezident c\u0259nab \u0130lham \u018fliyevin r\u0259hb\u0259rliyi alt\u0131nda Az\u0259rbaycan\u0131n parlaq inki\u015faf\u0131nda, regionun lider d\u00f6vl\u0259ti rolunu daha da g\u00fccl\u0259ndirm\u0259sind\u0259 Yeni Az\u0259rbaycan Partiyas\u0131n\u0131n \u00f6z siyasi rolunu oynamas\u0131 idi. Bu rol ist\u0259r partiya t\u0259msil\u00e7il\u0259rinin \u00f6z f\u0259aliyy\u0259tl\u0259rind\u0259, ist\u0259rs\u0259 d\u0259 xalq-iqtidar birliyind\u0259 \u00f6z\u00fcn\u00fc a\u00e7\u0131q \u015f\u0259kild\u0259 b\u00fcruz\u0259 verirdi.<\/p>\n<p>D\u00fcnyada s\u00fcr\u0259tl\u0259 ba\u015f ver\u0259n d\u0259yi\u015fiklikl\u0259r, yenilikl\u0259r onlara eyni \u015f\u0259kild\u0259 cavab verm\u0259yi, \u00e7evik adaptasiyan\u0131 t\u0259l\u0259b edir. \u015e\u00fcbh\u0259siz ki, Az\u0259rbaycan v\u0259 b\u00fct\u00fcn regionumuz \u00fc\u00e7\u00fcn \u0259n b\u00f6y\u00fck d\u0259yi\u015fiklikl\u0259r M\u00fcz\u0259ff\u0259r Ali Ba\u015f Komandan\u0131n r\u0259hb\u0259rliyi alt\u0131nda ordumuzun V\u0259t\u0259n m\u00fcharib\u0259sind\u0259 qazand\u0131\u011f\u0131 Q\u0259l\u0259b\u0259 il\u0259 ba\u011fl\u0131d\u0131r. 2020-ci ild\u0259, 44 g\u00fcnd\u0259 qazan\u0131lm\u0131\u015f Q\u0259l\u0259b\u0259 t\u0259kc\u0259 30 il\u0259 yax\u0131n davam ed\u0259n i\u015f\u011fala son qoymad\u0131. \u018frazi b\u00fct\u00f6vl\u00fcy\u00fcn\u00fc b\u0259rpa ed\u0259n Az\u0259rbaycan regiona yeni reall\u0131qlar g\u0259tirdi. D\u00f6vr\u00fcn\u00fcn \u0259n b\u00f6y\u00fck liderl\u0259rind\u0259n olan Prezident \u0130lham \u018fliyevin bu reall\u0131qlar\u0131 ilk g\u00fcnd\u0259n n\u0259zar\u0259td\u0259 saxlamas\u0131, atd\u0131\u011f\u0131 add\u0131mlar Az\u0259rbaycan\u0131 sad\u0259c\u0259 d\u0259yi\u015fiklikl\u0259r\u0259 uy\u011funla\u015fd\u0131rmad\u0131, bu d\u0259yi\u015fiklikl\u0259ri \u00f6z\u00fc \u00fc\u00e7\u00fcn avantaja \u00e7evir\u0259n qalib \u00f6lk\u0259 statusuna g\u0259tirdi. H\u0259yata ke\u00e7iril\u0259n siyasi-iqtisadi islahatlar, q\u0259bul olunan sosial proqramlar \u00f6lk\u0259mizin regional g\u00fcc m\u0259rk\u0259zi obraz\u0131n\u0131 daha da m\u00f6hk\u0259ml\u0259ndirdi. T\u0259biidir ki, bu d\u0259yi\u015fiklikl\u0259r v\u0259 islahatlar siyasi m\u00fchitd\u0259 d\u0259 daha \u00e7evik add\u0131mlar\u0131n at\u0131lmas\u0131n\u0131 t\u0259l\u0259b edirdi. Bunun n\u0259tic\u0259si idi ki, 1 il \u00f6nc\u0259 ke\u00e7iril\u0259n \u00a0Yeni Az\u0259rbaycan Partiyas\u0131n\u0131n VII qurultay\u0131 h\u0259m partiyan\u0131n h\u0259yat\u0131nda, h\u0259m d\u0259 b\u00fct\u00f6vl\u00fckd\u0259 \u00f6lk\u0259mizin siyasi arenas\u0131 \u00fc\u00e7\u00fcn yeni bir ba\u015flan\u011f\u0131c oldu. Yeni reall\u0131qlar\u0131n v\u0259 \u00e7a\u011f\u0131r\u0131\u015flar\u0131n m\u0259ntiqi ard\u0131c\u0131ll\u0131\u011f\u0131 olan bu ba\u015flan\u011f\u0131c\u0131n t\u0259m\u0259li partiyam\u0131z\u0131n S\u0259dri, c\u0259nab Prezident \u0130lham \u018fliyevin r\u0259hb\u0259rliyi il\u0259 q\u0259bul olunmu\u015f q\u0259rarlar v\u0259 d\u0259yi\u015fiklikl\u0259rd\u0259 \u00f6z\u00fcn\u00fc g\u00f6st\u0259rdi. Yenil\u0259nmi\u015f struktur v\u0259 hey\u0259t, \u00e7evik idar\u0259etm\u0259 mexanizml\u0259ri, innovativ yana\u015fma, q\u0259bul olunmu\u015f proqramlar\u0131n milli kimlik, tarixi \u0259n\u0259n\u0259l\u0259rimiz v\u0259 d\u00f6vr\u00fcn \u00e7a\u011f\u0131r\u0131\u015flar\u0131n\u0131n v\u0259hd\u0259ti \u0259sas\u0131nda haz\u0131rlanmas\u0131 Yeni Az\u0259rbaycan Partiyas\u0131n\u0131n g\u0259l\u0259c\u0259k obraz\u0131n\u0131 \u0259ks etdirirdi. Bu d\u0259yi\u015fiklikl\u0259rin praktiki n\u0259tic\u0259l\u0259rinin \u0259n ba\u015f\u0131nda, ilk ilind\u0259 \u00f6z\u00fcn\u00fc g\u00f6st\u0259rm\u0259sini yenil\u0259nm\u0259nin g\u0259tirdiyi u\u011furlar\u0131n ba\u015flan\u011f\u0131c\u0131 hesab etm\u0259k olar. \u018flb\u0259tt\u0259 ki, x\u00fcsusi vur\u011fulanmal\u0131 m\u0259qam Yeni Az\u0259rbaycan Partiyas\u0131 S\u0259drinin Birinci m\u00fcavini v\u0259zif\u0259sin\u0259 Az\u0259rbaycan Respublikas\u0131n\u0131n Birinci vitse-prezidenti Mehriban xan\u0131m \u018fliyevan\u0131n t\u0259yin olunmas\u0131d\u0131r. Mehriban xan\u0131m \u018fliyevan\u0131n \u00f6z f\u0259aliyy\u0259ti, idar\u0259etm\u0259 prinsipl\u0259ri, \u00f6lk\u0259mizd\u0259 h\u0259yata ke\u00e7iril\u0259n islahatlarda oynad\u0131\u011f\u0131 \u0259v\u0259zsiz rol v\u0259\u00a0 Az\u0259rbaycan\u0131n beyn\u0259lxalq n\u00fcfuzunun artmas\u0131 y\u00f6n\u00fcnd\u0259 atd\u0131\u011f\u0131 add\u0131mlar Yeni Az\u0259rbaycan Partiyas\u0131n\u0131n g\u0259l\u0259c\u0259k u\u011furlar\u0131na olan inam\u0131 x\u00fcsusi il\u0259 art\u0131r\u0131r. Yenid\u0259n formala\u015fd\u0131r\u0131lm\u0131\u015f M\u0259rk\u0259zi Aparat, \u0130dar\u0259 Hey\u0259ti, Veteranlar \u015euras\u0131 v\u0259 G\u0259ncl\u0259r Birliyi c\u0259nab Prezident \u0130lham \u018fliyevin r\u0259hb\u0259rliyi alt\u0131nda Az\u0259rbaycan\u0131n g\u0259l\u0259c\u0259k u\u011furlar\u0131 v\u0259 \u00f6lk\u0259mizin daha da g\u00fccl\u0259nm\u0259si yolunda xidm\u0259t etm\u0259yi h\u0259d\u0259fl\u0259yir. Yeni Az\u0259rbaycan Partiyas\u0131 S\u0259drinin m\u00fcavini \u2013 M\u0259rk\u0259zi Aparat\u0131n r\u0259hb\u0259ri c\u0259nab Tahir Budaqovun r\u0259hb\u0259rliyi alt\u0131nda yenid\u0259n formala\u015fd\u0131r\u0131lm\u0131\u015f m\u0259rk\u0259zi struktur is\u0259 yenilik\u00e7i yana\u015fmas\u0131, \u00fcmummilli maraqlar\u0131n qorunmas\u0131 v\u0259 \u00e7evik idar\u0259etm\u0259 prinsipl\u0259ri il\u0259 Yeni Az\u0259rbaycan Partiyas\u0131n\u0131n \u00f6lk\u0259mizd\u0259 formala\u015fd\u0131rd\u0131\u011f\u0131 yeni siyasi m\u00fchitin \u0259sas rolunu oynay\u0131r.<\/p>\n<p>\u00d6t\u0259n 1 ilin n\u0259tic\u0259l\u0259ri Yeni Az\u0259rbaycan Partiyas\u0131n\u0131n h\u0259yat\u0131nda t\u0259kc\u0259 struktur islahatlar\u0131 il\u0259 yox, h\u0259m d\u0259 yeni proqram v\u0259 \u0259sasnam\u0259l\u0259rl\u0259 ba\u011fl\u0131d\u0131r. Haz\u0131rlanm\u0131\u015f Proqramda partiyadaxili m\u00fcnasib\u0259tl\u0259rd\u0259n f\u0259rdi inki\u015faf elementl\u0259rin\u0259 q\u0259d\u0259r \u00f6lk\u0259mizl\u0259 ba\u011fl\u0131 h\u0259r bir detal\u0131n x\u00fcsusil\u0259 diqq\u0259t\u0259 al\u0131nmas\u0131, varislik v\u0259 m\u00fcasirlik anlay\u0131\u015flar\u0131n\u0131n m\u00fck\u0259mm\u0259l v\u0259hd\u0259ti partiyam\u0131z\u0131n bug\u00fcnk\u00fc obraz\u0131n\u0131 s\u0259ciyy\u0259l\u0259ndirir. Pe\u015f\u0259karl\u0131q, etik davran\u0131\u015f v\u0259 milli d\u0259y\u0259rl\u0259r, innovativ inki\u015faf v\u0259 kreativlik kimi prinsipl\u0259rin \u0259sas partiyadaxili meyarlar kimi m\u00fc\u0259yy\u0259nl\u0259\u015fdiyi proqram g\u0259l\u0259c\u0259k u\u011furlar\u0131m\u0131zda \u0259v\u0259zsiz rol oynayacaqd\u0131r.<\/p>\n<p>Partiyam\u0131z\u0131n VII qurultay\u0131ndak\u0131 d\u0259yi\u015fiklikl\u0259r Yeni Az\u0259rbaycan Partiyas\u0131n\u0131n G\u0259ncl\u0259r Birliyind\u0259n d\u0259 yan ke\u00e7m\u0259di. Tamamil\u0259 yenid\u0259n formala\u015fd\u0131r\u0131lan hey\u0259tin qar\u015f\u0131s\u0131nda yeni reall\u0131qlar\u0131n t\u0259l\u0259bind\u0259n do\u011fan h\u0259d\u0259fl\u0259r dayan\u0131r. C\u0259nab Prezident \u0130lham \u018fliyevin ist\u0259r VII qurultaydak\u0131 nitqi zaman\u0131, ist\u0259r bir \u00e7ox \u00e7\u0131x\u0131\u015flar\u0131nda Az\u0259rbaycan g\u0259ncliyi il\u0259 ba\u011fl\u0131 s\u0259sl\u0259ndirdiyi fikirl\u0259r YAP G\u0259ncl\u0259r Birliyinin bug\u00fcnk\u00fc v\u0259 g\u0259l\u0259c\u0259k f\u0259aliyy\u0259tinin \u0259sas x\u0259ttini m\u00fc\u0259yy\u0259nl\u0259\u015fdirir. \u00d6t\u0259n il \u015eu\u015fadan Az\u0259rbaycan xalq\u0131na s\u0259sl\u0259n\u0259n M\u00fcz\u0259ff\u0259r Ali Ba\u015f Komandan\u0131n qeyd etdiyi x\u00fcsusi bir m\u0259qam Onun r\u0259hb\u0259rliyi alt\u0131nda V\u0259t\u0259n m\u00fcharib\u0259sind\u0259 qazan\u0131lm\u0131\u015f Q\u0259l\u0259b\u0259d\u0259 i\u015ftirak ed\u0259n Az\u0259rbaycan Ordusunun m\u00fctl\u0259q \u0259ks\u0259riyy\u0259tinin c\u0259nab \u0130lham \u018fliyevin hakimiyy\u0259ti d\u00f6vr\u00fcnd\u0259 formala\u015fm\u0131\u015f g\u0259ncl\u0259r olmas\u0131 idi. Son 19 ild\u0259 formala\u015fm\u0131\u015f Az\u0259rbaycan g\u0259ncliyi V\u0259t\u0259nin\u0259 ba\u011fl\u0131l\u0131\u011f\u0131n\u0131, bir yumruq \u0259traf\u0131nda h\u0259r zaman birl\u0259\u015fm\u0259y\u0259 haz\u0131r oldu\u011funu v\u0259 bununla da \u00f6lk\u0259mizd\u0259 h\u0259yata ke\u00e7iril\u0259n d\u00f6vl\u0259t g\u0259ncl\u0259r siyas\u0259tinin u\u011furlu n\u0259tic\u0259l\u0259rini 44 g\u00fcnd\u0259 s\u00fcbut etdi. Q\u0259l\u0259b\u0259d\u0259n sonra yaranm\u0131\u015f reall\u0131qlar fonunda Az\u0259rbaycan g\u0259ncliyini yeni v\u0259 daha da m\u0259suliyy\u0259tli v\u0259zif\u0259l\u0259r g\u00f6zl\u0259yir. Bu, qazan\u0131lm\u0131\u015f Q\u0259l\u0259b\u0259nin qorunub saxlan\u0131lmas\u0131, m\u00fcst\u0259qilliyimizin daim m\u00f6hk\u0259ml\u0259ndirilm\u0259si v\u0259 \u00f6lk\u0259mizin g\u0259l\u0259c\u0259k inki\u015faf\u0131 \u00fc\u00e7\u00fcn var g\u00fcc\u00fcm\u00fczl\u0259 \u00e7al\u0131\u015fmaqd\u0131r. Bunun \u00fc\u00e7\u00fcn is\u0259 v\u0259t\u0259np\u0259rv\u0259rlik, varislik, d\u00f6vl\u0259t\u00e7ilik d\u0259y\u0259rl\u0259rimizi h\u0259r zaman t\u0259bli\u011f etm\u0259k, milli kimliyimizi qorumaq, savadl\u0131 v\u0259 yeni \u00e7a\u011f\u0131r\u0131\u015flar\u0131n g\u0259tirdiyi innovativ yenilikl\u0259ri \u00f6yr\u0259n\u0259n g\u0259nclik olmal\u0131y\u0131q. YAP G\u0259ncl\u0259r Birliyi olaraq sad\u0259c\u0259 \u00e7oxminlik partiya s\u0131ralar\u0131m\u0131zda t\u0259msil olunan yox, b\u00fct\u00fcn Az\u0259rbaycan g\u0259ncliyi \u00fc\u00e7\u00fcn bu d\u0259y\u0259r v\u0259 prinsipl\u0259ri a\u015f\u0131lamaq, t\u0259bli\u011f etm\u0259k y\u00f6n\u00fcnd\u0259 f\u0259aliyy\u0259t g\u00f6st\u0259rir, f\u0259aliyy\u0259timizi daha da t\u0259kmill\u0259\u015fdiririk.<\/p>\n<p>\u018fminik ki, qar\u015f\u0131dak\u0131 zaman Yeni Az\u0259rbaycan Partiyas\u0131n\u0131n VII qurultay\u0131nda q\u0259bul edilmi\u015f q\u0259rarlar\u0131n v\u0259 qar\u015f\u0131ya qoyulmu\u015f h\u0259d\u0259fl\u0259rin daha b\u00f6y\u00fck u\u011furlar\u0131n\u0131 v\u0259 nailiyy\u0259tl\u0259rini a\u00e7\u0131q \u015f\u0259kild\u0259 s\u00fcbut ed\u0259c\u0259kdir.<\/p>\n<p><strong>B\u0259xtiyar \u0130slamov,<\/strong><br \/>\n<em>YAP G\u0259ncl\u0259r Birliyinin s\u0259dri<\/em><\/p>\n","protected":false},"excerpt":{"rendered":"<p>Yenil\u0259nmi\u015f \u00e7evik idar\u0259etm\u0259 mexanizml\u0259ri, innovativ yana\u015fma, varislik v\u0259 d\u00f6vr\u00fcn \u00e7a\u011f\u0131r\u0131\u015flar\u0131n\u0131n v\u0259hd\u0259ti \u0259sas\u0131nda at\u0131lan add\u0131mlar YAP-\u0131n bug\u00fcnk\u00fc obraz\u0131d\u0131r Regionun \u0259n b\u00f6y\u00fck siyasi t\u0259\u015fkilat\u0131, hakim Yeni Az\u0259rbaycan Partiyas\u0131n\u0131n VII qurultay\u0131ndan 1 il \u00f6t\u00fcr. Bir il \u00f6nc\u0259 partiyam\u0131z\u0131n S\u0259dri, c\u0259nab Prezident \u0130lham \u018fliyevin s\u0259drliyi il\u0259 ke\u00e7iril\u0259n qurultayda q\u0259bul olunmu\u015f q\u0259rarlar v\u0259 m\u00fc\u0259yy\u0259n edilmi\u015f h\u0259d\u0259fl\u0259r q\u0131sa zaman \u0259rzind\u0259 \u00f6lk\u0259mizin siyasi m\u00fchitind\u0259 \u00f6z m\u00fcsb\u0259t n\u0259tic\u0259l\u0259rini g\u00f6st\u0259rm\u0259y\u0259 ba\u015flad\u0131. B\u00fct\u00fcn bunlar \u00fcmummilli lider Heyd\u0259r \u018fliyevin r\u0259hb\u0259rliyi il\u0259 30 il \u00f6nc\u0259 yarad\u0131lm\u0131\u015f Yeni Az\u0259rbaycan Partiyas\u0131n\u0131n g\u0259l\u0259c\u0259k u\u011furlar\u0131n\u0131n v\u0259 h\u0259d\u0259fl\u0259rinin ilk g\u00f6st\u0259ricil\u0259ridir. \u00d6t\u0259n \u0259srin 90-c\u0131 ill\u0259rinin \u0259vv\u0259l\u0259rind\u0259 b\u00f6y\u00fck bir&hellip;<\/p>\n","protected":false},"author":2,"featured_media":447854,"comment_status":"closed","ping_status":"closed","sticky":false,"template":"","format":"standard","meta":{"om_disable_all_campaigns":false,"_monsterinsights_skip_tracking":false,"_monsterinsights_sitenote_active":false,"_monsterinsights_sitenote_note":"","_monsterinsights_sitenote_category":0},"categories":[4],"tags":[],"aioseo_notices":[],"gutentor_comment":0,"rttpg_featured_image_url":{"full":["https:\/\/arantv.az\/wp-content\/uploads\/2022\/03\/9f44e956164640409294011223710346974.jpg",975,540,false],"landscape":["https:\/\/arantv.az\/wp-content\/uploads\/2022\/03\/9f44e956164640409294011223710346974.jpg",975,540,false],"portraits":["https:\/\/arantv.az\/wp-content\/uploads\/2022\/03\/9f44e956164640409294011223710346974.jpg",975,540,false],"thumbnail":["https:\/\/arantv.az\/wp-content\/uploads\/2022\/03\/9f44e956164640409294011223710346974-500x280.jpg",500,280,true],"medium":["https:\/\/arantv.az\/wp-content\/uploads\/2022\/03\/9f44e956164640409294011223710346974-660x365.jpg",660,365,true],"large":["https:\/\/arantv.az\/wp-content\/uploads\/2022\/03\/9f44e956164640409294011223710346974-840x465.jpg",640,354,true],"1536x1536":["https:\/\/arantv.az\/wp-content\/uploads\/2022\/03\/9f44e956164640409294011223710346974.jpg",975,540,false],"2048x2048":["https:\/\/arantv.az\/wp-content\/uploads\/2022\/03\/9f44e956164640409294011223710346974.jpg",975,540,false],"post-thumbnail":["https:\/\/arantv.az\/wp-content\/uploads\/2022\/03\/9f44e956164640409294011223710346974-240x172.jpg",240,172,true],"advps-thumb-one":["https:\/\/arantv.az\/wp-content\/uploads\/2022\/03\/9f44e956164640409294011223710346974.jpg",975,540,false]},"rttpg_author":{"display_name":"V\u00fcsal Rafiqo\u011flu","author_link":"https:\/\/arantv.az\/?author=2"},"rttpg_comment":0,"rttpg_category":"<a href=\"https:\/\/arantv.az\/?cat=4\" rel=\"category\">Siyas\u0259t<\/a>","rttpg_excerpt":"Yenil\u0259nmi\u015f \u00e7evik idar\u0259etm\u0259 mexanizml\u0259ri, innovativ yana\u015fma, varislik v\u0259 d\u00f6vr\u00fcn \u00e7a\u011f\u0131r\u0131\u015flar\u0131n\u0131n v\u0259hd\u0259ti \u0259sas\u0131nda at\u0131lan add\u0131mlar YAP-\u0131n bug\u00fcnk\u00fc obraz\u0131d\u0131r Regionun \u0259n b\u00f6y\u00fck siyasi t\u0259\u015fkilat\u0131, hakim Yeni Az\u0259rbaycan Partiyas\u0131n\u0131n VII qurultay\u0131ndan 1 il \u00f6t\u00fcr. Bir il \u00f6nc\u0259 partiyam\u0131z\u0131n S\u0259dri, c\u0259nab Prezident \u0130lham \u018fliyevin s\u0259drliyi il\u0259 ke\u00e7iril\u0259n qurultayda q\u0259bul olunmu\u015f q\u0259rarlar v\u0259 m\u00fc\u0259yy\u0259n edilmi\u015f h\u0259d\u0259fl\u0259r q\u0131sa zaman \u0259rzind\u0259 \u00f6lk\u0259mizin&hellip;","_links":{"self":[{"href":"https:\/\/arantv.az\/index.php?rest_route=\/wp\/v2\/posts\/447853"}],"collection":[{"href":"https:\/\/arantv.az\/index.php?rest_route=\/wp\/v2\/posts"}],"about":[{"href":"https:\/\/arantv.az\/index.php?rest_route=\/wp\/v2\/types\/post"}],"author":[{"embeddable":true,"href":"https:\/\/arantv.az\/index.php?rest_route=\/wp\/v2\/users\/2"}],"replies":[{"embeddable":true,"href":"https:\/\/arantv.az\/index.php?rest_route=%2Fwp%2Fv2%2Fcomments&post=447853"}],"version-history":[{"count":0,"href":"https:\/\/arantv.az\/index.php?rest_route=\/wp\/v2\/posts\/447853\/revisions"}],"wp:featuredmedia":[{"embeddable":true,"href":"https:\/\/arantv.az\/index.php?rest_route=\/wp\/v2\/media\/447854"}],"wp:attachment":[{"href":"https:\/\/arantv.az\/index.php?rest_route=%2Fwp%2Fv2%2Fmedia&parent=447853"}],"wp:term":[{"taxonomy":"category","embeddable":true,"href":"https:\/\/arantv.az\/index.php?rest_route=%2Fwp%2Fv2%2Fcategories&post=447853"},{"taxonomy":"post_tag","embeddable":true,"href":"https:\/\/arantv.az\/index.php?rest_route=%2Fwp%2Fv2%2Ftags&post=447853"}],"curies":[{"name":"wp","href":"https:\/\/api.w.org\/{rel}","templated":true}]}}