{"id":447862,"date":"2022-03-04T18:35:43","date_gmt":"2022-03-04T15:35:43","guid":{"rendered":"http:\/\/arantv.az\/?p=447862"},"modified":"2022-03-04T18:35:43","modified_gmt":"2022-03-04T15:35:43","slug":"oguzda-v%c9%99t%c9%99n-muharib%c9%99si-q%c9%99hr%c9%99mani-s%c9%99hid-nail-ibrahimlinin-xatir%c9%99si-anilib","status":"publish","type":"post","link":"https:\/\/arantv.az\/?p=447862","title":{"rendered":"O\u011fuzda V\u0259t\u0259n M\u00fcharib\u0259si Q\u0259hr\u0259man\u0131 \u015f\u0259hid Nail \u0130brahimlinin xatir\u0259si an\u0131l\u0131b"},"content":{"rendered":"<p>Torpaqlar\u0131m\u0131z\u0131n erm\u0259ni i\u015f\u011fal\u00e7\u0131lar\u0131ndan azad edilm\u0259si u\u011frunda ged\u0259n d\u00f6y\u00fc\u015fl\u0259rd\u0259 \u015f\u0259hidlik zirv\u0259sin\u0259 ucalan q\u0259hr\u0259man V\u0259t\u0259n o\u011fullar\u0131n\u0131n \u0259ziz xatir\u0259si O\u011fuz rayonunda da daim ehtiramla an\u0131l\u0131r. Bel\u0259 igid o\u011fullardan biri d\u0259 rayonun Xa\u00e7maz k\u0259ndind\u0259n olan V\u0259t\u0259n M\u00fcharib\u0259si Q\u0259hr\u0259man\u0131 Nail \u0130brahimlidir.<\/p>\n<p>O\u011fuz rayon G\u0259ncl\u0259r v\u0259 \u0130dman \u0130dar\u0259sind\u0259n\u00a0<a class=\"azertac-link\" href=\"https:\/\/azertag.az\/\" target=\"_blank\" rel=\"noopener\">AZ\u018fRTAC<\/a>-\u0131n b\u00f6lg\u0259 m\u00fcxbirin\u0259 bildirilib ki, \u015f\u0259hidin do\u011fum g\u00fcn\u00fc il\u0259 \u0259laq\u0259dar mart\u0131n 4-d\u0259 rayon ictimaiyy\u0259tinin n\u00fcmay\u0259nd\u0259l\u0259ri, g\u0259ncl\u0259r, \u015f\u0259hidin ad\u0131n\u0131 da\u015f\u0131yan O\u011fuz \u015f\u0259h\u0259r 3 sayl\u0131 m\u0259kt\u0259b-liseyin kollektivi Nail \u0130brahimlinin Xa\u00e7maz k\u0259nd \u015e\u0259hidl\u0259r xiyaban\u0131ndak\u0131 m\u0259zar\u0131n\u0131 ziyar\u0259t ed\u0259r\u0259k \u00fcz\u0259rin\u0259 g\u00fcl d\u0259st\u0259l\u0259ri d\u00fcz\u00fcb, xatir\u0259sini ehtiramla yad edib, ruhuna dualar oxuyublar.<\/p>\n<p>Sonra m\u0259rasim i\u015ftirak\u00e7\u0131lar\u0131 \u015f\u0259hid Nail \u0130brahimlinin ail\u0259sini ziyar\u0259t edib, ail\u0259 \u00fczvl\u0259rin\u0259 m\u0259n\u0259vi d\u0259st\u0259k olublar.<\/p>\n<p>Nail \u0130brahimli 1994-c\u00fc il mart\u0131n 4-d\u0259 O\u011fuz rayonunun Xa\u00e7maz k\u0259ndind\u0259 anadan olub. O, 2012-ci ild\u0259 m\u00fcdd\u0259tli h\u0259qiqi h\u0259rbi xidm\u0259t\u0259 \u00e7a\u011f\u0131r\u0131l\u0131b v\u0259 2013-c\u00fc ild\u0259 h\u0259rbi xidm\u0259ti ba\u015fa vurub. 2019-cu ild\u0259 m\u00fcdd\u0259td\u0259n art\u0131q h\u0259qiqi h\u0259rbi xidm\u0259t qulluq\u00e7usu kimi yenid\u0259n V\u0259t\u0259n\u0259 xidm\u0259t\u0259 yollan\u0131b. V\u0259t\u0259n m\u00fcharib\u0259si zaman\u0131 Nail \u0130brahimli X\u00fcsusi T\u0259yinatl\u0131 Q\u00fcvv\u0259l\u0259rin ki\u00e7ik giziri kimi, torpaqlar\u0131m\u0131z\u0131n azad olunmas\u0131 u\u011frunda ged\u0259n d\u00f6y\u00fc\u015fl\u0259rd\u0259 b\u00f6y\u00fck \u015f\u00fcca\u0259t g\u00f6st\u0259rib, F\u00fczuli, Qubadl\u0131 v\u0259 Z\u0259ngilan rayonlar\u0131 u\u011frunda ged\u0259n d\u00f6y\u00fc\u015fl\u0259rd\u0259 i\u015ftirak edib. Nail \u015eu\u015fa d\u00f6y\u00fc\u015fl\u0259rinin birind\u0259 q\u0259hr\u0259mancas\u0131na \u015f\u0259hid olub v\u0259 Xa\u00e7maz k\u0259ndind\u0259ki \u015e\u0259hidl\u0259r xiyaban\u0131nda d\u0259fn edilib.<\/p>\n<p>Az\u0259rbaycan Respublikas\u0131n\u0131n Prezidenti \u0130lham \u018fliyevin m\u00fcvafiq s\u0259r\u0259ncamlar\u0131 il\u0259 Nail \u0130brahimliy\u0259 \u00f6l\u00fcm\u00fcnd\u0259n sonra \u201cV\u0259t\u0259n M\u00fcharib\u0259si Q\u0259hr\u0259man\u0131\u201d ad\u0131 verilib, \u201cV\u0259t\u0259n u\u011frunda&#8221; v\u0259 \u201c\u015eu\u015fan\u0131n azad olunmas\u0131na g\u00f6r\u0259&#8221; medallar\u0131 il\u0259 t\u0259ltif olunub.<\/p>\n<p><img loading=\"lazy\" class=\"alignnone size-medium wp-image-447863\" src=\"https:\/\/arantv.az\/wp-content\/uploads\/2022\/03\/16463997526095253889_1000x669-490x365.jpg\" alt=\"\" width=\"490\" height=\"365\" \/><img loading=\"lazy\" class=\"alignnone size-medium wp-image-447864\" src=\"https:\/\/arantv.az\/wp-content\/uploads\/2022\/03\/16463997521790217307_1000x669-486x365.jpg\" alt=\"\" width=\"486\" height=\"365\" \/><\/p>\n","protected":false},"excerpt":{"rendered":"<p>Torpaqlar\u0131m\u0131z\u0131n erm\u0259ni i\u015f\u011fal\u00e7\u0131lar\u0131ndan azad edilm\u0259si u\u011frunda ged\u0259n d\u00f6y\u00fc\u015fl\u0259rd\u0259 \u015f\u0259hidlik zirv\u0259sin\u0259 ucalan q\u0259hr\u0259man V\u0259t\u0259n o\u011fullar\u0131n\u0131n \u0259ziz xatir\u0259si O\u011fuz rayonunda da daim ehtiramla an\u0131l\u0131r. Bel\u0259 igid o\u011fullardan biri d\u0259 rayonun Xa\u00e7maz k\u0259ndind\u0259n olan V\u0259t\u0259n M\u00fcharib\u0259si Q\u0259hr\u0259man\u0131 Nail \u0130brahimlidir. O\u011fuz rayon G\u0259ncl\u0259r v\u0259 \u0130dman \u0130dar\u0259sind\u0259n\u00a0AZ\u018fRTAC-\u0131n b\u00f6lg\u0259 m\u00fcxbirin\u0259 bildirilib ki, \u015f\u0259hidin do\u011fum g\u00fcn\u00fc il\u0259 \u0259laq\u0259dar mart\u0131n 4-d\u0259 rayon ictimaiyy\u0259tinin n\u00fcmay\u0259nd\u0259l\u0259ri, g\u0259ncl\u0259r, \u015f\u0259hidin ad\u0131n\u0131 da\u015f\u0131yan O\u011fuz \u015f\u0259h\u0259r 3 sayl\u0131 m\u0259kt\u0259b-liseyin kollektivi Nail \u0130brahimlinin Xa\u00e7maz k\u0259nd \u015e\u0259hidl\u0259r xiyaban\u0131ndak\u0131 m\u0259zar\u0131n\u0131 ziyar\u0259t ed\u0259r\u0259k \u00fcz\u0259rin\u0259 g\u00fcl d\u0259st\u0259l\u0259ri d\u00fcz\u00fcb, xatir\u0259sini ehtiramla yad edib, ruhuna dualar oxuyublar. Sonra m\u0259rasim i\u015ftirak\u00e7\u0131lar\u0131 \u015f\u0259hid&hellip;<\/p>\n","protected":false},"author":2,"featured_media":447866,"comment_status":"closed","ping_status":"closed","sticky":false,"template":"","format":"standard","meta":{"om_disable_all_campaigns":false,"_monsterinsights_skip_tracking":false,"_monsterinsights_sitenote_active":false,"_monsterinsights_sitenote_note":"","_monsterinsights_sitenote_category":0},"categories":[2],"tags":[],"aioseo_notices":[],"gutentor_comment":0,"rttpg_featured_image_url":{"full":["https:\/\/arantv.az\/wp-content\/uploads\/2022\/03\/16463997525318030924_1000x669-1.jpg",445,669,false],"landscape":["https:\/\/arantv.az\/wp-content\/uploads\/2022\/03\/16463997525318030924_1000x669-1.jpg",445,669,false],"portraits":["https:\/\/arantv.az\/wp-content\/uploads\/2022\/03\/16463997525318030924_1000x669-1.jpg",445,669,false],"thumbnail":["https:\/\/arantv.az\/wp-content\/uploads\/2022\/03\/16463997525318030924_1000x669-1-445x280.jpg",445,280,true],"medium":["https:\/\/arantv.az\/wp-content\/uploads\/2022\/03\/16463997525318030924_1000x669-1-243x365.jpg",243,365,true],"large":["https:\/\/arantv.az\/wp-content\/uploads\/2022\/03\/16463997525318030924_1000x669-1.jpg",445,669,false],"1536x1536":["https:\/\/arantv.az\/wp-content\/uploads\/2022\/03\/16463997525318030924_1000x669-1.jpg",445,669,false],"2048x2048":["https:\/\/arantv.az\/wp-content\/uploads\/2022\/03\/16463997525318030924_1000x669-1.jpg",445,669,false],"post-thumbnail":["https:\/\/arantv.az\/wp-content\/uploads\/2022\/03\/16463997525318030924_1000x669-1-240x172.jpg",240,172,true],"advps-thumb-one":["https:\/\/arantv.az\/wp-content\/uploads\/2022\/03\/16463997525318030924_1000x669-1-445x620.jpg",445,620,true]},"rttpg_author":{"display_name":"V\u00fcsal Rafiqo\u011flu","author_link":"https:\/\/arantv.az\/?author=2"},"rttpg_comment":0,"rttpg_category":"<a href=\"https:\/\/arantv.az\/?cat=2\" rel=\"category\">Region X\u0259b\u0259rl\u0259ri<\/a>","rttpg_excerpt":"Torpaqlar\u0131m\u0131z\u0131n erm\u0259ni i\u015f\u011fal\u00e7\u0131lar\u0131ndan azad edilm\u0259si u\u011frunda ged\u0259n d\u00f6y\u00fc\u015fl\u0259rd\u0259 \u015f\u0259hidlik zirv\u0259sin\u0259 ucalan q\u0259hr\u0259man V\u0259t\u0259n o\u011fullar\u0131n\u0131n \u0259ziz xatir\u0259si O\u011fuz rayonunda da daim ehtiramla an\u0131l\u0131r. Bel\u0259 igid o\u011fullardan biri d\u0259 rayonun Xa\u00e7maz k\u0259ndind\u0259n olan V\u0259t\u0259n M\u00fcharib\u0259si Q\u0259hr\u0259man\u0131 Nail \u0130brahimlidir. O\u011fuz rayon G\u0259ncl\u0259r v\u0259 \u0130dman \u0130dar\u0259sind\u0259n\u00a0AZ\u018fRTAC-\u0131n b\u00f6lg\u0259 m\u00fcxbirin\u0259 bildirilib ki, \u015f\u0259hidin do\u011fum g\u00fcn\u00fc il\u0259 \u0259laq\u0259dar mart\u0131n 4-d\u0259 rayon ictimaiyy\u0259tinin&hellip;","_links":{"self":[{"href":"https:\/\/arantv.az\/index.php?rest_route=\/wp\/v2\/posts\/447862"}],"collection":[{"href":"https:\/\/arantv.az\/index.php?rest_route=\/wp\/v2\/posts"}],"about":[{"href":"https:\/\/arantv.az\/index.php?rest_route=\/wp\/v2\/types\/post"}],"author":[{"embeddable":true,"href":"https:\/\/arantv.az\/index.php?rest_route=\/wp\/v2\/users\/2"}],"replies":[{"embeddable":true,"href":"https:\/\/arantv.az\/index.php?rest_route=%2Fwp%2Fv2%2Fcomments&post=447862"}],"version-history":[{"count":0,"href":"https:\/\/arantv.az\/index.php?rest_route=\/wp\/v2\/posts\/447862\/revisions"}],"wp:featuredmedia":[{"embeddable":true,"href":"https:\/\/arantv.az\/index.php?rest_route=\/wp\/v2\/media\/447866"}],"wp:attachment":[{"href":"https:\/\/arantv.az\/index.php?rest_route=%2Fwp%2Fv2%2Fmedia&parent=447862"}],"wp:term":[{"taxonomy":"category","embeddable":true,"href":"https:\/\/arantv.az\/index.php?rest_route=%2Fwp%2Fv2%2Fcategories&post=447862"},{"taxonomy":"post_tag","embeddable":true,"href":"https:\/\/arantv.az\/index.php?rest_route=%2Fwp%2Fv2%2Ftags&post=447862"}],"curies":[{"name":"wp","href":"https:\/\/api.w.org\/{rel}","templated":true}]}}