{"id":447869,"date":"2022-03-04T20:20:57","date_gmt":"2022-03-04T17:20:57","guid":{"rendered":"http:\/\/arantv.az\/?p=447869"},"modified":"2022-03-04T20:20:57","modified_gmt":"2022-03-04T17:20:57","slug":"cavusoglu-turkiy%c9%99-hava-m%c9%99kanini-rusiya-v%c9%99-dig%c9%99r-olk%c9%99l%c9%99rin-t%c9%99yyar%c9%99l%c9%99ri-ucun-baglamayacaq","status":"publish","type":"post","link":"https:\/\/arantv.az\/?p=447869","title":{"rendered":"\u00c7avu\u015fo\u011flu: \u201cT\u00fcrkiy\u0259 hava m\u0259kan\u0131n\u0131 Rusiya v\u0259 dig\u0259r \u00f6lk\u0259l\u0259rin t\u0259yyar\u0259l\u0259ri \u00fc\u00e7\u00fcn ba\u011flamayacaq\u201d"},"content":{"rendered":"<p>T\u00fcrkiy\u0259nin xarici i\u015fl\u0259r naziri M\u00f6vlud \u00c7avu\u015fo\u011flu c\u00fcm\u0259 g\u00fcn\u00fc bildirib ki, T\u00fcrkiy\u0259 hava m\u0259kan\u0131 Rusiya v\u0259 dig\u0259r \u00f6lk\u0259l\u0259rin t\u0259yyar\u0259l\u0259ri \u00fc\u00e7\u00fcn a\u00e7\u0131q qalmal\u0131d\u0131r.<\/p>\n<div class=\"AdviadNativeVideo\"><\/div>\n<p>\u201cH\u0259m strateji, h\u0259m d\u0259 humanitar n\u00f6qteyi-n\u0259z\u0259rd\u0259n hava m\u0259kan\u0131n\u0131n a\u00e7\u0131q qalmas\u0131 t\u0259kc\u0259 T\u00fcrkiy\u0259 \u00fc\u00e7\u00fcn deyil, h\u0259m d\u0259 bu sanksiyalar\u0131 t\u0259tbiq ed\u0259n \u00f6lk\u0259l\u0259r v\u0259 onlar\u0131n v\u0259t\u0259nda\u015flar\u0131 \u00fc\u00e7\u00fcn vacibdir\u201d, \u2013 dey\u0259 nazir bildirib.<\/p>\n<p>\u00c7avu\u015fo\u011flu \u0259lav\u0259 edib ki, haz\u0131rda Ankara T\u00fcrkiy\u0259 v\u0259t\u0259nda\u015flar\u0131n\u0131n Ukraynadan t\u0259hl\u00fck\u0259siz t\u0259xliy\u0259si \u00fc\u00e7\u00fcn t\u0259dbirl\u0259r g\u00f6r\u00fcr.<\/p>\n<p>Qeyd ed\u0259k ki,\u00a0Rusiyan\u0131n Ukraynadak\u0131 h\u0259rbi \u0259m\u0259liyyat\u0131 il\u0259 \u0259laq\u0259dar\u00a0 AB\u015e, Kanada, B\u00f6y\u00fck Britaniya v\u0259 A\u0130 \u00f6lk\u0259l\u0259ri t\u0259r\u0259find\u0259n\u00a0Rusiya t\u0259yyar\u0259l\u0259ri \u00fc\u00e7\u00fcn hava m\u0259kan\u0131 ba\u011flan\u0131b. \u00d6z n\u00f6vb\u0259sind\u0259 Rusiya is\u0259 Avropa v\u0259 Kanada da daxil olmaqla 36 \u00f6lk\u0259d\u0259n avia\u015firk\u0259tl\u0259r\u0259 u\u00e7u\u015f\u00a0qada\u011fas\u0131 qoyub.<\/p>\n<p>M\u0259nb\u0259: \u201c\u0130nterfaks\u201d<\/p>\n","protected":false},"excerpt":{"rendered":"<p>T\u00fcrkiy\u0259nin xarici i\u015fl\u0259r naziri M\u00f6vlud \u00c7avu\u015fo\u011flu c\u00fcm\u0259 g\u00fcn\u00fc bildirib ki, T\u00fcrkiy\u0259 hava m\u0259kan\u0131 Rusiya v\u0259 dig\u0259r \u00f6lk\u0259l\u0259rin t\u0259yyar\u0259l\u0259ri \u00fc\u00e7\u00fcn a\u00e7\u0131q qalmal\u0131d\u0131r. \u201cH\u0259m strateji, h\u0259m d\u0259 humanitar n\u00f6qteyi-n\u0259z\u0259rd\u0259n hava m\u0259kan\u0131n\u0131n a\u00e7\u0131q qalmas\u0131 t\u0259kc\u0259 T\u00fcrkiy\u0259 \u00fc\u00e7\u00fcn deyil, h\u0259m d\u0259 bu sanksiyalar\u0131 t\u0259tbiq ed\u0259n \u00f6lk\u0259l\u0259r v\u0259 onlar\u0131n v\u0259t\u0259nda\u015flar\u0131 \u00fc\u00e7\u00fcn vacibdir\u201d, \u2013 dey\u0259 nazir bildirib. \u00c7avu\u015fo\u011flu \u0259lav\u0259 edib ki, haz\u0131rda Ankara T\u00fcrkiy\u0259 v\u0259t\u0259nda\u015flar\u0131n\u0131n Ukraynadan t\u0259hl\u00fck\u0259siz t\u0259xliy\u0259si \u00fc\u00e7\u00fcn t\u0259dbirl\u0259r g\u00f6r\u00fcr. Qeyd ed\u0259k ki,\u00a0Rusiyan\u0131n Ukraynadak\u0131 h\u0259rbi \u0259m\u0259liyyat\u0131 il\u0259 \u0259laq\u0259dar\u00a0 AB\u015e, Kanada, B\u00f6y\u00fck Britaniya v\u0259 A\u0130 \u00f6lk\u0259l\u0259ri t\u0259r\u0259find\u0259n\u00a0Rusiya t\u0259yyar\u0259l\u0259ri \u00fc\u00e7\u00fcn hava m\u0259kan\u0131 ba\u011flan\u0131b. \u00d6z n\u00f6vb\u0259sind\u0259 Rusiya is\u0259&hellip;<\/p>\n","protected":false},"author":2,"featured_media":367435,"comment_status":"closed","ping_status":"closed","sticky":false,"template":"","format":"standard","meta":{"om_disable_all_campaigns":false,"_monsterinsights_skip_tracking":false,"_monsterinsights_sitenote_active":false,"_monsterinsights_sitenote_note":"","_monsterinsights_sitenote_category":0},"categories":[7],"tags":[],"aioseo_notices":[],"gutentor_comment":0,"rttpg_featured_image_url":{"full":["https:\/\/arantv.az\/wp-content\/uploads\/2021\/08\/cavusoglu.jpg",620,349,false],"landscape":["https:\/\/arantv.az\/wp-content\/uploads\/2021\/08\/cavusoglu.jpg",620,349,false],"portraits":["https:\/\/arantv.az\/wp-content\/uploads\/2021\/08\/cavusoglu.jpg",620,349,false],"thumbnail":["https:\/\/arantv.az\/wp-content\/uploads\/2021\/08\/cavusoglu-500x280.jpg",500,280,true],"medium":["https:\/\/arantv.az\/wp-content\/uploads\/2021\/08\/cavusoglu.jpg",620,349,false],"large":["https:\/\/arantv.az\/wp-content\/uploads\/2021\/08\/cavusoglu.jpg",620,349,false],"1536x1536":["https:\/\/arantv.az\/wp-content\/uploads\/2021\/08\/cavusoglu.jpg",620,349,false],"2048x2048":["https:\/\/arantv.az\/wp-content\/uploads\/2021\/08\/cavusoglu.jpg",620,349,false],"post-thumbnail":["https:\/\/arantv.az\/wp-content\/uploads\/2021\/08\/cavusoglu-240x172.jpg",240,172,true],"advps-thumb-one":["https:\/\/arantv.az\/wp-content\/uploads\/2021\/08\/cavusoglu.jpg",620,349,false]},"rttpg_author":{"display_name":"V\u00fcsal Rafiqo\u011flu","author_link":"https:\/\/arantv.az\/?author=2"},"rttpg_comment":0,"rttpg_category":"<a href=\"https:\/\/arantv.az\/?cat=7\" rel=\"category\">D\u00fcnya<\/a>","rttpg_excerpt":"T\u00fcrkiy\u0259nin xarici i\u015fl\u0259r naziri M\u00f6vlud \u00c7avu\u015fo\u011flu c\u00fcm\u0259 g\u00fcn\u00fc bildirib ki, T\u00fcrkiy\u0259 hava m\u0259kan\u0131 Rusiya v\u0259 dig\u0259r \u00f6lk\u0259l\u0259rin t\u0259yyar\u0259l\u0259ri \u00fc\u00e7\u00fcn a\u00e7\u0131q qalmal\u0131d\u0131r. \u201cH\u0259m strateji, h\u0259m d\u0259 humanitar n\u00f6qteyi-n\u0259z\u0259rd\u0259n hava m\u0259kan\u0131n\u0131n a\u00e7\u0131q qalmas\u0131 t\u0259kc\u0259 T\u00fcrkiy\u0259 \u00fc\u00e7\u00fcn deyil, h\u0259m d\u0259 bu sanksiyalar\u0131 t\u0259tbiq ed\u0259n \u00f6lk\u0259l\u0259r v\u0259 onlar\u0131n v\u0259t\u0259nda\u015flar\u0131 \u00fc\u00e7\u00fcn vacibdir\u201d, \u2013 dey\u0259 nazir bildirib. \u00c7avu\u015fo\u011flu \u0259lav\u0259 edib ki,&hellip;","_links":{"self":[{"href":"https:\/\/arantv.az\/index.php?rest_route=\/wp\/v2\/posts\/447869"}],"collection":[{"href":"https:\/\/arantv.az\/index.php?rest_route=\/wp\/v2\/posts"}],"about":[{"href":"https:\/\/arantv.az\/index.php?rest_route=\/wp\/v2\/types\/post"}],"author":[{"embeddable":true,"href":"https:\/\/arantv.az\/index.php?rest_route=\/wp\/v2\/users\/2"}],"replies":[{"embeddable":true,"href":"https:\/\/arantv.az\/index.php?rest_route=%2Fwp%2Fv2%2Fcomments&post=447869"}],"version-history":[{"count":0,"href":"https:\/\/arantv.az\/index.php?rest_route=\/wp\/v2\/posts\/447869\/revisions"}],"wp:featuredmedia":[{"embeddable":true,"href":"https:\/\/arantv.az\/index.php?rest_route=\/wp\/v2\/media\/367435"}],"wp:attachment":[{"href":"https:\/\/arantv.az\/index.php?rest_route=%2Fwp%2Fv2%2Fmedia&parent=447869"}],"wp:term":[{"taxonomy":"category","embeddable":true,"href":"https:\/\/arantv.az\/index.php?rest_route=%2Fwp%2Fv2%2Fcategories&post=447869"},{"taxonomy":"post_tag","embeddable":true,"href":"https:\/\/arantv.az\/index.php?rest_route=%2Fwp%2Fv2%2Ftags&post=447869"}],"curies":[{"name":"wp","href":"https:\/\/api.w.org\/{rel}","templated":true}]}}