{"id":45018,"date":"2019-03-13T10:58:40","date_gmt":"2019-03-13T07:58:40","guid":{"rendered":"http:\/\/arantv.az\/?p=45018"},"modified":"2019-03-13T10:58:40","modified_gmt":"2019-03-13T07:58:40","slug":"yanvarda-5600-d%c9%99n-cox-v%c9%99t%c9%99ndasin-pensiya-t%c9%99minati-elektron-s%c9%99kild%c9%99-h%c9%99yata-kecirilib","status":"publish","type":"post","link":"https:\/\/arantv.az\/?p=45018","title":{"rendered":"&#8220;Yanvarda 5600-d\u0259n \u00e7ox v\u0259t\u0259nda\u015f\u0131n pensiya t\u0259minat\u0131 elektron \u015f\u0259kild\u0259 h\u0259yata ke\u00e7irilib&#8221;"},"content":{"rendered":"<p><strong>Avropa \u0130ttifaq\u0131n\u0131n d\u0259st\u0259yi il\u0259 icra olunan \u201cAz\u0259rbaycan Respublikas\u0131nda pensiya t\u0259minat\u0131 sistemi islahat\u0131n\u0131n h\u0259yata ke\u00e7irilm\u0259sind\u0259 \u018fm\u0259k v\u0259 \u018fhalinin Sosial M\u00fcdafi\u0259si Nazirliyin\u0259 d\u0259st\u0259k\u201d adl\u0131 tvinninq layih\u0259sinin yekunlar\u0131na dair konfrans ke\u00e7irilib.<\/strong><\/p>\n<p><b>ARANTV.AZ\u00a0<\/b>x\u0259b\u0259r verir ki, t\u0259dbird\u0259 \u00e7\u0131x\u0131\u015f ed\u0259n \u0259m\u0259k v\u0259 \u0259halinin sosial m\u00fcdafi\u0259si naziri Sahil Babayev pensiya t\u0259minat\u0131 \u0259halinin sosial m\u00fcdafi\u0259sind\u0259 \u00f6n\u0259mli rola malik oldu\u011funu deyib:<\/p>\n<p>\u201cPrezident \u0130lham \u018fliyevin u\u011furlu sosial islahat proqramlar\u0131 pensiya t\u0259minat\u0131n\u0131n inki\u015faf\u0131nda \u0259h\u0259miyy\u0259tli rola malikdir.Pensiya t\u0259minat\u0131 \u00fczr\u0259 avtomatla\u015fd\u0131r\u0131lm\u0131\u015f maliyy\u0259 n\u0259zar\u0259t sisteminin inki\u015faf etdirilm\u0259si sah\u0259sind\u0259 s\u0259m\u0259rliliyin art\u0131r\u0131lmas\u0131 b\u00fcdc\u0259nin t\u0259rtibat\u0131nda Avropan\u0131n qabaqc\u0131l t\u0259cr\u00fcb\u0259l\u0259ri \u0259sas\u0131nda qiym\u0259tl\u0259ndirm\u0259l\u0259r apar\u0131l\u0131b. Son iki ildir Fransa il\u0259 pensiya t\u0259minat\u0131n\u0131n t\u0259kmill\u0259\u015fdirilm\u0259si istiqam\u0259tind\u0259 i\u015f apar\u0131r\u0131q. Avropal\u0131 ekspertl\u0259rl\u0259 birlikd\u0259 layih\u0259nin b\u00fct\u00fcn komponentl\u0259ri \u00fczr\u0259 m\u0259qs\u0259dy\u00f6nl\u00fc add\u0131mlar at\u0131l\u0131b. Hesab edir\u0259m ki, pensiya sah\u0259sind\u0259 islahatlar prosesind\u0259 bu layih\u0259 \u00fczr\u0259 g\u00f6r\u00fclm\u00fc\u015f i\u015fl\u0259rin n\u0259tic\u0259l\u0259ri, qabaqc\u0131l t\u0259cr\u00fcb\u0259l\u0259rin \u00f6yr\u0259nilm\u0259si m\u00fch\u00fcm \u0259h\u0259miyy\u0259t k\u0259sb edir\u201d.<\/p>\n<p>Nazir bildirib ki, pensiya t\u0259minat\u0131nda b\u00fcrokratik \u0259ng\u0259ll\u0259rin aradan qald\u0131r\u0131lmas\u0131 m\u00fch\u00fcm m\u0259s\u0259l\u0259dir. Onun s\u00f6zl\u0259rin\u0259 g\u00f6r\u0259, t\u0259kc\u0259 bu ilin yanvar ay\u0131nda 5600-d\u0259n \u00e7ox v\u0259t\u0259nda\u015f\u0131n pensiya t\u0259minat\u0131 elektron \u015f\u0259kild\u0259 h\u0259yata ke\u00e7irilib:<\/p>\n<p>\u201cPensiya t\u0259minat\u0131nda vacib m\u0259s\u0259l\u0259l\u0259rd\u0259n biri maliyy\u0259 t\u0259minat\u0131 il\u0259 ba\u011fl\u0131d\u0131r. Dayan\u0131ql\u0131\u011f\u0131n\u0131 t\u0259min etm\u0259k \u00fc\u00e7\u00fcn 30-50 illik d\u00f6vr\u00fc d\u00fczg\u00fcn proqnozla\u015fd\u0131rmaq laz\u0131md\u0131r. Bizim h\u0259yata ke\u00e7irdiyimiz layih\u0259nin \u0259sas m\u0259qs\u0259di h\u0259m d\u0259 uzun m\u00fcdd\u0259tli proqnoza y\u00f6n\u0259lib. Bu sah\u0259d\u0259 \u0259n yax\u015f\u0131 t\u0259cr\u00fcb\u0259nin \u00f6lk\u0259miz\u0259 g\u0259tirilm\u0259si istiqam\u0259tind\u0259 vacib add\u0131mlar h\u0259yata ke\u00e7irilib\u201d.<\/p>\n<p>Avropa \u0130ttifaq\u0131n\u0131n Az\u0259rbaycan Respublikas\u0131ndak\u0131 N\u00fcmay\u0259nd\u0259liyinin r\u0259hb\u0259ri v\u0259 Avropa \u0130ttifaq\u0131n\u0131n \u00f6lk\u0259mizd\u0259ki s\u0259firi Kestutis Yankauskas \u00f6t\u0259n d\u00f6vr \u0259rzind\u0259 icra olunan birg\u0259 layih\u0259l\u0259rin Az\u0259rbaycanda pensiya sistemini inki\u015faf\u0131na d\u0259st\u0259k m\u0259qs\u0259di da\u015f\u0131d\u0131\u011f\u0131n\u0131 deyib:<\/p>\n<p>\u201cPensiya t\u0259minat\u0131 \u00fczr\u0259 tvinninq layih\u0259si pensiya sah\u0259sind\u0259 islahatlar prosesind\u0259 \u00f6z rolunu oynayacaq. Az\u0259rbaycan\u0131n sosial m\u00fcdafi\u0259 sisteminin t\u0259kmill\u0259\u015fdirilm\u0259sind\u0259 son ill\u0259rd\u0259 icra olunan layih\u0259l\u0259rinin \u0259h\u0259miyy\u0259tinin b\u00f6y\u00fck olaca\u011f\u0131na inan\u0131ram. Az\u0259rbaycan tvinninq layih\u0259l\u0259rinin icras\u0131nda apar\u0131c\u0131 \u00f6lk\u0259l\u0259rd\u0259ndir\u201d.publika.az<\/p>\n","protected":false},"excerpt":{"rendered":"<p>Avropa \u0130ttifaq\u0131n\u0131n d\u0259st\u0259yi il\u0259 icra olunan \u201cAz\u0259rbaycan Respublikas\u0131nda pensiya t\u0259minat\u0131 sistemi islahat\u0131n\u0131n h\u0259yata ke\u00e7irilm\u0259sind\u0259 \u018fm\u0259k v\u0259 \u018fhalinin Sosial M\u00fcdafi\u0259si Nazirliyin\u0259 d\u0259st\u0259k\u201d adl\u0131 tvinninq layih\u0259sinin yekunlar\u0131na dair konfrans ke\u00e7irilib. ARANTV.AZ\u00a0x\u0259b\u0259r verir ki, t\u0259dbird\u0259 \u00e7\u0131x\u0131\u015f ed\u0259n \u0259m\u0259k v\u0259 \u0259halinin sosial m\u00fcdafi\u0259si naziri Sahil Babayev pensiya t\u0259minat\u0131 \u0259halinin sosial m\u00fcdafi\u0259sind\u0259 \u00f6n\u0259mli rola malik oldu\u011funu deyib: \u201cPrezident \u0130lham \u018fliyevin u\u011furlu sosial islahat proqramlar\u0131 pensiya t\u0259minat\u0131n\u0131n inki\u015faf\u0131nda \u0259h\u0259miyy\u0259tli rola malikdir.Pensiya t\u0259minat\u0131 \u00fczr\u0259 avtomatla\u015fd\u0131r\u0131lm\u0131\u015f maliyy\u0259 n\u0259zar\u0259t sisteminin inki\u015faf etdirilm\u0259si sah\u0259sind\u0259 s\u0259m\u0259rliliyin art\u0131r\u0131lmas\u0131 b\u00fcdc\u0259nin t\u0259rtibat\u0131nda Avropan\u0131n qabaqc\u0131l t\u0259cr\u00fcb\u0259l\u0259ri \u0259sas\u0131nda qiym\u0259tl\u0259ndirm\u0259l\u0259r apar\u0131l\u0131b. Son iki ildir Fransa il\u0259 pensiya&hellip;<\/p>\n","protected":false},"author":2,"featured_media":45019,"comment_status":"closed","ping_status":"closed","sticky":false,"template":"","format":"standard","meta":{"om_disable_all_campaigns":false,"_monsterinsights_skip_tracking":false,"_monsterinsights_sitenote_active":false,"_monsterinsights_sitenote_note":"","_monsterinsights_sitenote_category":0},"categories":[1],"tags":[],"aioseo_notices":[],"gutentor_comment":0,"rttpg_featured_image_url":{"full":["https:\/\/arantv.az\/wp-content\/uploads\/2019\/03\/sahil_babayev.jpg",800,450,false],"landscape":["https:\/\/arantv.az\/wp-content\/uploads\/2019\/03\/sahil_babayev.jpg",800,450,false],"portraits":["https:\/\/arantv.az\/wp-content\/uploads\/2019\/03\/sahil_babayev.jpg",800,450,false],"thumbnail":["https:\/\/arantv.az\/wp-content\/uploads\/2019\/03\/sahil_babayev-150x150.jpg",150,150,true],"medium":["https:\/\/arantv.az\/wp-content\/uploads\/2019\/03\/sahil_babayev-300x169.jpg",300,169,true],"large":["https:\/\/arantv.az\/wp-content\/uploads\/2019\/03\/sahil_babayev.jpg",640,360,false],"1536x1536":["https:\/\/arantv.az\/wp-content\/uploads\/2019\/03\/sahil_babayev.jpg",800,450,false],"2048x2048":["https:\/\/arantv.az\/wp-content\/uploads\/2019\/03\/sahil_babayev.jpg",800,450,false],"post-thumbnail":["https:\/\/arantv.az\/wp-content\/uploads\/2019\/03\/sahil_babayev-240x172.jpg",240,172,true],"advps-thumb-one":["https:\/\/arantv.az\/wp-content\/uploads\/2019\/03\/sahil_babayev.jpg",800,450,false]},"rttpg_author":{"display_name":"V\u00fcsal Rafiqo\u011flu","author_link":"https:\/\/arantv.az\/?author=2"},"rttpg_comment":0,"rttpg_category":"<a href=\"https:\/\/arantv.az\/?cat=1\" rel=\"category\">C\u0259miyy\u0259t<\/a>","rttpg_excerpt":"Avropa \u0130ttifaq\u0131n\u0131n d\u0259st\u0259yi il\u0259 icra olunan \u201cAz\u0259rbaycan Respublikas\u0131nda pensiya t\u0259minat\u0131 sistemi islahat\u0131n\u0131n h\u0259yata ke\u00e7irilm\u0259sind\u0259 \u018fm\u0259k v\u0259 \u018fhalinin Sosial M\u00fcdafi\u0259si Nazirliyin\u0259 d\u0259st\u0259k\u201d adl\u0131 tvinninq layih\u0259sinin yekunlar\u0131na dair konfrans ke\u00e7irilib. ARANTV.AZ\u00a0x\u0259b\u0259r verir ki, t\u0259dbird\u0259 \u00e7\u0131x\u0131\u015f ed\u0259n \u0259m\u0259k v\u0259 \u0259halinin sosial m\u00fcdafi\u0259si naziri Sahil Babayev pensiya t\u0259minat\u0131 \u0259halinin sosial m\u00fcdafi\u0259sind\u0259 \u00f6n\u0259mli rola malik oldu\u011funu deyib: \u201cPrezident \u0130lham \u018fliyevin&hellip;","_links":{"self":[{"href":"https:\/\/arantv.az\/index.php?rest_route=\/wp\/v2\/posts\/45018"}],"collection":[{"href":"https:\/\/arantv.az\/index.php?rest_route=\/wp\/v2\/posts"}],"about":[{"href":"https:\/\/arantv.az\/index.php?rest_route=\/wp\/v2\/types\/post"}],"author":[{"embeddable":true,"href":"https:\/\/arantv.az\/index.php?rest_route=\/wp\/v2\/users\/2"}],"replies":[{"embeddable":true,"href":"https:\/\/arantv.az\/index.php?rest_route=%2Fwp%2Fv2%2Fcomments&post=45018"}],"version-history":[{"count":0,"href":"https:\/\/arantv.az\/index.php?rest_route=\/wp\/v2\/posts\/45018\/revisions"}],"wp:featuredmedia":[{"embeddable":true,"href":"https:\/\/arantv.az\/index.php?rest_route=\/wp\/v2\/media\/45019"}],"wp:attachment":[{"href":"https:\/\/arantv.az\/index.php?rest_route=%2Fwp%2Fv2%2Fmedia&parent=45018"}],"wp:term":[{"taxonomy":"category","embeddable":true,"href":"https:\/\/arantv.az\/index.php?rest_route=%2Fwp%2Fv2%2Fcategories&post=45018"},{"taxonomy":"post_tag","embeddable":true,"href":"https:\/\/arantv.az\/index.php?rest_route=%2Fwp%2Fv2%2Ftags&post=45018"}],"curies":[{"name":"wp","href":"https:\/\/api.w.org\/{rel}","templated":true}]}}