{"id":45021,"date":"2019-03-13T10:59:59","date_gmt":"2019-03-13T07:59:59","guid":{"rendered":"http:\/\/arantv.az\/?p=45021"},"modified":"2019-03-13T10:59:59","modified_gmt":"2019-03-13T07:59:59","slug":"sahil-babayevd%c9%99n-m%c9%99sgulluqla-bagli-aciqlama-cox-on%c9%99mli-q%c9%99rarlar-q%c9%99bul-edilib","status":"publish","type":"post","link":"https:\/\/arantv.az\/?p=45021","title":{"rendered":"Sahil Babayevd\u0259n m\u0259\u015f\u011fulluqla ba\u011fl\u0131 A\u00c7IQLAMA: &#8220;\u00c7ox \u00f6n\u0259mli q\u0259rarlar q\u0259bul edilib&#8221;"},"content":{"rendered":"<p><strong>\u201cAz\u0259rbaycanda qeyri-formal m\u0259\u015f\u011fulluqla m\u00fcbariz\u0259 \u00e7\u0259r\u00e7iv\u0259sind\u0259n \u00e7ox \u00f6n\u0259mli q\u0259rarlar q\u0259bul edilib. T\u0259qdim olunan b\u00f6y\u00fck h\u0259cmli vergi g\u00fcz\u0259\u015ftl\u0259ri, inzibati t\u0259dbirl\u0259rin t\u0259kmill\u0259\u015fdirilm\u0259si n\u0259tic\u0259sind\u0259 art\u0131q bu ilin ilk aylar\u0131ndan m\u00fcsb\u0259t n\u0259tic\u0259l\u0259r \u0259ld\u0259 edilib\u201d.<\/strong><\/p>\n<p><b>ARANTV.AZ\u00a0<\/b>x\u0259b\u0259r verir ki, bu s\u00f6zl\u0259ri \u018fm\u0259k v\u0259 \u0259halinin sosial m\u00fcdafi\u0259si naziri Sahil Babayev jurnalistl\u0259r\u0259 a\u00e7\u0131qlamas\u0131nda deyib.<br \/>\nNazir bildirib ki, t\u0259kc\u0259 iki ayda bu sah\u0259d\u0259 50 mind\u0259n \u00e7ox art\u0131m qeyd\u0259 al\u0131n\u0131b:<\/p>\n<p>\u201cMart ay\u0131n\u0131n 5-\u0259 olan m\u0259lumata g\u00f6r\u0259 \u00f6lk\u0259d\u0259 \u0259m\u0259k m\u00fcqavil\u0259l\u0259rinin say\u0131 53 mind\u0259n \u00e7ox art\u0131b. Bunlar\u0131n 40 mini m\u0259hz \u00f6z\u0259l sektorda \u0259m\u0259k pensiyalar\u0131n\u0131n art\u0131m\u0131ndan ir\u0259li g\u0259lir. Bu r\u0259q\u0259ml\u0259r apar\u0131lan islahatlar\u0131n u\u011furlu \u015f\u0259kild\u0259 h\u0259yata ke\u00e7irilm\u0259sin\u0259 bir n\u00fcmun\u0259dir. \u0130lk iki ayda \u0259m\u0259k m\u00fcqavil\u0259l\u0259rinin say\u0131 50 mind\u0259n \u00e7ox artmas\u0131 formal m\u0259\u015f\u011fullu\u011fun geni\u015fl\u0259nm\u0259si, qeyri-formal m\u0259\u015f\u011fullu\u011fun azalmas\u0131na xidm\u0259t edir\u201d.<br \/>\nNazir bildirib ki, \u00f6lk\u0259d\u0259 qeyri-formal m\u0259\u015f\u011fullu\u011fun d\u0259qiq qiym\u0259tl\u0259ndirilm\u0259si m\u00fcmk\u00fcn deyil:<\/p>\n<p>\u201c\u018fn inki\u015faf etmi\u015f \u00f6lk\u0259l\u0259rd\u0259 qeyri-formal m\u0259\u015f\u011fullu\u011fun h\u0259cmi 20-30 faiz civar\u0131ndad\u0131r. Qeyri-formal m\u0259\u015f\u011fulluq b\u00fct\u00fcn d\u00f6vl\u0259tl\u0259rd\u0259 var, bunun qiym\u0259tl\u0259ndirilm\u0259si \u00fc\u00e7\u00fcn m\u00fcxt\u0259lif t\u0259cr\u00fcb\u0259l\u0259r m\u00f6vcuddur. Ona g\u00f6r\u0259 d\u0259 \u00f6lk\u0259mizd\u0259 qeri-formal m\u0259\u015f\u011fullu\u011fun faizini birm\u0259nal\u0131 olaraq qiym\u0259tl\u0259ndirm\u0259k \u00e7\u0259tindir. Lakin dinamika il\u0259 baxd\u0131qda ir\u0259lil\u0259yi\u015fl\u0259r m\u00fc\u015fahid\u0259 edirik. \u018fg\u0259r \u0259m\u0259k m\u00fcqavil\u0259l\u0259rinin say\u0131 iki ayda 53 min art\u0131rsa, il \u0259rzind\u0259 bu sah\u0259d\u0259 ciddi ir\u0259lil\u0259yi\u015fl\u0259rin olmas\u0131na imkan yarad\u0131r. Az\u0259rbaycanda \u00fcmumi m\u0259\u015f\u011fullu\u011fun m\u0259nz\u0259r\u0259si kifay\u0259t q\u0259d\u0259r yax\u015f\u0131 g\u00f6r\u00fcn\u00fcr. Bu g\u00fcn D\u00f6vl\u0259t Statistika Komit\u0259sinin m\u0259lumatlar\u0131na g\u00f6r\u0259 Az\u0259rbaycanda b\u00f6y\u00fck bir k\u0259sim pay torpa\u011f\u0131, f\u0259rdi sahibkarlar v\u0259 muzdlulard\u0131r. Bizim \u0259sas m\u0259qs\u0259dimiz muzdlular\u0131n say\u0131n\u0131n art\u0131r\u0131lmas\u0131d\u0131r. Bu da g\u0259l\u0259c\u0259kd\u0259 onlar\u0131n pensiya t\u0259minat\u0131na imkan ver\u0259c\u0259k. Qeyri-formal m\u0259\u015f\u011fullu\u011fun h\u0259cminin d\u0259y\u0259rl\u0259ndirilm\u0259si \u00fc\u00e7\u00fcn m\u00fcxt\u0259lif kriteriyalar var. Bizim ora pay torpaq sahibl\u0259rini aid etm\u0259yimizd\u0259n \u00e7ox \u015fey as\u0131l\u0131d\u0131r. \u018fg\u0259r k\u0259nd t\u0259s\u0259rr\u00fcfat\u0131nda \u00e7al\u0131\u015fanlar\u0131 formal m\u0259\u015f\u011fulluq kimi q\u0259bul ets\u0259k, Az\u0259rbaycanda v\u0259ziyy\u0259t he\u00e7 d\u0259 pis deyil\u201d.publika.az<\/p>\n","protected":false},"excerpt":{"rendered":"<p>\u201cAz\u0259rbaycanda qeyri-formal m\u0259\u015f\u011fulluqla m\u00fcbariz\u0259 \u00e7\u0259r\u00e7iv\u0259sind\u0259n \u00e7ox \u00f6n\u0259mli q\u0259rarlar q\u0259bul edilib. T\u0259qdim olunan b\u00f6y\u00fck h\u0259cmli vergi g\u00fcz\u0259\u015ftl\u0259ri, inzibati t\u0259dbirl\u0259rin t\u0259kmill\u0259\u015fdirilm\u0259si n\u0259tic\u0259sind\u0259 art\u0131q bu ilin ilk aylar\u0131ndan m\u00fcsb\u0259t n\u0259tic\u0259l\u0259r \u0259ld\u0259 edilib\u201d. ARANTV.AZ\u00a0x\u0259b\u0259r verir ki, bu s\u00f6zl\u0259ri \u018fm\u0259k v\u0259 \u0259halinin sosial m\u00fcdafi\u0259si naziri Sahil Babayev jurnalistl\u0259r\u0259 a\u00e7\u0131qlamas\u0131nda deyib. Nazir bildirib ki, t\u0259kc\u0259 iki ayda bu sah\u0259d\u0259 50 mind\u0259n \u00e7ox art\u0131m qeyd\u0259 al\u0131n\u0131b: \u201cMart ay\u0131n\u0131n 5-\u0259 olan m\u0259lumata g\u00f6r\u0259 \u00f6lk\u0259d\u0259 \u0259m\u0259k m\u00fcqavil\u0259l\u0259rinin say\u0131 53 mind\u0259n \u00e7ox art\u0131b. Bunlar\u0131n 40 mini m\u0259hz \u00f6z\u0259l sektorda \u0259m\u0259k pensiyalar\u0131n\u0131n art\u0131m\u0131ndan ir\u0259li g\u0259lir. Bu r\u0259q\u0259ml\u0259r apar\u0131lan islahatlar\u0131n u\u011furlu \u015f\u0259kild\u0259&hellip;<\/p>\n","protected":false},"author":2,"featured_media":45022,"comment_status":"closed","ping_status":"closed","sticky":false,"template":"","format":"standard","meta":{"om_disable_all_campaigns":false,"_monsterinsights_skip_tracking":false,"_monsterinsights_sitenote_active":false,"_monsterinsights_sitenote_note":"","_monsterinsights_sitenote_category":0},"categories":[1],"tags":[],"aioseo_notices":[],"gutentor_comment":0,"rttpg_featured_image_url":{"full":["https:\/\/arantv.az\/wp-content\/uploads\/2019\/03\/sahil7.jpg",800,450,false],"landscape":["https:\/\/arantv.az\/wp-content\/uploads\/2019\/03\/sahil7.jpg",800,450,false],"portraits":["https:\/\/arantv.az\/wp-content\/uploads\/2019\/03\/sahil7.jpg",800,450,false],"thumbnail":["https:\/\/arantv.az\/wp-content\/uploads\/2019\/03\/sahil7-150x150.jpg",150,150,true],"medium":["https:\/\/arantv.az\/wp-content\/uploads\/2019\/03\/sahil7-300x169.jpg",300,169,true],"large":["https:\/\/arantv.az\/wp-content\/uploads\/2019\/03\/sahil7.jpg",640,360,false],"1536x1536":["https:\/\/arantv.az\/wp-content\/uploads\/2019\/03\/sahil7.jpg",800,450,false],"2048x2048":["https:\/\/arantv.az\/wp-content\/uploads\/2019\/03\/sahil7.jpg",800,450,false],"post-thumbnail":["https:\/\/arantv.az\/wp-content\/uploads\/2019\/03\/sahil7-240x172.jpg",240,172,true],"advps-thumb-one":["https:\/\/arantv.az\/wp-content\/uploads\/2019\/03\/sahil7.jpg",800,450,false]},"rttpg_author":{"display_name":"V\u00fcsal Rafiqo\u011flu","author_link":"https:\/\/arantv.az\/?author=2"},"rttpg_comment":0,"rttpg_category":"<a href=\"https:\/\/arantv.az\/?cat=1\" rel=\"category\">C\u0259miyy\u0259t<\/a>","rttpg_excerpt":"\u201cAz\u0259rbaycanda qeyri-formal m\u0259\u015f\u011fulluqla m\u00fcbariz\u0259 \u00e7\u0259r\u00e7iv\u0259sind\u0259n \u00e7ox \u00f6n\u0259mli q\u0259rarlar q\u0259bul edilib. T\u0259qdim olunan b\u00f6y\u00fck h\u0259cmli vergi g\u00fcz\u0259\u015ftl\u0259ri, inzibati t\u0259dbirl\u0259rin t\u0259kmill\u0259\u015fdirilm\u0259si n\u0259tic\u0259sind\u0259 art\u0131q bu ilin ilk aylar\u0131ndan m\u00fcsb\u0259t n\u0259tic\u0259l\u0259r \u0259ld\u0259 edilib\u201d. ARANTV.AZ\u00a0x\u0259b\u0259r verir ki, bu s\u00f6zl\u0259ri \u018fm\u0259k v\u0259 \u0259halinin sosial m\u00fcdafi\u0259si naziri Sahil Babayev jurnalistl\u0259r\u0259 a\u00e7\u0131qlamas\u0131nda deyib. Nazir bildirib ki, t\u0259kc\u0259 iki ayda bu sah\u0259d\u0259 50 mind\u0259n&hellip;","_links":{"self":[{"href":"https:\/\/arantv.az\/index.php?rest_route=\/wp\/v2\/posts\/45021"}],"collection":[{"href":"https:\/\/arantv.az\/index.php?rest_route=\/wp\/v2\/posts"}],"about":[{"href":"https:\/\/arantv.az\/index.php?rest_route=\/wp\/v2\/types\/post"}],"author":[{"embeddable":true,"href":"https:\/\/arantv.az\/index.php?rest_route=\/wp\/v2\/users\/2"}],"replies":[{"embeddable":true,"href":"https:\/\/arantv.az\/index.php?rest_route=%2Fwp%2Fv2%2Fcomments&post=45021"}],"version-history":[{"count":0,"href":"https:\/\/arantv.az\/index.php?rest_route=\/wp\/v2\/posts\/45021\/revisions"}],"wp:featuredmedia":[{"embeddable":true,"href":"https:\/\/arantv.az\/index.php?rest_route=\/wp\/v2\/media\/45022"}],"wp:attachment":[{"href":"https:\/\/arantv.az\/index.php?rest_route=%2Fwp%2Fv2%2Fmedia&parent=45021"}],"wp:term":[{"taxonomy":"category","embeddable":true,"href":"https:\/\/arantv.az\/index.php?rest_route=%2Fwp%2Fv2%2Fcategories&post=45021"},{"taxonomy":"post_tag","embeddable":true,"href":"https:\/\/arantv.az\/index.php?rest_route=%2Fwp%2Fv2%2Ftags&post=45021"}],"curies":[{"name":"wp","href":"https:\/\/api.w.org\/{rel}","templated":true}]}}