{"id":45069,"date":"2019-03-13T12:51:05","date_gmt":"2019-03-13T09:51:05","guid":{"rendered":"http:\/\/arantv.az\/?p=45069"},"modified":"2019-03-13T12:51:05","modified_gmt":"2019-03-13T09:51:05","slug":"deputatlar-irad-bildirdi-qanunlari-b%c9%99z%c9%99n-ozumuz-d%c9%99-oxuyub-basa-dusmuruk","status":"publish","type":"post","link":"https:\/\/arantv.az\/?p=45069","title":{"rendered":"Deputatlar irad bildirdi: Qanunlar\u0131 b\u0259z\u0259n \u00f6z\u00fcm\u00fcz d\u0259 oxuyub ba\u015fa d\u00fc\u015fm\u00fcr\u00fck"},"content":{"rendered":"<p>Qanunlar\u0131n dili el\u0259 olmal\u0131d\u0131r ki, onu ham\u0131 ba\u015fa d\u00fc\u015f\u0259 bilsin. Bu m\u0259s\u0259l\u0259y\u0259 ciddi diqq\u0259t yetirilm\u0259li, qanunlar\u0131m\u0131z ham\u0131n\u0131n ba\u015fa d\u00fc\u015fd\u00fcy\u00fc, anlad\u0131\u011f\u0131 t\u0259rzd\u0259 yaz\u0131lmal\u0131d\u0131r.<\/p>\n<p><b>ARANTV.AZ\u00a0<\/b>x\u0259b\u0259r verir ki, bunu mill\u0259t v\u0259kili Novruz Aslan parlamentin Aqrar siyas\u0259t komit\u0259sinin mart\u0131n 13-d\u0259 ke\u00e7iril\u0259n iclas\u0131nda \u201cFitosanitar n\u0259zar\u0259ti haqq\u0131nda\u201d qanuna d\u0259yi\u015fiklikl\u0259ri n\u0259z\u0259rd\u0259 tutan qanun layih\u0259sinin birinci oxunu\u015fda m\u00fczakir\u0259si zaman\u0131 deyib.<\/p>\n<p>\u201cBiz \u00f6z\u00fcm\u00fcz b\u0259z\u0259n bu qanunlar\u0131 oxuyub ba\u015fa d\u00fc\u015f\u0259 bilmirik, o q\u0259d\u0259r q\u0259liz \u015f\u0259kild\u0259 yaz\u0131l\u0131r ki, anlamaq olmur. Onda b\u0259s s\u0131ravi insanlar nec\u0259 olsun?\u201d, &#8211; dey\u0259n mill\u0259t v\u0259kili, \u00fcmumiyy\u0259tl\u0259, qanun layih\u0259sind\u0259 \u201cis\u0259\u201d s\u00f6z\u00fcn\u0259, m\u00f6t\u0259riz\u0259l\u0259r\u0259 ehtiyac olmad\u0131\u011f\u0131n\u0131 bildirib:<\/p>\n<div id=\"AdributorNativeVideo0\" class=\"AdributorNativeVideo\"><\/div>\n<p>\u201cBunlar ax\u0131\u00a0n\u0259y\u0259 laz\u0131md\u0131r? Hesab edir\u0259m ki, bunlar g\u0259l\u0259c\u0259kd\u0259 m\u00fctl\u0259q n\u0259z\u0259r\u0259 al\u0131nmal\u0131 v\u0259 y\u0131\u011f\u0131\u015fd\u0131r\u0131lmal\u0131d\u0131r\u201d.<\/p>\n<p>Ad\u0131\u00e7\u0259kil\u0259n komit\u0259nin s\u0259dri Eldar \u0130brahimov mill\u0259t v\u0259kilinin iradlar\u0131 il\u0259 raz\u0131la\u015fd\u0131\u011f\u0131n\u0131 bildirib.<\/p>\n<p>\u201cBu qanunun q\u0259bulundan on ild\u0259n \u00e7ox vaxt ke\u00e7ir. O, 2006-c\u0131 ilin 12 may tarixind\u0259 q\u0259bul edilib v\u0259 \u00fcst\u00fcnd\u0259n xeyli vaxt\u00a0\u00f6t\u00fcr. Hesab edir\u0259m ki, h\u0259min qanuna d\u0259yi\u015fiklikl\u0259ri n\u0259z\u0259rd\u0259 tutan qanun layih\u0259sinin n\u00f6vb\u0259ti oxunu\u015flar\u0131nda v\u0259 m\u00fczakir\u0259l\u0259rind\u0259 bu m\u0259qamlar n\u0259z\u0259r\u0259 al\u0131na bil\u0259r.<\/p>\n<p>H\u0259l\u0259lik birinci oxunu\u015fdur, n\u00f6vb\u0259ti oxunu\u015flarda bu m\u0259s\u0259l\u0259l\u0259r\u0259 bax\u0131lmas\u0131 v\u0259 onlar\u0131n n\u0259z\u0259r\u0259 al\u0131nmas\u0131 m\u00fcmk\u00fcnd\u00fcr. M\u0259nim d\u0259 fikrim bel\u0259dir ki, qanunlar sad\u0259, ham\u0131n\u0131n ba\u015fa d\u00fc\u015f\u0259 bil\u0259c\u0259yi dild\u0259 yaz\u0131lmal\u0131d\u0131r. Burada q\u0259lizliy\u0259 ehtiyac yoxdur\u201d, &#8211; dey\u0259\u00a0komit\u0259 s\u0259dri \u0259lav\u0259 edib.oxu.az<\/p>\n","protected":false},"excerpt":{"rendered":"<p>Qanunlar\u0131n dili el\u0259 olmal\u0131d\u0131r ki, onu ham\u0131 ba\u015fa d\u00fc\u015f\u0259 bilsin. Bu m\u0259s\u0259l\u0259y\u0259 ciddi diqq\u0259t yetirilm\u0259li, qanunlar\u0131m\u0131z ham\u0131n\u0131n ba\u015fa d\u00fc\u015fd\u00fcy\u00fc, anlad\u0131\u011f\u0131 t\u0259rzd\u0259 yaz\u0131lmal\u0131d\u0131r. ARANTV.AZ\u00a0x\u0259b\u0259r verir ki, bunu mill\u0259t v\u0259kili Novruz Aslan parlamentin Aqrar siyas\u0259t komit\u0259sinin mart\u0131n 13-d\u0259 ke\u00e7iril\u0259n iclas\u0131nda \u201cFitosanitar n\u0259zar\u0259ti haqq\u0131nda\u201d qanuna d\u0259yi\u015fiklikl\u0259ri n\u0259z\u0259rd\u0259 tutan qanun layih\u0259sinin birinci oxunu\u015fda m\u00fczakir\u0259si zaman\u0131 deyib. \u201cBiz \u00f6z\u00fcm\u00fcz b\u0259z\u0259n bu qanunlar\u0131 oxuyub ba\u015fa d\u00fc\u015f\u0259 bilmirik, o q\u0259d\u0259r q\u0259liz \u015f\u0259kild\u0259 yaz\u0131l\u0131r ki, anlamaq olmur. Onda b\u0259s s\u0131ravi insanlar nec\u0259 olsun?\u201d, &#8211; dey\u0259n mill\u0259t v\u0259kili, \u00fcmumiyy\u0259tl\u0259, qanun layih\u0259sind\u0259 \u201cis\u0259\u201d s\u00f6z\u00fcn\u0259, m\u00f6t\u0259riz\u0259l\u0259r\u0259 ehtiyac olmad\u0131\u011f\u0131n\u0131 bildirib: \u201cBunlar ax\u0131\u00a0n\u0259y\u0259&hellip;<\/p>\n","protected":false},"author":2,"featured_media":45070,"comment_status":"closed","ping_status":"closed","sticky":false,"template":"","format":"standard","meta":{"om_disable_all_campaigns":false,"_monsterinsights_skip_tracking":false,"_monsterinsights_sitenote_active":false,"_monsterinsights_sitenote_note":"","_monsterinsights_sitenote_category":0},"categories":[1],"tags":[],"aioseo_notices":[],"gutentor_comment":0,"rttpg_featured_image_url":{"full":["https:\/\/arantv.az\/wp-content\/uploads\/2019\/03\/milli-meclis.jpg",620,401,false],"landscape":["https:\/\/arantv.az\/wp-content\/uploads\/2019\/03\/milli-meclis.jpg",620,401,false],"portraits":["https:\/\/arantv.az\/wp-content\/uploads\/2019\/03\/milli-meclis.jpg",620,401,false],"thumbnail":["https:\/\/arantv.az\/wp-content\/uploads\/2019\/03\/milli-meclis-150x150.jpg",150,150,true],"medium":["https:\/\/arantv.az\/wp-content\/uploads\/2019\/03\/milli-meclis-300x194.jpg",300,194,true],"large":["https:\/\/arantv.az\/wp-content\/uploads\/2019\/03\/milli-meclis.jpg",620,401,false],"1536x1536":["https:\/\/arantv.az\/wp-content\/uploads\/2019\/03\/milli-meclis.jpg",620,401,false],"2048x2048":["https:\/\/arantv.az\/wp-content\/uploads\/2019\/03\/milli-meclis.jpg",620,401,false],"post-thumbnail":["https:\/\/arantv.az\/wp-content\/uploads\/2019\/03\/milli-meclis-240x172.jpg",240,172,true],"advps-thumb-one":["https:\/\/arantv.az\/wp-content\/uploads\/2019\/03\/milli-meclis.jpg",620,401,false]},"rttpg_author":{"display_name":"V\u00fcsal Rafiqo\u011flu","author_link":"https:\/\/arantv.az\/?author=2"},"rttpg_comment":0,"rttpg_category":"<a href=\"https:\/\/arantv.az\/?cat=1\" rel=\"category\">C\u0259miyy\u0259t<\/a>","rttpg_excerpt":"Qanunlar\u0131n dili el\u0259 olmal\u0131d\u0131r ki, onu ham\u0131 ba\u015fa d\u00fc\u015f\u0259 bilsin. Bu m\u0259s\u0259l\u0259y\u0259 ciddi diqq\u0259t yetirilm\u0259li, qanunlar\u0131m\u0131z ham\u0131n\u0131n ba\u015fa d\u00fc\u015fd\u00fcy\u00fc, anlad\u0131\u011f\u0131 t\u0259rzd\u0259 yaz\u0131lmal\u0131d\u0131r. ARANTV.AZ\u00a0x\u0259b\u0259r verir ki, bunu mill\u0259t v\u0259kili Novruz Aslan parlamentin Aqrar siyas\u0259t komit\u0259sinin mart\u0131n 13-d\u0259 ke\u00e7iril\u0259n iclas\u0131nda \u201cFitosanitar n\u0259zar\u0259ti haqq\u0131nda\u201d qanuna d\u0259yi\u015fiklikl\u0259ri n\u0259z\u0259rd\u0259 tutan qanun layih\u0259sinin birinci oxunu\u015fda m\u00fczakir\u0259si zaman\u0131 deyib. \u201cBiz \u00f6z\u00fcm\u00fcz b\u0259z\u0259n&hellip;","_links":{"self":[{"href":"https:\/\/arantv.az\/index.php?rest_route=\/wp\/v2\/posts\/45069"}],"collection":[{"href":"https:\/\/arantv.az\/index.php?rest_route=\/wp\/v2\/posts"}],"about":[{"href":"https:\/\/arantv.az\/index.php?rest_route=\/wp\/v2\/types\/post"}],"author":[{"embeddable":true,"href":"https:\/\/arantv.az\/index.php?rest_route=\/wp\/v2\/users\/2"}],"replies":[{"embeddable":true,"href":"https:\/\/arantv.az\/index.php?rest_route=%2Fwp%2Fv2%2Fcomments&post=45069"}],"version-history":[{"count":0,"href":"https:\/\/arantv.az\/index.php?rest_route=\/wp\/v2\/posts\/45069\/revisions"}],"wp:featuredmedia":[{"embeddable":true,"href":"https:\/\/arantv.az\/index.php?rest_route=\/wp\/v2\/media\/45070"}],"wp:attachment":[{"href":"https:\/\/arantv.az\/index.php?rest_route=%2Fwp%2Fv2%2Fmedia&parent=45069"}],"wp:term":[{"taxonomy":"category","embeddable":true,"href":"https:\/\/arantv.az\/index.php?rest_route=%2Fwp%2Fv2%2Fcategories&post=45069"},{"taxonomy":"post_tag","embeddable":true,"href":"https:\/\/arantv.az\/index.php?rest_route=%2Fwp%2Fv2%2Ftags&post=45069"}],"curies":[{"name":"wp","href":"https:\/\/api.w.org\/{rel}","templated":true}]}}