{"id":45078,"date":"2019-03-13T12:54:33","date_gmt":"2019-03-13T09:54:33","guid":{"rendered":"http:\/\/arantv.az\/?p=45078"},"modified":"2019-03-13T12:54:33","modified_gmt":"2019-03-13T09:54:33","slug":"az%c9%99rbaycanin-birinci-vitse-prezidenti-mehriban-%c9%99liyeva-roma-papasi-fransisk%c9%99-t%c9%99brik-m%c9%99ktubu-unvanlayib","status":"publish","type":"post","link":"https:\/\/arantv.az\/?p=45078","title":{"rendered":"Az\u0259rbaycan\u0131n Birinci vitse-prezidenti Mehriban \u018fliyeva Roma Papas\u0131 Fransisk\u0259 t\u0259brik m\u0259ktubu \u00fcnvanlay\u0131b"},"content":{"rendered":"<p><strong>Az\u0259rbaycan Respublikas\u0131n\u0131n Birinci vitse-prezidenti Mehriban \u018fliyeva Roma Papas\u0131 Fransisk H\u0259zr\u0259tl\u0259rin\u0259 Tacqoyma G\u00fcn\u00fcn\u00fcn ild\u00f6n\u00fcm\u00fc m\u00fcnasib\u0259til\u0259 t\u0259brik m\u0259ktubu g\u00f6nd\u0259rib.<\/strong><\/p>\n<p><strong>ARANTV.AZ<\/strong> az\u0259rtac-a istinad\u0259n bildirir ki, m\u0259ktubda M\u00fcq\u0259dd\u0259s Taxt-Tac il\u0259 Az\u0259rbaycan aras\u0131nda \u0259laq\u0259l\u0259rin y\u00fcks\u0259k s\u0259viyy\u0259d\u0259 olmas\u0131 vur\u011fulan\u0131r, ikit\u0259r\u0259fli \u0259m\u0259kda\u015fl\u0131\u011f\u0131n dinl\u0259raras\u0131 v\u0259 m\u0259d\u0259niyy\u0259tl\u0259raras\u0131 dialoqun m\u00f6hk\u0259ml\u0259ndirilm\u0259sin\u0259, \u00fcmumd\u00fcnya m\u0259d\u0259ni irsinin qorunmas\u0131na g\u0259l\u0259c\u0259kd\u0259 d\u0259 b\u00f6y\u00fck t\u00f6hf\u0259l\u0259r ver\u0259c\u0259yin\u0259 \u00fcmid ifad\u0259 edilir.<\/p>\n","protected":false},"excerpt":{"rendered":"<p>Az\u0259rbaycan Respublikas\u0131n\u0131n Birinci vitse-prezidenti Mehriban \u018fliyeva Roma Papas\u0131 Fransisk H\u0259zr\u0259tl\u0259rin\u0259 Tacqoyma G\u00fcn\u00fcn\u00fcn ild\u00f6n\u00fcm\u00fc m\u00fcnasib\u0259til\u0259 t\u0259brik m\u0259ktubu g\u00f6nd\u0259rib. ARANTV.AZ az\u0259rtac-a istinad\u0259n bildirir ki, m\u0259ktubda M\u00fcq\u0259dd\u0259s Taxt-Tac il\u0259 Az\u0259rbaycan aras\u0131nda \u0259laq\u0259l\u0259rin y\u00fcks\u0259k s\u0259viyy\u0259d\u0259 olmas\u0131 vur\u011fulan\u0131r, ikit\u0259r\u0259fli \u0259m\u0259kda\u015fl\u0131\u011f\u0131n dinl\u0259raras\u0131 v\u0259 m\u0259d\u0259niyy\u0259tl\u0259raras\u0131 dialoqun m\u00f6hk\u0259ml\u0259ndirilm\u0259sin\u0259, \u00fcmumd\u00fcnya m\u0259d\u0259ni irsinin qorunmas\u0131na g\u0259l\u0259c\u0259kd\u0259 d\u0259 b\u00f6y\u00fck t\u00f6hf\u0259l\u0259r ver\u0259c\u0259yin\u0259 \u00fcmid ifad\u0259 edilir.<\/p>\n","protected":false},"author":2,"featured_media":45079,"comment_status":"closed","ping_status":"closed","sticky":false,"template":"","format":"standard","meta":{"om_disable_all_campaigns":false,"_monsterinsights_skip_tracking":false,"_monsterinsights_sitenote_active":false,"_monsterinsights_sitenote_note":"","_monsterinsights_sitenote_category":0},"categories":[4],"tags":[],"aioseo_notices":[],"gutentor_comment":0,"rttpg_featured_image_url":{"full":["https:\/\/arantv.az\/wp-content\/uploads\/2019\/03\/738558.jpg",800,600,false],"landscape":["https:\/\/arantv.az\/wp-content\/uploads\/2019\/03\/738558.jpg",800,600,false],"portraits":["https:\/\/arantv.az\/wp-content\/uploads\/2019\/03\/738558.jpg",800,600,false],"thumbnail":["https:\/\/arantv.az\/wp-content\/uploads\/2019\/03\/738558-150x150.jpg",150,150,true],"medium":["https:\/\/arantv.az\/wp-content\/uploads\/2019\/03\/738558-300x225.jpg",300,225,true],"large":["https:\/\/arantv.az\/wp-content\/uploads\/2019\/03\/738558.jpg",640,480,false],"1536x1536":["https:\/\/arantv.az\/wp-content\/uploads\/2019\/03\/738558.jpg",800,600,false],"2048x2048":["https:\/\/arantv.az\/wp-content\/uploads\/2019\/03\/738558.jpg",800,600,false],"post-thumbnail":["https:\/\/arantv.az\/wp-content\/uploads\/2019\/03\/738558-240x172.jpg",240,172,true],"advps-thumb-one":["https:\/\/arantv.az\/wp-content\/uploads\/2019\/03\/738558.jpg",800,600,false]},"rttpg_author":{"display_name":"V\u00fcsal Rafiqo\u011flu","author_link":"https:\/\/arantv.az\/?author=2"},"rttpg_comment":0,"rttpg_category":"<a href=\"https:\/\/arantv.az\/?cat=4\" rel=\"category\">Siyas\u0259t<\/a>","rttpg_excerpt":"Az\u0259rbaycan Respublikas\u0131n\u0131n Birinci vitse-prezidenti Mehriban \u018fliyeva Roma Papas\u0131 Fransisk H\u0259zr\u0259tl\u0259rin\u0259 Tacqoyma G\u00fcn\u00fcn\u00fcn ild\u00f6n\u00fcm\u00fc m\u00fcnasib\u0259til\u0259 t\u0259brik m\u0259ktubu g\u00f6nd\u0259rib. ARANTV.AZ az\u0259rtac-a istinad\u0259n bildirir ki, m\u0259ktubda M\u00fcq\u0259dd\u0259s Taxt-Tac il\u0259 Az\u0259rbaycan aras\u0131nda \u0259laq\u0259l\u0259rin y\u00fcks\u0259k s\u0259viyy\u0259d\u0259 olmas\u0131 vur\u011fulan\u0131r, ikit\u0259r\u0259fli \u0259m\u0259kda\u015fl\u0131\u011f\u0131n dinl\u0259raras\u0131 v\u0259 m\u0259d\u0259niyy\u0259tl\u0259raras\u0131 dialoqun m\u00f6hk\u0259ml\u0259ndirilm\u0259sin\u0259, \u00fcmumd\u00fcnya m\u0259d\u0259ni irsinin qorunmas\u0131na g\u0259l\u0259c\u0259kd\u0259 d\u0259 b\u00f6y\u00fck t\u00f6hf\u0259l\u0259r ver\u0259c\u0259yin\u0259 \u00fcmid ifad\u0259 edilir.","_links":{"self":[{"href":"https:\/\/arantv.az\/index.php?rest_route=\/wp\/v2\/posts\/45078"}],"collection":[{"href":"https:\/\/arantv.az\/index.php?rest_route=\/wp\/v2\/posts"}],"about":[{"href":"https:\/\/arantv.az\/index.php?rest_route=\/wp\/v2\/types\/post"}],"author":[{"embeddable":true,"href":"https:\/\/arantv.az\/index.php?rest_route=\/wp\/v2\/users\/2"}],"replies":[{"embeddable":true,"href":"https:\/\/arantv.az\/index.php?rest_route=%2Fwp%2Fv2%2Fcomments&post=45078"}],"version-history":[{"count":0,"href":"https:\/\/arantv.az\/index.php?rest_route=\/wp\/v2\/posts\/45078\/revisions"}],"wp:featuredmedia":[{"embeddable":true,"href":"https:\/\/arantv.az\/index.php?rest_route=\/wp\/v2\/media\/45079"}],"wp:attachment":[{"href":"https:\/\/arantv.az\/index.php?rest_route=%2Fwp%2Fv2%2Fmedia&parent=45078"}],"wp:term":[{"taxonomy":"category","embeddable":true,"href":"https:\/\/arantv.az\/index.php?rest_route=%2Fwp%2Fv2%2Fcategories&post=45078"},{"taxonomy":"post_tag","embeddable":true,"href":"https:\/\/arantv.az\/index.php?rest_route=%2Fwp%2Fv2%2Ftags&post=45078"}],"curies":[{"name":"wp","href":"https:\/\/api.w.org\/{rel}","templated":true}]}}