{"id":45086,"date":"2019-03-13T12:56:39","date_gmt":"2019-03-13T09:56:39","guid":{"rendered":"http:\/\/arantv.az\/?p=45086"},"modified":"2019-03-13T12:56:39","modified_gmt":"2019-03-13T09:56:39","slug":"bmt-nin-inkisaf-proqrami-az%c9%99rbaycanda-ikt-sah%c9%99sinin-inkisafi-ucun-atilan-addimlari-yuks%c9%99k-qiym%c9%99tl%c9%99ndirir","status":"publish","type":"post","link":"https:\/\/arantv.az\/?p=45086","title":{"rendered":"BMT-nin \u0130nki\u015faf Proqram\u0131 Az\u0259rbaycanda \u0130KT sah\u0259sinin inki\u015faf\u0131 \u00fc\u00e7\u00fcn at\u0131lan add\u0131mlar\u0131 y\u00fcks\u0259k qiym\u0259tl\u0259ndirir"},"content":{"rendered":"<blockquote><p><em><strong>BMT-nin \u0130nki\u015faf Proqram\u0131 Az\u0259rbaycanda \u0130KT sah\u0259sinin inki\u015faf\u0131 \u00fc\u00e7\u00fcn at\u0131lan add\u0131mlar\u0131 v\u0259 &#8220;elektron h\u00f6kum\u0259t&#8221; sistemin\u0259 tam ke\u00e7idi y\u00fcks\u0259k qiym\u0259tl\u0259ndirir.<\/strong><\/em><\/p><\/blockquote>\n<p><strong>ARANTV.AZ<\/strong> trend-\u0259 istinad\u0259n x\u0259b\u0259r verir ki, bunu BMT-nin \u0130nki\u015faf Proqram\u0131 r\u0259hb\u0259rinin m\u00fcavini, Avropa v\u0259 MDB \u00fczr\u0259 regional b\u00fcrosunun direktoru Miryana Egge Bak\u0131da kibert\u0259hl\u00fck\u0259sizliy\u0259 h\u0259sr olunmu\u015f internet idar\u0259etm\u0259si \u00fczr\u0259 6-c\u0131 Regional forumda deyib.<\/p>\n<p>O qeyd edib ki, internet v\u0259 informasiya texnologiyalar\u0131 c\u0259miyy\u0259tin vacib t\u0259rkib hiss\u0259sidir.<\/p>\n<p>Regional forumun rolundan dan\u0131\u015fan M.Egge vur\u011fulay\u0131b ki, bu t\u0259dbir internet texnologiyalar\u0131n\u0131n potensial\u0131n\u0131 \u00f6yr\u0259nm\u0259k v\u0259 kibert\u0259hl\u00fck\u0259l\u0259rd\u0259n qa\u00e7maq imkanlar\u0131n\u0131 yaradacaq.<\/p>\n","protected":false},"excerpt":{"rendered":"<p>BMT-nin \u0130nki\u015faf Proqram\u0131 Az\u0259rbaycanda \u0130KT sah\u0259sinin inki\u015faf\u0131 \u00fc\u00e7\u00fcn at\u0131lan add\u0131mlar\u0131 v\u0259 &#8220;elektron h\u00f6kum\u0259t&#8221; sistemin\u0259 tam ke\u00e7idi y\u00fcks\u0259k qiym\u0259tl\u0259ndirir. ARANTV.AZ trend-\u0259 istinad\u0259n x\u0259b\u0259r verir ki, bunu BMT-nin \u0130nki\u015faf Proqram\u0131 r\u0259hb\u0259rinin m\u00fcavini, Avropa v\u0259 MDB \u00fczr\u0259 regional b\u00fcrosunun direktoru Miryana Egge Bak\u0131da kibert\u0259hl\u00fck\u0259sizliy\u0259 h\u0259sr olunmu\u015f internet idar\u0259etm\u0259si \u00fczr\u0259 6-c\u0131 Regional forumda deyib. O qeyd edib ki, internet v\u0259 informasiya texnologiyalar\u0131 c\u0259miyy\u0259tin vacib t\u0259rkib hiss\u0259sidir. Regional forumun rolundan dan\u0131\u015fan M.Egge vur\u011fulay\u0131b ki, bu t\u0259dbir internet texnologiyalar\u0131n\u0131n potensial\u0131n\u0131 \u00f6yr\u0259nm\u0259k v\u0259 kibert\u0259hl\u00fck\u0259l\u0259rd\u0259n qa\u00e7maq imkanlar\u0131n\u0131 yaradacaq.<\/p>\n","protected":false},"author":2,"featured_media":45087,"comment_status":"closed","ping_status":"closed","sticky":false,"template":"","format":"standard","meta":{"om_disable_all_campaigns":false,"_monsterinsights_skip_tracking":false,"_monsterinsights_sitenote_active":false,"_monsterinsights_sitenote_note":"","_monsterinsights_sitenote_category":0},"categories":[4],"tags":[],"aioseo_notices":[],"gutentor_comment":0,"rttpg_featured_image_url":{"full":["https:\/\/arantv.az\/wp-content\/uploads\/2019\/03\/738561.jpg",800,600,false],"landscape":["https:\/\/arantv.az\/wp-content\/uploads\/2019\/03\/738561.jpg",800,600,false],"portraits":["https:\/\/arantv.az\/wp-content\/uploads\/2019\/03\/738561.jpg",800,600,false],"thumbnail":["https:\/\/arantv.az\/wp-content\/uploads\/2019\/03\/738561-150x150.jpg",150,150,true],"medium":["https:\/\/arantv.az\/wp-content\/uploads\/2019\/03\/738561-300x225.jpg",300,225,true],"large":["https:\/\/arantv.az\/wp-content\/uploads\/2019\/03\/738561.jpg",640,480,false],"1536x1536":["https:\/\/arantv.az\/wp-content\/uploads\/2019\/03\/738561.jpg",800,600,false],"2048x2048":["https:\/\/arantv.az\/wp-content\/uploads\/2019\/03\/738561.jpg",800,600,false],"post-thumbnail":["https:\/\/arantv.az\/wp-content\/uploads\/2019\/03\/738561-240x172.jpg",240,172,true],"advps-thumb-one":["https:\/\/arantv.az\/wp-content\/uploads\/2019\/03\/738561.jpg",800,600,false]},"rttpg_author":{"display_name":"V\u00fcsal Rafiqo\u011flu","author_link":"https:\/\/arantv.az\/?author=2"},"rttpg_comment":0,"rttpg_category":"<a href=\"https:\/\/arantv.az\/?cat=4\" rel=\"category\">Siyas\u0259t<\/a>","rttpg_excerpt":"BMT-nin \u0130nki\u015faf Proqram\u0131 Az\u0259rbaycanda \u0130KT sah\u0259sinin inki\u015faf\u0131 \u00fc\u00e7\u00fcn at\u0131lan add\u0131mlar\u0131 v\u0259 &#8220;elektron h\u00f6kum\u0259t&#8221; sistemin\u0259 tam ke\u00e7idi y\u00fcks\u0259k qiym\u0259tl\u0259ndirir. ARANTV.AZ trend-\u0259 istinad\u0259n x\u0259b\u0259r verir ki, bunu BMT-nin \u0130nki\u015faf Proqram\u0131 r\u0259hb\u0259rinin m\u00fcavini, Avropa v\u0259 MDB \u00fczr\u0259 regional b\u00fcrosunun direktoru Miryana Egge Bak\u0131da kibert\u0259hl\u00fck\u0259sizliy\u0259 h\u0259sr olunmu\u015f internet idar\u0259etm\u0259si \u00fczr\u0259 6-c\u0131 Regional forumda deyib. O qeyd edib ki, internet&hellip;","_links":{"self":[{"href":"https:\/\/arantv.az\/index.php?rest_route=\/wp\/v2\/posts\/45086"}],"collection":[{"href":"https:\/\/arantv.az\/index.php?rest_route=\/wp\/v2\/posts"}],"about":[{"href":"https:\/\/arantv.az\/index.php?rest_route=\/wp\/v2\/types\/post"}],"author":[{"embeddable":true,"href":"https:\/\/arantv.az\/index.php?rest_route=\/wp\/v2\/users\/2"}],"replies":[{"embeddable":true,"href":"https:\/\/arantv.az\/index.php?rest_route=%2Fwp%2Fv2%2Fcomments&post=45086"}],"version-history":[{"count":0,"href":"https:\/\/arantv.az\/index.php?rest_route=\/wp\/v2\/posts\/45086\/revisions"}],"wp:featuredmedia":[{"embeddable":true,"href":"https:\/\/arantv.az\/index.php?rest_route=\/wp\/v2\/media\/45087"}],"wp:attachment":[{"href":"https:\/\/arantv.az\/index.php?rest_route=%2Fwp%2Fv2%2Fmedia&parent=45086"}],"wp:term":[{"taxonomy":"category","embeddable":true,"href":"https:\/\/arantv.az\/index.php?rest_route=%2Fwp%2Fv2%2Fcategories&post=45086"},{"taxonomy":"post_tag","embeddable":true,"href":"https:\/\/arantv.az\/index.php?rest_route=%2Fwp%2Fv2%2Ftags&post=45086"}],"curies":[{"name":"wp","href":"https:\/\/api.w.org\/{rel}","templated":true}]}}