{"id":45093,"date":"2019-03-13T12:58:46","date_gmt":"2019-03-13T09:58:46","guid":{"rendered":"http:\/\/arantv.az\/?p=45093"},"modified":"2019-03-13T12:58:46","modified_gmt":"2019-03-13T09:58:46","slug":"mill%c9%99t-v%c9%99kili-bulaq-sularindan-istifad%c9%99nin-t%c9%99nziml%c9%99nm%c9%99sin%c9%99-ehtiyac-var","status":"publish","type":"post","link":"https:\/\/arantv.az\/?p=45093","title":{"rendered":"Mill\u0259t v\u0259kili: &#8220;Bulaq sular\u0131ndan istifad\u0259nin t\u0259nziml\u0259nm\u0259sin\u0259 ehtiyac var&#8221;"},"content":{"rendered":"<blockquote><p><em><strong>Bulaq sular\u0131ndan istifad\u0259nin t\u0259nziml\u0259nm\u0259sin\u0259 ehtiyac var.<\/strong><\/em><\/p><\/blockquote>\n<p><strong>ARANTV.AZ<\/strong> trend-\u0259 istinad\u0259n x\u0259b\u0259r verir ki, bunu Milli M\u0259clisin deputat\u0131 Ayd\u0131n H\u00fcseynov parlamentin Aqrar siys\u0259t komit\u0259sinin bu g\u00fcn ke\u00e7iril\u0259n iclas\u0131nda deyib.<\/p>\n<p>A.H\u00fcseynov bildirib ki, bulaq sular\u0131 sakinl\u0259r t\u0259r\u0259find\u0259n h\u0259y\u0259tl\u0259r\u0259 \u00e7\u0259kilir v\u0259 n\u0259tic\u0259d\u0259 d\u0259r\u0259l\u0259r\u0259 axan sular azal\u0131r, b\u0259z\u0259n quruyur:<\/p>\n<div id=\"AdributorNativeVideo0\" class=\"AdributorNativeVideo\"><\/div>\n<p>&#8220;Bu yolverilm\u0259zdir v\u0259 m\u00fcvafiq qanuna d\u0259yi\u015fiklikl\u0259r etm\u0259kl\u0259 bulaq sular\u0131n\u0131n t\u0259nziml\u0259nm\u0259si m\u0259s\u0259l\u0259si d\u0259 n\u0259z\u0259r\u0259 al\u0131nmal\u0131d\u0131r&#8221;.<\/p>\n","protected":false},"excerpt":{"rendered":"<p>Bulaq sular\u0131ndan istifad\u0259nin t\u0259nziml\u0259nm\u0259sin\u0259 ehtiyac var. ARANTV.AZ trend-\u0259 istinad\u0259n x\u0259b\u0259r verir ki, bunu Milli M\u0259clisin deputat\u0131 Ayd\u0131n H\u00fcseynov parlamentin Aqrar siys\u0259t komit\u0259sinin bu g\u00fcn ke\u00e7iril\u0259n iclas\u0131nda deyib. A.H\u00fcseynov bildirib ki, bulaq sular\u0131 sakinl\u0259r t\u0259r\u0259find\u0259n h\u0259y\u0259tl\u0259r\u0259 \u00e7\u0259kilir v\u0259 n\u0259tic\u0259d\u0259 d\u0259r\u0259l\u0259r\u0259 axan sular azal\u0131r, b\u0259z\u0259n quruyur: &#8220;Bu yolverilm\u0259zdir v\u0259 m\u00fcvafiq qanuna d\u0259yi\u015fiklikl\u0259r etm\u0259kl\u0259 bulaq sular\u0131n\u0131n t\u0259nziml\u0259nm\u0259si m\u0259s\u0259l\u0259si d\u0259 n\u0259z\u0259r\u0259 al\u0131nmal\u0131d\u0131r&#8221;.<\/p>\n","protected":false},"author":2,"featured_media":45094,"comment_status":"closed","ping_status":"closed","sticky":false,"template":"","format":"standard","meta":{"om_disable_all_campaigns":false,"_monsterinsights_skip_tracking":false,"_monsterinsights_sitenote_active":false,"_monsterinsights_sitenote_note":"","_monsterinsights_sitenote_category":0},"categories":[1],"tags":[],"aioseo_notices":[],"gutentor_comment":0,"rttpg_featured_image_url":{"full":["https:\/\/arantv.az\/wp-content\/uploads\/2019\/03\/738553.jpg",800,600,false],"landscape":["https:\/\/arantv.az\/wp-content\/uploads\/2019\/03\/738553.jpg",800,600,false],"portraits":["https:\/\/arantv.az\/wp-content\/uploads\/2019\/03\/738553.jpg",800,600,false],"thumbnail":["https:\/\/arantv.az\/wp-content\/uploads\/2019\/03\/738553-150x150.jpg",150,150,true],"medium":["https:\/\/arantv.az\/wp-content\/uploads\/2019\/03\/738553-300x225.jpg",300,225,true],"large":["https:\/\/arantv.az\/wp-content\/uploads\/2019\/03\/738553.jpg",640,480,false],"1536x1536":["https:\/\/arantv.az\/wp-content\/uploads\/2019\/03\/738553.jpg",800,600,false],"2048x2048":["https:\/\/arantv.az\/wp-content\/uploads\/2019\/03\/738553.jpg",800,600,false],"post-thumbnail":["https:\/\/arantv.az\/wp-content\/uploads\/2019\/03\/738553-240x172.jpg",240,172,true],"advps-thumb-one":["https:\/\/arantv.az\/wp-content\/uploads\/2019\/03\/738553.jpg",800,600,false]},"rttpg_author":{"display_name":"V\u00fcsal Rafiqo\u011flu","author_link":"https:\/\/arantv.az\/?author=2"},"rttpg_comment":0,"rttpg_category":"<a href=\"https:\/\/arantv.az\/?cat=1\" rel=\"category\">C\u0259miyy\u0259t<\/a>","rttpg_excerpt":"Bulaq sular\u0131ndan istifad\u0259nin t\u0259nziml\u0259nm\u0259sin\u0259 ehtiyac var. ARANTV.AZ trend-\u0259 istinad\u0259n x\u0259b\u0259r verir ki, bunu Milli M\u0259clisin deputat\u0131 Ayd\u0131n H\u00fcseynov parlamentin Aqrar siys\u0259t komit\u0259sinin bu g\u00fcn ke\u00e7iril\u0259n iclas\u0131nda deyib. A.H\u00fcseynov bildirib ki, bulaq sular\u0131 sakinl\u0259r t\u0259r\u0259find\u0259n h\u0259y\u0259tl\u0259r\u0259 \u00e7\u0259kilir v\u0259 n\u0259tic\u0259d\u0259 d\u0259r\u0259l\u0259r\u0259 axan sular azal\u0131r, b\u0259z\u0259n quruyur: &#8220;Bu yolverilm\u0259zdir v\u0259 m\u00fcvafiq qanuna d\u0259yi\u015fiklikl\u0259r etm\u0259kl\u0259 bulaq sular\u0131n\u0131n t\u0259nziml\u0259nm\u0259si m\u0259s\u0259l\u0259si&hellip;","_links":{"self":[{"href":"https:\/\/arantv.az\/index.php?rest_route=\/wp\/v2\/posts\/45093"}],"collection":[{"href":"https:\/\/arantv.az\/index.php?rest_route=\/wp\/v2\/posts"}],"about":[{"href":"https:\/\/arantv.az\/index.php?rest_route=\/wp\/v2\/types\/post"}],"author":[{"embeddable":true,"href":"https:\/\/arantv.az\/index.php?rest_route=\/wp\/v2\/users\/2"}],"replies":[{"embeddable":true,"href":"https:\/\/arantv.az\/index.php?rest_route=%2Fwp%2Fv2%2Fcomments&post=45093"}],"version-history":[{"count":0,"href":"https:\/\/arantv.az\/index.php?rest_route=\/wp\/v2\/posts\/45093\/revisions"}],"wp:featuredmedia":[{"embeddable":true,"href":"https:\/\/arantv.az\/index.php?rest_route=\/wp\/v2\/media\/45094"}],"wp:attachment":[{"href":"https:\/\/arantv.az\/index.php?rest_route=%2Fwp%2Fv2%2Fmedia&parent=45093"}],"wp:term":[{"taxonomy":"category","embeddable":true,"href":"https:\/\/arantv.az\/index.php?rest_route=%2Fwp%2Fv2%2Fcategories&post=45093"},{"taxonomy":"post_tag","embeddable":true,"href":"https:\/\/arantv.az\/index.php?rest_route=%2Fwp%2Fv2%2Ftags&post=45093"}],"curies":[{"name":"wp","href":"https:\/\/api.w.org\/{rel}","templated":true}]}}