{"id":451820,"date":"2022-03-15T12:36:31","date_gmt":"2022-03-15T09:36:31","guid":{"rendered":"http:\/\/arantv.az\/?p=451820"},"modified":"2022-03-15T12:36:31","modified_gmt":"2022-03-15T09:36:31","slug":"qaradag-gun%c9%99s-elektrik-stansiyasinin-tikintisin%c9%99-qoyulan-investisiyanin-d%c9%99y%c9%99ri-aciqlanib","status":"publish","type":"post","link":"https:\/\/arantv.az\/?p=451820","title":{"rendered":"Qarada\u011f G\u00fcn\u0259\u015f Elektrik Stansiyas\u0131n\u0131n tikintisin\u0259 qoyulan investisiyan\u0131n d\u0259y\u0259ri a\u00e7\u0131qlan\u0131b"},"content":{"rendered":"<p><strong>230 meqavatt g\u00fcc\u00fcnd\u0259 Qarada\u011f G\u00fcn\u0259\u015f Elektrik Stansiyas\u0131n\u0131n tikintisi layih\u0259sinin investisiya d\u0259y\u0259ri 225 milyon dollar t\u0259\u015fkil edir.<\/strong><\/p>\n<p><strong>ARANTV.AZ<\/strong> <a href=\"https:\/\/az.trend.az\/\" target=\"_blank\" rel=\"noopener\">Trend<\/a>-\u0259 istinad\u0259n bildirir ki,\u00a0bunu energetika naziri P\u0259rviz \u015eahbazov Az\u0259rbaycanda in\u015fa edil\u0259c\u0259k Qarada\u011f G\u00fcn\u0259\u015f Elektrik Stansiyas\u0131n\u0131n t\u0259m\u0259lqoyma m\u0259rasimin\u0259 h\u0259sr olunmu\u015f m\u0259tbuat konfrans\u0131nda deyib.<\/p>\n<p>Onun s\u00f6zl\u0259rin\u0259 g\u00f6r\u0259, bu v\u0259sait &#8220;Masdar&#8221; \u015firk\u0259ti (B\u018f\u018f) t\u0259r\u0259find\u0259n yerl\u0259\u015fdiril\u0259c\u0259k.<\/p>\n<p>&#8220;G\u00fcn\u0259\u015f elektrik stansiyas\u0131n\u0131n istismara verilm\u0259si Az\u0259rbaycanda elektrik enerjisi tarifl\u0259rinin artmas\u0131 v\u0259 ya azalmas\u0131na t\u0259sir g\u00f6st\u0259rm\u0259y\u0259c\u0259k&#8221;.<\/p>\n","protected":false},"excerpt":{"rendered":"<p>230 meqavatt g\u00fcc\u00fcnd\u0259 Qarada\u011f G\u00fcn\u0259\u015f Elektrik Stansiyas\u0131n\u0131n tikintisi layih\u0259sinin investisiya d\u0259y\u0259ri 225 milyon dollar t\u0259\u015fkil edir. ARANTV.AZ Trend-\u0259 istinad\u0259n bildirir ki,\u00a0bunu energetika naziri P\u0259rviz \u015eahbazov Az\u0259rbaycanda in\u015fa edil\u0259c\u0259k Qarada\u011f G\u00fcn\u0259\u015f Elektrik Stansiyas\u0131n\u0131n t\u0259m\u0259lqoyma m\u0259rasimin\u0259 h\u0259sr olunmu\u015f m\u0259tbuat konfrans\u0131nda deyib. Onun s\u00f6zl\u0259rin\u0259 g\u00f6r\u0259, bu v\u0259sait &#8220;Masdar&#8221; \u015firk\u0259ti (B\u018f\u018f) t\u0259r\u0259find\u0259n yerl\u0259\u015fdiril\u0259c\u0259k. &#8220;G\u00fcn\u0259\u015f elektrik stansiyas\u0131n\u0131n istismara verilm\u0259si Az\u0259rbaycanda elektrik enerjisi tarifl\u0259rinin artmas\u0131 v\u0259 ya azalmas\u0131na t\u0259sir g\u00f6st\u0259rm\u0259y\u0259c\u0259k&#8221;.<\/p>\n","protected":false},"author":2,"featured_media":451821,"comment_status":"closed","ping_status":"closed","sticky":false,"template":"","format":"standard","meta":{"om_disable_all_campaigns":false,"_monsterinsights_skip_tracking":false,"_monsterinsights_sitenote_active":false,"_monsterinsights_sitenote_note":"","_monsterinsights_sitenote_category":0},"categories":[19],"tags":[],"aioseo_notices":[],"gutentor_comment":0,"rttpg_featured_image_url":{"full":["https:\/\/arantv.az\/wp-content\/uploads\/2022\/03\/1027286.jpg",800,600,false],"landscape":["https:\/\/arantv.az\/wp-content\/uploads\/2022\/03\/1027286.jpg",800,600,false],"portraits":["https:\/\/arantv.az\/wp-content\/uploads\/2022\/03\/1027286.jpg",800,600,false],"thumbnail":["https:\/\/arantv.az\/wp-content\/uploads\/2022\/03\/1027286-500x280.jpg",500,280,true],"medium":["https:\/\/arantv.az\/wp-content\/uploads\/2022\/03\/1027286-487x365.jpg",487,365,true],"large":["https:\/\/arantv.az\/wp-content\/uploads\/2022\/03\/1027286.jpg",640,480,false],"1536x1536":["https:\/\/arantv.az\/wp-content\/uploads\/2022\/03\/1027286.jpg",800,600,false],"2048x2048":["https:\/\/arantv.az\/wp-content\/uploads\/2022\/03\/1027286.jpg",800,600,false],"post-thumbnail":["https:\/\/arantv.az\/wp-content\/uploads\/2022\/03\/1027286-240x172.jpg",240,172,true],"advps-thumb-one":["https:\/\/arantv.az\/wp-content\/uploads\/2022\/03\/1027286.jpg",800,600,false]},"rttpg_author":{"display_name":"V\u00fcsal Rafiqo\u011flu","author_link":"https:\/\/arantv.az\/?author=2"},"rttpg_comment":0,"rttpg_category":"<a href=\"https:\/\/arantv.az\/?cat=19\" rel=\"category\">G\u00fcnd\u0259m<\/a>","rttpg_excerpt":"230 meqavatt g\u00fcc\u00fcnd\u0259 Qarada\u011f G\u00fcn\u0259\u015f Elektrik Stansiyas\u0131n\u0131n tikintisi layih\u0259sinin investisiya d\u0259y\u0259ri 225 milyon dollar t\u0259\u015fkil edir. ARANTV.AZ Trend-\u0259 istinad\u0259n bildirir ki,\u00a0bunu energetika naziri P\u0259rviz \u015eahbazov Az\u0259rbaycanda in\u015fa edil\u0259c\u0259k Qarada\u011f G\u00fcn\u0259\u015f Elektrik Stansiyas\u0131n\u0131n t\u0259m\u0259lqoyma m\u0259rasimin\u0259 h\u0259sr olunmu\u015f m\u0259tbuat konfrans\u0131nda deyib. Onun s\u00f6zl\u0259rin\u0259 g\u00f6r\u0259, bu v\u0259sait &#8220;Masdar&#8221; \u015firk\u0259ti (B\u018f\u018f) t\u0259r\u0259find\u0259n yerl\u0259\u015fdiril\u0259c\u0259k. &#8220;G\u00fcn\u0259\u015f elektrik stansiyas\u0131n\u0131n istismara verilm\u0259si Az\u0259rbaycanda&hellip;","_links":{"self":[{"href":"https:\/\/arantv.az\/index.php?rest_route=\/wp\/v2\/posts\/451820"}],"collection":[{"href":"https:\/\/arantv.az\/index.php?rest_route=\/wp\/v2\/posts"}],"about":[{"href":"https:\/\/arantv.az\/index.php?rest_route=\/wp\/v2\/types\/post"}],"author":[{"embeddable":true,"href":"https:\/\/arantv.az\/index.php?rest_route=\/wp\/v2\/users\/2"}],"replies":[{"embeddable":true,"href":"https:\/\/arantv.az\/index.php?rest_route=%2Fwp%2Fv2%2Fcomments&post=451820"}],"version-history":[{"count":0,"href":"https:\/\/arantv.az\/index.php?rest_route=\/wp\/v2\/posts\/451820\/revisions"}],"wp:featuredmedia":[{"embeddable":true,"href":"https:\/\/arantv.az\/index.php?rest_route=\/wp\/v2\/media\/451821"}],"wp:attachment":[{"href":"https:\/\/arantv.az\/index.php?rest_route=%2Fwp%2Fv2%2Fmedia&parent=451820"}],"wp:term":[{"taxonomy":"category","embeddable":true,"href":"https:\/\/arantv.az\/index.php?rest_route=%2Fwp%2Fv2%2Fcategories&post=451820"},{"taxonomy":"post_tag","embeddable":true,"href":"https:\/\/arantv.az\/index.php?rest_route=%2Fwp%2Fv2%2Ftags&post=451820"}],"curies":[{"name":"wp","href":"https:\/\/api.w.org\/{rel}","templated":true}]}}