{"id":451823,"date":"2022-03-15T12:43:18","date_gmt":"2022-03-15T09:43:18","guid":{"rendered":"http:\/\/arantv.az\/?p=451823"},"modified":"2022-03-15T12:43:18","modified_gmt":"2022-03-15T09:43:18","slug":"fikr%c9%99t-%c9%99mirovun-100-illik-yubileyi-qeyd-edil%c9%99c%c9%99k-s%c9%99r%c9%99ncam","status":"publish","type":"post","link":"https:\/\/arantv.az\/?p=451823","title":{"rendered":"Fikr\u0259t \u018fmirovun 100 illik yubileyi qeyd edil\u0259c\u0259k &#8211; S\u018fR\u018fNCAM"},"content":{"rendered":"<p><strong>Prezident \u0130lham \u018fliyev Fikr\u0259t \u018fmirovun 100 illik yubileyinin qeyd edilm\u0259si haqq\u0131nda S\u0259r\u0259ncam imzalay\u0131b.<\/strong><\/p>\n<p><strong>ARANTV.AZ\u00a0<\/strong> <a href=\"http:\/\/azertag.az\/\" target=\"_blank\" rel=\"noopener\">AZ\u018fRTAC<\/a>-a istinad\u0259n bildirir ki, S\u0259r\u0259ncamda deyilir:<\/p>\n<p>2022-ci ilin noyabr ay\u0131nda g\u00f6rk\u0259mli b\u0259st\u0259kar, tan\u0131nm\u0131\u015f ictimai xadim, SSR\u0130 v\u0259 Az\u0259rbaycan Respublikas\u0131n\u0131n Xalq artisti, Sosialist \u018fm\u0259yi Q\u0259hr\u0259man\u0131, SSR\u0130 v\u0259 Az\u0259rbaycan Respublikas\u0131n\u0131n D\u00f6vl\u0259t m\u00fckafatlar\u0131 laureat\u0131, Az\u0259rbaycan Respublikas\u0131 Elml\u0259r Akademiyas\u0131n\u0131n m\u00fcxbir \u00fczv\u00fc Fikr\u0259t M\u0259\u015f\u0259di C\u0259mil o\u011flu \u018fmirovun anadan olmas\u0131n\u0131n 100 ili tamam olur.<\/p>\n<p>Az\u0259rbaycan b\u0259st\u0259karl\u0131q m\u0259kt\u0259binin b\u00f6y\u00fck n\u00fcmay\u0259nd\u0259si, simfonik mu\u011fam janr\u0131n\u0131n banisi Fikr\u0259t \u018fmirov r\u0259ngar\u0259ng yarad\u0131c\u0131l\u0131q palitras\u0131na malik q\u00fcdr\u0259tli s\u0259n\u0259tkar kimi m\u0259d\u0259ni s\u0259rv\u0259tl\u0259r x\u0259zin\u0259miz\u0259 misilsiz t\u00f6hf\u0259l\u0259r b\u0259x\u015f etmi\u015fdir. G\u00fcc\u00fcn\u00fc do\u011fma torpaqdan alan, milli z\u0259min\u0259 ba\u011fl\u0131 b\u0259st\u0259kar ecazkar xalq musiqisi v\u0259 mu\u011fam \u0259n\u0259n\u0259l\u0259rini m\u00fcasir musiqi texnikas\u0131 il\u0259 u\u011furlu \u015f\u0259kild\u0259 birl\u0259\u015fdir\u0259r\u0259k, ne\u00e7\u0259-ne\u00e7\u0259 d\u0259y\u0259rli opera, balet, simfoniya, mahn\u0131, romans v\u0259 kamera-instrumental \u0259s\u0259r meydana g\u0259tirmi\u015fdir. Fikr\u0259t \u018fmirovun \u00fcslubuna xas lirik-romantik boyalar\u0131n b\u00fct\u00fcn \u0259lvanl\u0131\u011f\u0131 il\u0259 \u00f6z \u0259ksini tapd\u0131\u011f\u0131 bu m\u00fcxt\u0259lif janrl\u0131 s\u0259n\u0259t n\u00fcmun\u0259l\u0259rind\u0259 milli ruh, f\u0259ls\u0259fi-psixoloji d\u0259rinlik v\u0259 melodik g\u00f6z\u0259llik hakimdir. H\u0259min \u0259s\u0259rl\u0259r d\u00fcnyan\u0131n bir s\u0131ra \u00f6lk\u0259l\u0259rind\u0259ki m\u00f6t\u0259b\u0259r konsert salonlar\u0131nda m\u0259\u015fhur orkestrl\u0259rin ifas\u0131nda m\u00fcv\u0259ff\u0259qiyy\u0259tl\u0259 s\u0259sl\u0259nmi\u015f v\u0259 m\u00fc\u0259llifin\u0259 geni\u015f co\u011frafiyada \u015f\u00f6hr\u0259t qazand\u0131rm\u0131\u015fd\u0131r. Y\u00fcz illiyinin UNESCO-nun<\/p>\n<p>2022-2023-c\u00fc ill\u0259r \u00fczr\u0259 g\u00f6rk\u0259mli \u015f\u0259xsiyy\u0259tl\u0259rin v\u0259 \u0259lam\u0259tdar hadis\u0259l\u0259rin yubileyl\u0259ri proqram\u0131na daxil edilm\u0259si Fikr\u0259t \u018fmirov s\u0259n\u0259tin\u0259 beyn\u0259lxalq miqyasda y\u00fcks\u0259k qiym\u0259t verilm\u0259sinin t\u0259zah\u00fcr\u00fcd\u00fcr. Fikr\u0259t \u018fmirovun v\u0259t\u0259np\u0259rv\u0259rliy\u0259 s\u0259sl\u0259y\u0259n, daim m\u0259n\u0259vi z\u0259nginlik a\u015f\u0131layan v\u0259 b\u0259\u015f\u0259ri ideallar t\u0259r\u0259nn\u00fcm ed\u0259n, nailiyy\u0259tl\u0259rl\u0259 z\u0259ngin irsi Az\u0259rbaycan musiqi s\u0259n\u0259ti salnam\u0259sinin \u0259n parlaq s\u0259hif\u0259l\u0259rind\u0259ndir.<\/p>\n<p>S\u0259r\u0259ncamda qeyd edilir ki, Az\u0259rbaycan musiqi m\u0259d\u0259niyy\u0259tinin inki\u015faf\u0131nda x\u00fcsusi xidm\u0259tl\u0259ri olan g\u00f6rk\u0259mli b\u0259st\u0259kar Fikr\u0259t \u018fmirovun 100 illik yubileyinin ke\u00e7irilm\u0259sini t\u0259min etm\u0259k m\u0259qs\u0259dil\u0259 M\u0259d\u0259niyy\u0259t Nazirliyi, Az\u0259rbaycan B\u0259st\u0259karlar \u0130ttifaq\u0131n\u0131n t\u0259klifl\u0259rini n\u0259z\u0259r\u0259 almaqla, Fikr\u0259t \u018fmirovun 100 illik yubileyin\u0259 dair t\u0259dbirl\u0259r plan\u0131 haz\u0131rlay\u0131b h\u0259yata ke\u00e7irsin.<\/p>\n<p>Nazirl\u0259r Kabinetin\u0259 tap\u015f\u0131r\u0131l\u0131r ki, bu S\u0259r\u0259ncamdan ir\u0259li g\u0259l\u0259n m\u0259s\u0259l\u0259l\u0259ri h\u0259ll etsin.<\/p>\n","protected":false},"excerpt":{"rendered":"<p>Prezident \u0130lham \u018fliyev Fikr\u0259t \u018fmirovun 100 illik yubileyinin qeyd edilm\u0259si haqq\u0131nda S\u0259r\u0259ncam imzalay\u0131b. ARANTV.AZ\u00a0 AZ\u018fRTAC-a istinad\u0259n bildirir ki, S\u0259r\u0259ncamda deyilir: 2022-ci ilin noyabr ay\u0131nda g\u00f6rk\u0259mli b\u0259st\u0259kar, tan\u0131nm\u0131\u015f ictimai xadim, SSR\u0130 v\u0259 Az\u0259rbaycan Respublikas\u0131n\u0131n Xalq artisti, Sosialist \u018fm\u0259yi Q\u0259hr\u0259man\u0131, SSR\u0130 v\u0259 Az\u0259rbaycan Respublikas\u0131n\u0131n D\u00f6vl\u0259t m\u00fckafatlar\u0131 laureat\u0131, Az\u0259rbaycan Respublikas\u0131 Elml\u0259r Akademiyas\u0131n\u0131n m\u00fcxbir \u00fczv\u00fc Fikr\u0259t M\u0259\u015f\u0259di C\u0259mil o\u011flu \u018fmirovun anadan olmas\u0131n\u0131n 100 ili tamam olur. Az\u0259rbaycan b\u0259st\u0259karl\u0131q m\u0259kt\u0259binin b\u00f6y\u00fck n\u00fcmay\u0259nd\u0259si, simfonik mu\u011fam janr\u0131n\u0131n banisi Fikr\u0259t \u018fmirov r\u0259ngar\u0259ng yarad\u0131c\u0131l\u0131q palitras\u0131na malik q\u00fcdr\u0259tli s\u0259n\u0259tkar kimi m\u0259d\u0259ni s\u0259rv\u0259tl\u0259r x\u0259zin\u0259miz\u0259 misilsiz t\u00f6hf\u0259l\u0259r b\u0259x\u015f etmi\u015fdir. G\u00fcc\u00fcn\u00fc do\u011fma torpaqdan&hellip;<\/p>\n","protected":false},"author":2,"featured_media":451824,"comment_status":"closed","ping_status":"closed","sticky":false,"template":"","format":"standard","meta":{"om_disable_all_campaigns":false,"_monsterinsights_skip_tracking":false,"_monsterinsights_sitenote_active":false,"_monsterinsights_sitenote_note":"","_monsterinsights_sitenote_category":0},"categories":[4],"tags":[],"aioseo_notices":[],"gutentor_comment":0,"rttpg_featured_image_url":{"full":["https:\/\/arantv.az\/wp-content\/uploads\/2022\/03\/ilham_aliyev_2020_51-4.jpg",800,600,false],"landscape":["https:\/\/arantv.az\/wp-content\/uploads\/2022\/03\/ilham_aliyev_2020_51-4.jpg",800,600,false],"portraits":["https:\/\/arantv.az\/wp-content\/uploads\/2022\/03\/ilham_aliyev_2020_51-4.jpg",800,600,false],"thumbnail":["https:\/\/arantv.az\/wp-content\/uploads\/2022\/03\/ilham_aliyev_2020_51-4-500x280.jpg",500,280,true],"medium":["https:\/\/arantv.az\/wp-content\/uploads\/2022\/03\/ilham_aliyev_2020_51-4-487x365.jpg",487,365,true],"large":["https:\/\/arantv.az\/wp-content\/uploads\/2022\/03\/ilham_aliyev_2020_51-4.jpg",640,480,false],"1536x1536":["https:\/\/arantv.az\/wp-content\/uploads\/2022\/03\/ilham_aliyev_2020_51-4.jpg",800,600,false],"2048x2048":["https:\/\/arantv.az\/wp-content\/uploads\/2022\/03\/ilham_aliyev_2020_51-4.jpg",800,600,false],"post-thumbnail":["https:\/\/arantv.az\/wp-content\/uploads\/2022\/03\/ilham_aliyev_2020_51-4-240x172.jpg",240,172,true],"advps-thumb-one":["https:\/\/arantv.az\/wp-content\/uploads\/2022\/03\/ilham_aliyev_2020_51-4.jpg",800,600,false]},"rttpg_author":{"display_name":"V\u00fcsal Rafiqo\u011flu","author_link":"https:\/\/arantv.az\/?author=2"},"rttpg_comment":0,"rttpg_category":"<a href=\"https:\/\/arantv.az\/?cat=4\" rel=\"category\">Siyas\u0259t<\/a>","rttpg_excerpt":"Prezident \u0130lham \u018fliyev Fikr\u0259t \u018fmirovun 100 illik yubileyinin qeyd edilm\u0259si haqq\u0131nda S\u0259r\u0259ncam imzalay\u0131b. ARANTV.AZ\u00a0 AZ\u018fRTAC-a istinad\u0259n bildirir ki, S\u0259r\u0259ncamda deyilir: 2022-ci ilin noyabr ay\u0131nda g\u00f6rk\u0259mli b\u0259st\u0259kar, tan\u0131nm\u0131\u015f ictimai xadim, SSR\u0130 v\u0259 Az\u0259rbaycan Respublikas\u0131n\u0131n Xalq artisti, Sosialist \u018fm\u0259yi Q\u0259hr\u0259man\u0131, SSR\u0130 v\u0259 Az\u0259rbaycan Respublikas\u0131n\u0131n D\u00f6vl\u0259t m\u00fckafatlar\u0131 laureat\u0131, Az\u0259rbaycan Respublikas\u0131 Elml\u0259r Akademiyas\u0131n\u0131n m\u00fcxbir \u00fczv\u00fc Fikr\u0259t M\u0259\u015f\u0259di C\u0259mil o\u011flu&hellip;","_links":{"self":[{"href":"https:\/\/arantv.az\/index.php?rest_route=\/wp\/v2\/posts\/451823"}],"collection":[{"href":"https:\/\/arantv.az\/index.php?rest_route=\/wp\/v2\/posts"}],"about":[{"href":"https:\/\/arantv.az\/index.php?rest_route=\/wp\/v2\/types\/post"}],"author":[{"embeddable":true,"href":"https:\/\/arantv.az\/index.php?rest_route=\/wp\/v2\/users\/2"}],"replies":[{"embeddable":true,"href":"https:\/\/arantv.az\/index.php?rest_route=%2Fwp%2Fv2%2Fcomments&post=451823"}],"version-history":[{"count":0,"href":"https:\/\/arantv.az\/index.php?rest_route=\/wp\/v2\/posts\/451823\/revisions"}],"wp:featuredmedia":[{"embeddable":true,"href":"https:\/\/arantv.az\/index.php?rest_route=\/wp\/v2\/media\/451824"}],"wp:attachment":[{"href":"https:\/\/arantv.az\/index.php?rest_route=%2Fwp%2Fv2%2Fmedia&parent=451823"}],"wp:term":[{"taxonomy":"category","embeddable":true,"href":"https:\/\/arantv.az\/index.php?rest_route=%2Fwp%2Fv2%2Fcategories&post=451823"},{"taxonomy":"post_tag","embeddable":true,"href":"https:\/\/arantv.az\/index.php?rest_route=%2Fwp%2Fv2%2Ftags&post=451823"}],"curies":[{"name":"wp","href":"https:\/\/api.w.org\/{rel}","templated":true}]}}