{"id":451826,"date":"2022-03-15T12:46:14","date_gmt":"2022-03-15T09:46:14","guid":{"rendered":"http:\/\/arantv.az\/?p=451826"},"modified":"2022-03-15T12:46:14","modified_gmt":"2022-03-15T09:46:14","slug":"azov-xususi-t%c9%99yinatlilari-rusiyali-general-mayoru-oldurdukl%c9%99rini-aciqladilar","status":"publish","type":"post","link":"https:\/\/arantv.az\/?p=451826","title":{"rendered":"\u201cAzov\u201d x\u00fcsusi t\u0259yinatl\u0131lar\u0131 rusiyal\u0131 general-mayoru \u00f6ld\u00fcrd\u00fckl\u0259rini a\u00e7\u0131qlad\u0131lar"},"content":{"rendered":"<p>Ukrayna ordusunun x\u00fcsusi t\u0259yinatl\u0131 \u201cAzov\u201d d\u0259st\u0259si Rusiya Silahl\u0131 Q\u00fcvv\u0259l\u0259rinin general-mayorunu \u00f6ld\u00fcrd\u00fcy\u00fcn\u00fc a\u00e7\u0131qlay\u0131b.<\/p>\n<div class=\"AdviadNativeVideo\"><\/div>\n<p>Bu bar\u0259d\u0259 d\u0259st\u0259nin \u201cTelegram\u201d kanal\u0131nda m\u0259lumat yay\u0131l\u0131b.<\/p>\n<p>\u201cAzov\u201d i\u015f\u011fal\u00e7\u0131 qo\u015funlar\u0131n general-mayorunu m\u0259hv edib. Bizim \u00fcz\u0259rimiz\u0259 q\u0131l\u0131ncla g\u0259l\u0259n\u00a0q\u0131l\u0131ncla\u00a0\u00f6ld\u00fcr\u00fcl\u0259c\u0259k. Ya\u015fas\u0131n Ukrayna!\u201d\u00a0&#8211; dey\u0259 d\u0259st\u0259nin sosial \u015f\u0259b\u0259k\u0259 hesab\u0131nda qeyd olunub.<\/p>\n","protected":false},"excerpt":{"rendered":"<p>Ukrayna ordusunun x\u00fcsusi t\u0259yinatl\u0131 \u201cAzov\u201d d\u0259st\u0259si Rusiya Silahl\u0131 Q\u00fcvv\u0259l\u0259rinin general-mayorunu \u00f6ld\u00fcrd\u00fcy\u00fcn\u00fc a\u00e7\u0131qlay\u0131b. Bu bar\u0259d\u0259 d\u0259st\u0259nin \u201cTelegram\u201d kanal\u0131nda m\u0259lumat yay\u0131l\u0131b. \u201cAzov\u201d i\u015f\u011fal\u00e7\u0131 qo\u015funlar\u0131n general-mayorunu m\u0259hv edib. Bizim \u00fcz\u0259rimiz\u0259 q\u0131l\u0131ncla g\u0259l\u0259n\u00a0q\u0131l\u0131ncla\u00a0\u00f6ld\u00fcr\u00fcl\u0259c\u0259k. Ya\u015fas\u0131n Ukrayna!\u201d\u00a0&#8211; dey\u0259 d\u0259st\u0259nin sosial \u015f\u0259b\u0259k\u0259 hesab\u0131nda qeyd olunub.<\/p>\n","protected":false},"author":2,"featured_media":451827,"comment_status":"closed","ping_status":"closed","sticky":false,"template":"","format":"standard","meta":{"om_disable_all_campaigns":false,"_monsterinsights_skip_tracking":false,"_monsterinsights_sitenote_active":false,"_monsterinsights_sitenote_note":"","_monsterinsights_sitenote_category":0},"categories":[7],"tags":[],"aioseo_notices":[],"gutentor_comment":0,"rttpg_featured_image_url":{"full":["https:\/\/arantv.az\/wp-content\/uploads\/2022\/03\/FotoJet-2022-03-15T131949.276.jpg",620,413,false],"landscape":["https:\/\/arantv.az\/wp-content\/uploads\/2022\/03\/FotoJet-2022-03-15T131949.276.jpg",620,413,false],"portraits":["https:\/\/arantv.az\/wp-content\/uploads\/2022\/03\/FotoJet-2022-03-15T131949.276.jpg",620,413,false],"thumbnail":["https:\/\/arantv.az\/wp-content\/uploads\/2022\/03\/FotoJet-2022-03-15T131949.276-500x280.jpg",500,280,true],"medium":["https:\/\/arantv.az\/wp-content\/uploads\/2022\/03\/FotoJet-2022-03-15T131949.276-548x365.jpg",548,365,true],"large":["https:\/\/arantv.az\/wp-content\/uploads\/2022\/03\/FotoJet-2022-03-15T131949.276.jpg",620,413,false],"1536x1536":["https:\/\/arantv.az\/wp-content\/uploads\/2022\/03\/FotoJet-2022-03-15T131949.276.jpg",620,413,false],"2048x2048":["https:\/\/arantv.az\/wp-content\/uploads\/2022\/03\/FotoJet-2022-03-15T131949.276.jpg",620,413,false],"post-thumbnail":["https:\/\/arantv.az\/wp-content\/uploads\/2022\/03\/FotoJet-2022-03-15T131949.276-240x172.jpg",240,172,true],"advps-thumb-one":["https:\/\/arantv.az\/wp-content\/uploads\/2022\/03\/FotoJet-2022-03-15T131949.276.jpg",620,413,false]},"rttpg_author":{"display_name":"V\u00fcsal Rafiqo\u011flu","author_link":"https:\/\/arantv.az\/?author=2"},"rttpg_comment":0,"rttpg_category":"<a href=\"https:\/\/arantv.az\/?cat=7\" rel=\"category\">D\u00fcnya<\/a>","rttpg_excerpt":"Ukrayna ordusunun x\u00fcsusi t\u0259yinatl\u0131 \u201cAzov\u201d d\u0259st\u0259si Rusiya Silahl\u0131 Q\u00fcvv\u0259l\u0259rinin general-mayorunu \u00f6ld\u00fcrd\u00fcy\u00fcn\u00fc a\u00e7\u0131qlay\u0131b. Bu bar\u0259d\u0259 d\u0259st\u0259nin \u201cTelegram\u201d kanal\u0131nda m\u0259lumat yay\u0131l\u0131b. \u201cAzov\u201d i\u015f\u011fal\u00e7\u0131 qo\u015funlar\u0131n general-mayorunu m\u0259hv edib. Bizim \u00fcz\u0259rimiz\u0259 q\u0131l\u0131ncla g\u0259l\u0259n\u00a0q\u0131l\u0131ncla\u00a0\u00f6ld\u00fcr\u00fcl\u0259c\u0259k. Ya\u015fas\u0131n Ukrayna!\u201d\u00a0&#8211; dey\u0259 d\u0259st\u0259nin sosial \u015f\u0259b\u0259k\u0259 hesab\u0131nda qeyd olunub.","_links":{"self":[{"href":"https:\/\/arantv.az\/index.php?rest_route=\/wp\/v2\/posts\/451826"}],"collection":[{"href":"https:\/\/arantv.az\/index.php?rest_route=\/wp\/v2\/posts"}],"about":[{"href":"https:\/\/arantv.az\/index.php?rest_route=\/wp\/v2\/types\/post"}],"author":[{"embeddable":true,"href":"https:\/\/arantv.az\/index.php?rest_route=\/wp\/v2\/users\/2"}],"replies":[{"embeddable":true,"href":"https:\/\/arantv.az\/index.php?rest_route=%2Fwp%2Fv2%2Fcomments&post=451826"}],"version-history":[{"count":0,"href":"https:\/\/arantv.az\/index.php?rest_route=\/wp\/v2\/posts\/451826\/revisions"}],"wp:featuredmedia":[{"embeddable":true,"href":"https:\/\/arantv.az\/index.php?rest_route=\/wp\/v2\/media\/451827"}],"wp:attachment":[{"href":"https:\/\/arantv.az\/index.php?rest_route=%2Fwp%2Fv2%2Fmedia&parent=451826"}],"wp:term":[{"taxonomy":"category","embeddable":true,"href":"https:\/\/arantv.az\/index.php?rest_route=%2Fwp%2Fv2%2Fcategories&post=451826"},{"taxonomy":"post_tag","embeddable":true,"href":"https:\/\/arantv.az\/index.php?rest_route=%2Fwp%2Fv2%2Ftags&post=451826"}],"curies":[{"name":"wp","href":"https:\/\/api.w.org\/{rel}","templated":true}]}}