{"id":451833,"date":"2022-03-15T12:57:56","date_gmt":"2022-03-15T09:57:56","guid":{"rendered":"http:\/\/arantv.az\/?p=451833"},"modified":"2022-03-15T12:57:56","modified_gmt":"2022-03-15T09:57:56","slug":"turkiy%c9%99d%c9%99ki-az%c9%99rbaycanli-usaqlarin-t%c9%99hsil-almasi-istiqam%c9%99tind%c9%99-addimlar-atilir-video","status":"publish","type":"post","link":"https:\/\/arantv.az\/?p=451833","title":{"rendered":"T\u00fcrkiy\u0259d\u0259ki az\u0259rbaycanl\u0131 u\u015faqlar\u0131n t\u0259hsil almas\u0131 istiqam\u0259tind\u0259 add\u0131mlar at\u0131l\u0131r &#8211; V\u0130DEO"},"content":{"rendered":"<article class=\"news\">\n<div class=\"news-inner\">\n<p>T\u00fcrkiy\u0259d\u0259 s\u0259n\u0259dsiz v\u0259 qeydiyyats\u0131z ya\u015fayan soyda\u015flar\u0131m\u0131z\u0131n \u00f6vladlar\u0131n\u0131n t\u0259hsil almas\u0131 m\u0259s\u0259l\u0259si d\u00f6vl\u0259timizin diqq\u0259t m\u0259rk\u0259zind\u0259dir.<\/p>\n<div class=\"AdviadNativeVideo\"><\/div>\n<p>Diasporla \u0130\u015f \u00fczr\u0259 D\u00f6vl\u0259t Komit\u0259sind\u0259n veril\u0259n m\u0259lumata g\u00f6r\u0259, az\u0259rbaycanl\u0131 u\u015faqlar\u0131n t\u0259hsil almas\u0131 v\u0259 attestatla t\u0259min edilm\u0259si m\u0259qs\u0259dil\u0259 sosial layih\u0259 \u0259sas\u0131nda T\u00fcrkiy\u0259d\u0259 m\u0259kt\u0259bl\u0259r f\u0259aliyy\u0259t g\u00f6st\u0259rir. Bu m\u0259kt\u0259bl\u0259rd\u0259n biri Heyd\u0259r \u018fliyev ad\u0131na Az\u0259rbaycan m\u0259kt\u0259bi, dig\u0259ri is\u0259 M\u00fcbariz \u0130brahimov ad\u0131na Az\u0259rbaycan m\u0259kt\u0259bidir. Bu m\u0259kt\u0259bl\u0259rd\u0259 8 illik t\u0259hsil alan yeniyetm\u0259l\u0259rimizin savads\u0131zl\u0131q problemi aradan qald\u0131r\u0131l\u0131r, h\u0259m\u00e7inin onlar\u0131n Az\u0259rbaycanda t\u0259hsill\u0259rini davam etdir\u0259 v\u0259 attestat ala bilm\u0259si imkan\u0131 yaran\u0131r.<\/p>\n<p>Diasporla \u0130\u015f \u00fczr\u0259 D\u00f6vl\u0259t Komit\u0259si h\u0259min m\u0259kt\u0259bl\u0259rin f\u0259aliyy\u0259tin\u0259 d\u0259st\u0259k g\u00f6st\u0259rir v\u0259 az\u0259rbaycanl\u0131 u\u015faqlar\u0131n t\u0259hsil almas\u0131 v\u0259 probleml\u0259rinin h\u0259lli istiqam\u0259tind\u0259 \u00f6n\u0259mli add\u0131mlar at\u0131r.<\/p>\n<p>Bu yax\u0131nlarda Komit\u0259nin internet televiziyas\u0131 olan Diaspor TV-nin \u201cV\u0259t\u0259n uzaqda deyil\u201d proqram\u0131n\u0131n \u00e7\u0259kili\u015f qrupu h\u0259r iki m\u0259kt\u0259bd\u0259 olub. Proqramda m\u0259kt\u0259bl\u0259rin probleml\u0259rin\u0259, texniki imkanlar\u0131na ayd\u0131nl\u0131q g\u0259tirilib, m\u00fc\u0259llim-\u015fagird hey\u0259tinin t\u0259hsil imkanlar\u0131n\u0131n geni\u015fl\u0259ndirilm\u0259si il\u0259 \u0259laq\u0259dar ist\u0259k, arzu v\u0259 t\u0259klifl\u0259ri s\u0259sl\u0259ndirilib.<\/p>\n<p>Proqram\u0131n h\u0259min burax\u0131l\u0131\u015f\u0131n\u0131 t\u0259qdim edirik:<\/p>\n<div><iframe loading=\"lazy\" title=\"YouTube video player\" src=\"https:\/\/www.youtube.com\/embed\/Tlu7tvpCJQw\" width=\"560\" height=\"315\" frameborder=\"0\" allowfullscreen=\"allowfullscreen\" data-mce-fragment=\"1\"><\/iframe><\/div>\n<\/div>\n<\/article>\n","protected":false},"excerpt":{"rendered":"<p>T\u00fcrkiy\u0259d\u0259 s\u0259n\u0259dsiz v\u0259 qeydiyyats\u0131z ya\u015fayan soyda\u015flar\u0131m\u0131z\u0131n \u00f6vladlar\u0131n\u0131n t\u0259hsil almas\u0131 m\u0259s\u0259l\u0259si d\u00f6vl\u0259timizin diqq\u0259t m\u0259rk\u0259zind\u0259dir. Diasporla \u0130\u015f \u00fczr\u0259 D\u00f6vl\u0259t Komit\u0259sind\u0259n veril\u0259n m\u0259lumata g\u00f6r\u0259, az\u0259rbaycanl\u0131 u\u015faqlar\u0131n t\u0259hsil almas\u0131 v\u0259 attestatla t\u0259min edilm\u0259si m\u0259qs\u0259dil\u0259 sosial layih\u0259 \u0259sas\u0131nda T\u00fcrkiy\u0259d\u0259 m\u0259kt\u0259bl\u0259r f\u0259aliyy\u0259t g\u00f6st\u0259rir. Bu m\u0259kt\u0259bl\u0259rd\u0259n biri Heyd\u0259r \u018fliyev ad\u0131na Az\u0259rbaycan m\u0259kt\u0259bi, dig\u0259ri is\u0259 M\u00fcbariz \u0130brahimov ad\u0131na Az\u0259rbaycan m\u0259kt\u0259bidir. Bu m\u0259kt\u0259bl\u0259rd\u0259 8 illik t\u0259hsil alan yeniyetm\u0259l\u0259rimizin savads\u0131zl\u0131q problemi aradan qald\u0131r\u0131l\u0131r, h\u0259m\u00e7inin onlar\u0131n Az\u0259rbaycanda t\u0259hsill\u0259rini davam etdir\u0259 v\u0259 attestat ala bilm\u0259si imkan\u0131 yaran\u0131r. Diasporla \u0130\u015f \u00fczr\u0259 D\u00f6vl\u0259t Komit\u0259si h\u0259min m\u0259kt\u0259bl\u0259rin f\u0259aliyy\u0259tin\u0259 d\u0259st\u0259k g\u00f6st\u0259rir v\u0259 az\u0259rbaycanl\u0131 u\u015faqlar\u0131n t\u0259hsil almas\u0131&hellip;<\/p>\n","protected":false},"author":2,"featured_media":451834,"comment_status":"closed","ping_status":"closed","sticky":false,"template":"","format":"standard","meta":{"om_disable_all_campaigns":false,"_monsterinsights_skip_tracking":false,"_monsterinsights_sitenote_active":false,"_monsterinsights_sitenote_note":"","_monsterinsights_sitenote_category":0},"categories":[1],"tags":[],"aioseo_notices":[],"gutentor_comment":0,"rttpg_featured_image_url":{"full":["https:\/\/arantv.az\/wp-content\/uploads\/2022\/03\/03f6407b-cf29-457b-b2e0-707662cecf74.jpg",620,413,false],"landscape":["https:\/\/arantv.az\/wp-content\/uploads\/2022\/03\/03f6407b-cf29-457b-b2e0-707662cecf74.jpg",620,413,false],"portraits":["https:\/\/arantv.az\/wp-content\/uploads\/2022\/03\/03f6407b-cf29-457b-b2e0-707662cecf74.jpg",620,413,false],"thumbnail":["https:\/\/arantv.az\/wp-content\/uploads\/2022\/03\/03f6407b-cf29-457b-b2e0-707662cecf74-500x280.jpg",500,280,true],"medium":["https:\/\/arantv.az\/wp-content\/uploads\/2022\/03\/03f6407b-cf29-457b-b2e0-707662cecf74-548x365.jpg",548,365,true],"large":["https:\/\/arantv.az\/wp-content\/uploads\/2022\/03\/03f6407b-cf29-457b-b2e0-707662cecf74.jpg",620,413,false],"1536x1536":["https:\/\/arantv.az\/wp-content\/uploads\/2022\/03\/03f6407b-cf29-457b-b2e0-707662cecf74.jpg",620,413,false],"2048x2048":["https:\/\/arantv.az\/wp-content\/uploads\/2022\/03\/03f6407b-cf29-457b-b2e0-707662cecf74.jpg",620,413,false],"post-thumbnail":["https:\/\/arantv.az\/wp-content\/uploads\/2022\/03\/03f6407b-cf29-457b-b2e0-707662cecf74-240x172.jpg",240,172,true],"advps-thumb-one":["https:\/\/arantv.az\/wp-content\/uploads\/2022\/03\/03f6407b-cf29-457b-b2e0-707662cecf74.jpg",620,413,false]},"rttpg_author":{"display_name":"V\u00fcsal Rafiqo\u011flu","author_link":"https:\/\/arantv.az\/?author=2"},"rttpg_comment":0,"rttpg_category":"<a href=\"https:\/\/arantv.az\/?cat=1\" rel=\"category\">C\u0259miyy\u0259t<\/a>","rttpg_excerpt":"T\u00fcrkiy\u0259d\u0259 s\u0259n\u0259dsiz v\u0259 qeydiyyats\u0131z ya\u015fayan soyda\u015flar\u0131m\u0131z\u0131n \u00f6vladlar\u0131n\u0131n t\u0259hsil almas\u0131 m\u0259s\u0259l\u0259si d\u00f6vl\u0259timizin diqq\u0259t m\u0259rk\u0259zind\u0259dir. Diasporla \u0130\u015f \u00fczr\u0259 D\u00f6vl\u0259t Komit\u0259sind\u0259n veril\u0259n m\u0259lumata g\u00f6r\u0259, az\u0259rbaycanl\u0131 u\u015faqlar\u0131n t\u0259hsil almas\u0131 v\u0259 attestatla t\u0259min edilm\u0259si m\u0259qs\u0259dil\u0259 sosial layih\u0259 \u0259sas\u0131nda T\u00fcrkiy\u0259d\u0259 m\u0259kt\u0259bl\u0259r f\u0259aliyy\u0259t g\u00f6st\u0259rir. Bu m\u0259kt\u0259bl\u0259rd\u0259n biri Heyd\u0259r \u018fliyev ad\u0131na Az\u0259rbaycan m\u0259kt\u0259bi, dig\u0259ri is\u0259 M\u00fcbariz \u0130brahimov ad\u0131na Az\u0259rbaycan m\u0259kt\u0259bidir. Bu m\u0259kt\u0259bl\u0259rd\u0259 8&hellip;","_links":{"self":[{"href":"https:\/\/arantv.az\/index.php?rest_route=\/wp\/v2\/posts\/451833"}],"collection":[{"href":"https:\/\/arantv.az\/index.php?rest_route=\/wp\/v2\/posts"}],"about":[{"href":"https:\/\/arantv.az\/index.php?rest_route=\/wp\/v2\/types\/post"}],"author":[{"embeddable":true,"href":"https:\/\/arantv.az\/index.php?rest_route=\/wp\/v2\/users\/2"}],"replies":[{"embeddable":true,"href":"https:\/\/arantv.az\/index.php?rest_route=%2Fwp%2Fv2%2Fcomments&post=451833"}],"version-history":[{"count":0,"href":"https:\/\/arantv.az\/index.php?rest_route=\/wp\/v2\/posts\/451833\/revisions"}],"wp:featuredmedia":[{"embeddable":true,"href":"https:\/\/arantv.az\/index.php?rest_route=\/wp\/v2\/media\/451834"}],"wp:attachment":[{"href":"https:\/\/arantv.az\/index.php?rest_route=%2Fwp%2Fv2%2Fmedia&parent=451833"}],"wp:term":[{"taxonomy":"category","embeddable":true,"href":"https:\/\/arantv.az\/index.php?rest_route=%2Fwp%2Fv2%2Fcategories&post=451833"},{"taxonomy":"post_tag","embeddable":true,"href":"https:\/\/arantv.az\/index.php?rest_route=%2Fwp%2Fv2%2Ftags&post=451833"}],"curies":[{"name":"wp","href":"https:\/\/api.w.org\/{rel}","templated":true}]}}