{"id":451885,"date":"2022-03-15T13:44:41","date_gmt":"2022-03-15T10:44:41","guid":{"rendered":"http:\/\/arantv.az\/?p=451885"},"modified":"2022-03-15T13:44:41","modified_gmt":"2022-03-15T10:44:41","slug":"ot%c9%99n-il-fevral-aprel-aylarinda-1895-sinif-distant-t%c9%99hsil%c9%99-kecib","status":"publish","type":"post","link":"https:\/\/arantv.az\/?p=451885","title":{"rendered":"\u00d6t\u0259n il fevral-aprel aylar\u0131nda 1895 sinif distant t\u0259hsil\u0259 ke\u00e7ib"},"content":{"rendered":"<p>\u201c\u00d6lk\u0259nin t\u0259hsil m\u00fc\u0259ssis\u0259l\u0259rind\u0259 COVID-19 infeksiyas\u0131n\u0131n yay\u0131lmas\u0131n\u0131n qar\u015f\u0131s\u0131n\u0131 almaq sah\u0259sind\u0259 t\u0259dbirl\u0259r h\u0259yata ke\u00e7irilib\u201d.<\/p>\n<p><strong>ARANTV.AZ\u00a0 x\u0259b\u0259r verir ki,<\/strong>\u00a0bunu \u201cSARS-CoV-2 (COV\u0130D-19) kompleks diaqnostikas\u0131na m\u00fcasir yana\u015fmalar\u201d m\u00f6vzusunda ke\u00e7irilmi\u015f Beyn\u0259lxalq Elmi Konfransda S\u0259hiyy\u0259 Nazirliyi Respublika Gigiyena v\u0259 Epidemiologiya M\u0259rk\u0259zinin direktor m\u00fcavini Afaq \u018fliyeva deyib.<\/p>\n<p>Onun s\u00f6zl\u0259rin\u0259 g\u00f6r\u0259, Bak\u0131, eyni zamanda respublikan\u0131n dig\u0259r \u015f\u0259h\u0259r v\u0259 rayonlar\u0131nda 2021-ci ilin mart-may aylar\u0131 \u0259rzind\u0259 334 u\u015faq v\u0259 yeniyetm\u0259 m\u00fc\u0259ssis\u0259sinin f\u0259aliyy\u0259ti m\u00fcv\u0259qq\u0259ti dayand\u0131r\u0131l\u0131b:<\/p>\n<p>\u201c2021-ci ilin sentyabr-oktyabr aylar\u0131 \u0259rzind\u0259 44 \u00fcmumt\u0259hsil, avqust-noyabr aylar\u0131 \u0259rzind\u0259 is\u0259 32 m\u0259kt\u0259b\u0259q\u0259d\u0259r u\u015faq m\u00fc\u0259ssis\u0259sinin f\u0259aliyy\u0259ti m\u00fcv\u0259qq\u0259ti dayand\u0131r\u0131l\u0131b. 2021-ci ilin fevral-aprel aylar\u0131 \u0259rzind\u0259 1895 sinif distant t\u0259hsil\u0259 ke\u00e7ib\u201d.<\/p>\n<p>A. \u018fliyeva deyib ki, haz\u0131rda COV\u0130D infeksiyas\u0131 azalma\u011fa do\u011fru gedir: \u201cAmma h\u0259r hans\u0131 hadis\u0259 olanda ara\u015fd\u0131r\u0131l\u0131r, yoluxma yerl\u0259ri m\u00fc\u0259yy\u0259n edilir. Laz\u0131mi t\u0259dbirl\u0259r g\u00f6r\u00fcl\u00fcr\u201d.<\/p>\n<p>M\u0259rk\u0259zin direktor m\u00fcavini deyib ki, &#8220;COVID-19\u201d pandemiyas\u0131 zaman\u0131 epidemioloji n\u0259zar\u0259tin t\u0259tbiqind\u0259 laborator diaqnostikan\u0131n \u0259h\u0259miyy\u0259ti m\u00fch\u00fcmd\u00fcr:<\/p>\n<p>&#8220;2021-ci il \u0259rzind\u0259 ya\u015fay\u0131\u015f v\u0259 i\u015f yerl\u0259rind\u0259 pozitiv n\u0259tic\u0259 qeyd\u0259 al\u0131nm\u0131\u015f \u015f\u0259xsl\u0259rl\u0259 t\u0259masda olmu\u015f 495 min n\u0259f\u0259rd\u0259n art\u0131q insan m\u00fc\u0259yy\u0259nl\u0259\u015fdiril\u0259r\u0259k t\u0259crid olunub. Onlardan 442 min n\u0259f\u0259rd\u0259n \u00e7ox \u015f\u0259xsin ev \u015f\u0259raitind\u0259, 33 min n\u0259f\u0259rd\u0259n \u00e7ox \u015f\u0259xsin i\u015f yerind\u0259 t\u0259masda oldu\u011fu m\u0259lum olub, x\u0259st\u0259lik ocaqlar\u0131nda tamamlay\u0131c\u0131 dezinfeksiya i\u015fl\u0259ri apar\u0131l\u0131b\u201d \u2013 o deyib.<\/p>\n","protected":false},"excerpt":{"rendered":"<p>\u201c\u00d6lk\u0259nin t\u0259hsil m\u00fc\u0259ssis\u0259l\u0259rind\u0259 COVID-19 infeksiyas\u0131n\u0131n yay\u0131lmas\u0131n\u0131n qar\u015f\u0131s\u0131n\u0131 almaq sah\u0259sind\u0259 t\u0259dbirl\u0259r h\u0259yata ke\u00e7irilib\u201d. ARANTV.AZ\u00a0 x\u0259b\u0259r verir ki,\u00a0bunu \u201cSARS-CoV-2 (COV\u0130D-19) kompleks diaqnostikas\u0131na m\u00fcasir yana\u015fmalar\u201d m\u00f6vzusunda ke\u00e7irilmi\u015f Beyn\u0259lxalq Elmi Konfransda S\u0259hiyy\u0259 Nazirliyi Respublika Gigiyena v\u0259 Epidemiologiya M\u0259rk\u0259zinin direktor m\u00fcavini Afaq \u018fliyeva deyib. Onun s\u00f6zl\u0259rin\u0259 g\u00f6r\u0259, Bak\u0131, eyni zamanda respublikan\u0131n dig\u0259r \u015f\u0259h\u0259r v\u0259 rayonlar\u0131nda 2021-ci ilin mart-may aylar\u0131 \u0259rzind\u0259 334 u\u015faq v\u0259 yeniyetm\u0259 m\u00fc\u0259ssis\u0259sinin f\u0259aliyy\u0259ti m\u00fcv\u0259qq\u0259ti dayand\u0131r\u0131l\u0131b: \u201c2021-ci ilin sentyabr-oktyabr aylar\u0131 \u0259rzind\u0259 44 \u00fcmumt\u0259hsil, avqust-noyabr aylar\u0131 \u0259rzind\u0259 is\u0259 32 m\u0259kt\u0259b\u0259q\u0259d\u0259r u\u015faq m\u00fc\u0259ssis\u0259sinin f\u0259aliyy\u0259ti m\u00fcv\u0259qq\u0259ti dayand\u0131r\u0131l\u0131b. 2021-ci ilin fevral-aprel aylar\u0131 \u0259rzind\u0259 1895 sinif distant t\u0259hsil\u0259&hellip;<\/p>\n","protected":false},"author":2,"featured_media":451886,"comment_status":"closed","ping_status":"closed","sticky":false,"template":"","format":"standard","meta":{"om_disable_all_campaigns":false,"_monsterinsights_skip_tracking":false,"_monsterinsights_sitenote_active":false,"_monsterinsights_sitenote_note":"","_monsterinsights_sitenote_category":0},"categories":[23],"tags":[],"aioseo_notices":[],"gutentor_comment":0,"rttpg_featured_image_url":{"full":["https:\/\/arantv.az\/wp-content\/uploads\/2022\/03\/11833d4b164733647986251923710094949.jpg",975,540,false],"landscape":["https:\/\/arantv.az\/wp-content\/uploads\/2022\/03\/11833d4b164733647986251923710094949.jpg",975,540,false],"portraits":["https:\/\/arantv.az\/wp-content\/uploads\/2022\/03\/11833d4b164733647986251923710094949.jpg",975,540,false],"thumbnail":["https:\/\/arantv.az\/wp-content\/uploads\/2022\/03\/11833d4b164733647986251923710094949-500x280.jpg",500,280,true],"medium":["https:\/\/arantv.az\/wp-content\/uploads\/2022\/03\/11833d4b164733647986251923710094949-660x365.jpg",660,365,true],"large":["https:\/\/arantv.az\/wp-content\/uploads\/2022\/03\/11833d4b164733647986251923710094949-840x465.jpg",640,354,true],"1536x1536":["https:\/\/arantv.az\/wp-content\/uploads\/2022\/03\/11833d4b164733647986251923710094949.jpg",975,540,false],"2048x2048":["https:\/\/arantv.az\/wp-content\/uploads\/2022\/03\/11833d4b164733647986251923710094949.jpg",975,540,false],"post-thumbnail":["https:\/\/arantv.az\/wp-content\/uploads\/2022\/03\/11833d4b164733647986251923710094949-240x172.jpg",240,172,true],"advps-thumb-one":["https:\/\/arantv.az\/wp-content\/uploads\/2022\/03\/11833d4b164733647986251923710094949.jpg",975,540,false]},"rttpg_author":{"display_name":"V\u00fcsal Rafiqo\u011flu","author_link":"https:\/\/arantv.az\/?author=2"},"rttpg_comment":0,"rttpg_category":"<a href=\"https:\/\/arantv.az\/?cat=23\" rel=\"category\">T\u0259hsil<\/a>","rttpg_excerpt":"\u201c\u00d6lk\u0259nin t\u0259hsil m\u00fc\u0259ssis\u0259l\u0259rind\u0259 COVID-19 infeksiyas\u0131n\u0131n yay\u0131lmas\u0131n\u0131n qar\u015f\u0131s\u0131n\u0131 almaq sah\u0259sind\u0259 t\u0259dbirl\u0259r h\u0259yata ke\u00e7irilib\u201d. ARANTV.AZ\u00a0 x\u0259b\u0259r verir ki,\u00a0bunu \u201cSARS-CoV-2 (COV\u0130D-19) kompleks diaqnostikas\u0131na m\u00fcasir yana\u015fmalar\u201d m\u00f6vzusunda ke\u00e7irilmi\u015f Beyn\u0259lxalq Elmi Konfransda S\u0259hiyy\u0259 Nazirliyi Respublika Gigiyena v\u0259 Epidemiologiya M\u0259rk\u0259zinin direktor m\u00fcavini Afaq \u018fliyeva deyib. Onun s\u00f6zl\u0259rin\u0259 g\u00f6r\u0259, Bak\u0131, eyni zamanda respublikan\u0131n dig\u0259r \u015f\u0259h\u0259r v\u0259 rayonlar\u0131nda 2021-ci ilin mart-may aylar\u0131 \u0259rzind\u0259&hellip;","_links":{"self":[{"href":"https:\/\/arantv.az\/index.php?rest_route=\/wp\/v2\/posts\/451885"}],"collection":[{"href":"https:\/\/arantv.az\/index.php?rest_route=\/wp\/v2\/posts"}],"about":[{"href":"https:\/\/arantv.az\/index.php?rest_route=\/wp\/v2\/types\/post"}],"author":[{"embeddable":true,"href":"https:\/\/arantv.az\/index.php?rest_route=\/wp\/v2\/users\/2"}],"replies":[{"embeddable":true,"href":"https:\/\/arantv.az\/index.php?rest_route=%2Fwp%2Fv2%2Fcomments&post=451885"}],"version-history":[{"count":0,"href":"https:\/\/arantv.az\/index.php?rest_route=\/wp\/v2\/posts\/451885\/revisions"}],"wp:featuredmedia":[{"embeddable":true,"href":"https:\/\/arantv.az\/index.php?rest_route=\/wp\/v2\/media\/451886"}],"wp:attachment":[{"href":"https:\/\/arantv.az\/index.php?rest_route=%2Fwp%2Fv2%2Fmedia&parent=451885"}],"wp:term":[{"taxonomy":"category","embeddable":true,"href":"https:\/\/arantv.az\/index.php?rest_route=%2Fwp%2Fv2%2Fcategories&post=451885"},{"taxonomy":"post_tag","embeddable":true,"href":"https:\/\/arantv.az\/index.php?rest_route=%2Fwp%2Fv2%2Ftags&post=451885"}],"curies":[{"name":"wp","href":"https:\/\/api.w.org\/{rel}","templated":true}]}}