{"id":451888,"date":"2022-03-15T13:45:39","date_gmt":"2022-03-15T10:45:39","guid":{"rendered":"http:\/\/arantv.az\/?p=451888"},"modified":"2022-03-15T13:45:39","modified_gmt":"2022-03-15T10:45:39","slug":"novruz-bayrami-t%c9%99kc%c9%99-onu-kecir%c9%99n-turk-xalqlarinin-deyil-umumilikd%c9%99-b%c9%99s%c9%99riyy%c9%99tin-m%c9%99n%c9%99vi-d%c9%99y%c9%99ri-hesab-edilir","status":"publish","type":"post","link":"https:\/\/arantv.az\/?p=451888","title":{"rendered":"Novruz bayram\u0131 t\u0259kc\u0259 onu ke\u00e7ir\u0259n t\u00fcrk xalqlar\u0131n\u0131n deyil, \u00fcmumilikd\u0259 b\u0259\u015f\u0259riyy\u0259tin m\u0259n\u0259vi d\u0259y\u0259ri hesab edilir"},"content":{"rendered":"<p>Novruz 1991-ci ild\u0259 m\u00fcst\u0259qillik \u0259ld\u0259 ed\u0259n Az\u0259rbaycanda r\u0259smi bayram elan edilib. Bayram g\u00fcnl\u0259ri qeyri-i\u015f g\u00fcnl\u0259ri say\u0131l\u0131r. Novruz bayram\u0131 Az\u0259rbaycanla yana\u015f\u0131, b\u00fct\u00fcn \u015e\u0259rqd\u0259, x\u00fcsusil\u0259 d\u0259 M\u0259rk\u0259zi Asiyada, \u0130randa, Pakistanda, T\u00fcrkiy\u0259d\u0259, Qazax\u0131standa, Tacikistanda, \u00d6zb\u0259kistanda, T\u00fcrkm\u0259nistanda, Q\u0131r\u011f\u0131z\u0131standa x\u00fcsusi t\u0259nt\u0259n\u0259 il\u0259 qeyd olunur. Az\u0259rbaycan\u0131n Birinci vitse-prezidenti, Heyd\u0259r \u018fliyev Fondunun prezidenti, YUNESKO v\u0259 ICESCO-nun xo\u015fm\u0259raml\u0131 s\u0259firi Mehriban xan\u0131m \u018fliyevan\u0131n b\u00f6y\u00fck s\u0259yi n\u0259tic\u0259sind\u0259 Novruz bayram\u0131 YUNESKO t\u0259r\u0259find\u0259n Qeyri-Maddi M\u0259d\u0259ni \u0130rs \u00fczr\u0259 Reprezentativ siyah\u0131s\u0131na daxil edilib. Bu q\u0259rar Novruza t\u0259kc\u0259 onu ke\u00e7ir\u0259n t\u00fcrk xalqlar\u0131n\u0131n deyil, \u00fcmumilikd\u0259 b\u0259\u015f\u0259riyy\u0259tin m\u0259n\u0259vi d\u0259y\u0259ri kimi veril\u0259n qiym\u0259t hesab edil\u0259 bil\u0259r. 23 fevral 2010-cu ild\u0259 BMT Ba\u015f Assambleyas\u0131n\u0131n 64-c\u00fc sessiyas\u0131n\u0131n iclas\u0131nda mart\u0131n 21-i &#8220;Beyn\u0259lxalq Novruz G\u00fcn\u00fc\u201d elan olunub. 28 noyabr-2 dekabr 2016-c\u0131 il tarixl\u0259rind\u0259 Efiopiyan\u0131n \u018fddis-\u018fb\u0259b\u0259 \u015f\u0259h\u0259rind\u0259 ke\u00e7irilmi\u015f YUNESKO-nun Qeyri-Maddi M\u0259d\u0259ni \u0130rs \u00fczr\u0259 H\u00f6kum\u0259tl\u0259raras\u0131 Komit\u0259sinin 11-ci sessiyas\u0131nda \u0130raq, Qazax\u0131stan, Tacikistan, T\u00fcrkm\u0259nistan v\u0259 \u018ffqan\u0131stan da bu nominasiyaya qo\u015fulub.<\/p>\n<p>T\u0259bi\u0259tin insanlara t\u00f6hf\u0259si olan Novruz bayram\u0131n\u0131n h\u0259r g\u0259li\u015fi \u0259srl\u0259rd\u0259n b\u0259ri Az\u0259rbaycanda bollu\u011fun, b\u0259r\u0259k\u0259tin v\u0259 xeyirxahl\u0131\u011f\u0131n t\u0259c\u0259ss\u00fcm\u00fc kimi q\u0259bul edilmi\u015fdir. Gec\u0259 il\u0259 g\u00fcnd\u00fcz\u00fcn b\u0259rab\u0259rl\u0259\u015fdiyi ilk bahar g\u00fcn\u00fcnd\u0259 yurdumuza q\u0259d\u0259m qoyan bu bayram insanlar\u0131 daim birliy\u0259, s\u00fclh\u0259 v\u0259 \u0259min-amanl\u0131\u011fa s\u0259sl\u0259yir. Bahar m\u0259rasiml\u0259ri, ad\u0259t-\u0259n\u0259n\u0259l\u0259ri \u0259srl\u0259rin s\u0131na\u011f\u0131ndan \u00e7\u0131xaraq, ulu babalar\u0131m\u0131zdan biz\u0259 yadigar qalm\u0131\u015f misilsiz \u0259rm\u0259\u011fand\u0131r. Novruz \u0259srl\u0259rdir ki, milli, dini ad\u0259t v\u0259 \u0259n\u0259n\u0259l\u0259rimizi n\u0259sill\u0259rd\u0259n-n\u0259sill\u0259r\u0259 \u00f6t\u00fcr\u0259r\u0259k bu g\u00fcnl\u0259r\u0259 g\u0259tirib \u00e7\u0131xaran bayramd\u0131r. Buna g\u00f6r\u0259 d\u0259 Novruz bizim \u00fcmumd\u00f6vl\u0259t, \u00fcmumxalq bayram\u0131m\u0131zd\u0131r. Xalq\u0131m\u0131z\u0131n sev\u0259-sev\u0259 qeyd etdiyi bu bayram bizim ad\u0259t-\u0259n\u0259n\u0259l\u0259rimizi \u0259srl\u0259r boyu ya\u015fad\u0131b bu g\u00fcnl\u0259r\u0259 g\u0259tirdiyi kimi, bizi d\u0259 bir xalq olaraq birl\u0259\u015fdirir, xalq\u0131m\u0131zda daha m\u00f6hk\u0259m birlik yarad\u0131r v\u0259 h\u0259mr\u0259yliy\u0259 xidm\u0259t edir.<\/p>\n<p>Novruz b\u00fct\u00fcn t\u00fcrk d\u00fcnyas\u0131na xas olsa da, Az\u0259rbaycanda daha m\u00f6ht\u0259\u015f\u0259m qeyd olunur. \u0130nkarolunmaz faktd\u0131r ki, Novruz bayram\u0131n\u0131n t\u0259\u015f\u0259kk\u00fcl tapmas\u0131nda, inki\u015faf etm\u0259sind\u0259 xalq\u0131m\u0131z\u0131n m\u00fch\u00fcm t\u00f6hf\u0259si, pay\u0131 vard\u0131r. Sovet hakimiyy\u0259ti ill\u0259rind\u0259 Novruz bayram\u0131n\u0131n ke\u00e7irilm\u0259sin\u0259 s\u0259rt qada\u011falar qoyulsa da, xalq\u0131m\u0131z bu \u0259ziz bayram\u0131 h\u0259mi\u015f\u0259 qeyd etm\u0259y\u0259 can atm\u0131\u015fd\u0131r. Az\u0259rbaycana r\u0259hb\u0259rliyinin birinci d\u00f6vr\u00fcnd\u0259 Ulu \u00d6nd\u0259r Heyd\u0259r \u018fliyev d\u0259 sovet hakimiyy\u0259tinin qada\u011falar\u0131na baxmayaraq, milli ruhun y\u00fcks\u0259li\u015fin\u0259 t\u0259kan ver\u0259n amill\u0259r\u0259 x\u00fcsusi h\u00f6rm\u0259tl\u0259 yana\u015fm\u0131\u015fd\u0131r. 1993-c\u00fc ild\u0259 xalq\u0131n t\u0259kidli t\u0259l\u0259bi il\u0259 yenid\u0259n hakimiyy\u0259t\u0259 g\u0259l\u0259n \u00dcmummilli Lider h\u0259yata ke\u00e7irdiyi d\u00f6vl\u0259t quruculu\u011fu prosesi il\u0259 paralel sur\u0259td\u0259 m\u0259d\u0259ni-m\u0259n\u0259vi quruculuq v\u0259 milli-tarixi yadda\u015f\u0131n b\u0259rpas\u0131 i\u015fl\u0259rin\u0259 d\u0259 ba\u015flam\u0131\u015fd\u0131r. Vaxtil\u0259 qada\u011falara m\u0259ruz qalan, yasaq olunan milli v\u0259 dini bayramlar, ad\u0259t v\u0259 m\u0259rasiml\u0259r xalqa qaytar\u0131lm\u0131\u015fd\u0131r. Ulu \u00d6nd\u0259r h\u0259r il q\u0259dim milli bayram\u0131m\u0131z olan Novruzda \u0259hali il\u0259 bayramla\u015fma\u011fa \u00e7\u0131xar, azad v\u0259 m\u00fcst\u0259qil xalq\u0131m\u0131z\u0131n Novruz sevincl\u0259rind\u0259n z\u00f6vq alard\u0131. T\u0259bi\u0259t bayram\u0131\u2013Novruzun \u00f6lk\u0259mizd\u0259 d\u00f6vl\u0259t s\u0259viyy\u0259sind\u0259 qeyd edilm\u0259si h\u0259m d\u0259 ulu \u0259cdadlar\u0131m\u0131z\u0131n xatir\u0259sin\u0259 d\u0259rin ehtiram\u0131n \u0259lam\u0259tidir. Bu, ke\u00e7mi\u015fimizi bu g\u00fcn\u00fcm\u00fczl\u0259 ba\u011flamaq, onu qoruyaraq g\u0259l\u0259c\u0259y\u0259 aparmaq dem\u0259kdir. Novruzun d\u00f6vl\u0259t s\u0259viyy\u0259sind\u0259 bayram edilm\u0259si is\u0259 onun \u0259h\u0259miyy\u0259tini daha da art\u0131r\u0131r. Milli ad\u0259t-\u0259n\u0259n\u0259l\u0259rimiz\u0259, o c\u00fcml\u0259d\u0259n Novruz bayram\u0131na y\u00fcks\u0259k qiym\u0259t ver\u0259n Ulu \u00d6nd\u0259r bu bayram haqq\u0131nda demi\u015fdir: \u201cNovruz xalq\u0131m\u0131z\u0131n \u0259srl\u0259rd\u0259n b\u0259ri qoruyub saxlad\u0131\u011f\u0131 v\u0259 b\u00fct\u00fcn d\u00f6vrl\u0259rd\u0259 h\u0259mi\u015f\u0259 \u0259ziz tutdu\u011fu bayramlardan biridir. Onun tarixi d\u0259 Az\u0259rbaycan xalq\u0131n\u0131n tarixi kimi k\u0259\u015fm\u0259k\u0259\u015fli, eni\u015fli-yoxu\u015flu olmu\u015fdur. Bu ulu bayram\u0131n m\u00fcst\u0259qil respublikam\u0131zda d\u00f6vl\u0259t s\u0259viyy\u0259sind\u0259 qeyd edilm\u0259si \u00f6z milli k\u00f6kl\u0259rimiz\u0259, ad\u0259t-\u0259n\u0259n\u0259l\u0259rimiz\u0259, tarixi ke\u00e7mi\u015fimiz\u0259 d\u0259rin ehtiram b\u0259sl\u0259diyimizi v\u0259 sars\u0131lmaz tell\u0259rl\u0259 ba\u011fl\u0131 oldu\u011fumuzu n\u00fcmayi\u015f etdirir\u201d.<\/p>\n<p>H\u0259r il Ulu \u00d6nd\u0259rin bayram m\u00fcnasib\u0259til\u0259 Az\u0259rbaycan xalq\u0131na t\u0259brikl\u0259ri Novruzun ruhundan do\u011furdu. \u00dcmummilli Liderin bayram \u015f\u0259nlikl\u0259rind\u0259 i\u015ftirak\u0131, Kosa il\u0259 yumurta d\u00f6y\u00fc\u015fd\u00fcrm\u0259si, Bahar q\u0131z\u0131 il\u0259 s\u00f6hb\u0259tl\u0259ri Novruz t\u0259dbirl\u0259rini daha da \u015f\u0259nl\u0259ndirir, insanlar\u0131n sevincin\u0259 s\u0259b\u0259b olurdu.<\/p>\n<p>Haz\u0131rda bu \u0259n\u0259n\u0259l\u0259r Prezident \u0130lham \u018fliyev t\u0259r\u0259find\u0259n davam etdirilir. Novruzu milli-m\u0259n\u0259vi d\u0259y\u0259rl\u0259rimizin t\u0259c\u0259ss\u00fcm\u00fc adland\u0131ran d\u00f6vl\u0259timizin ba\u015f\u00e7\u0131s\u0131n\u0131n h\u0259r il bayram \u015f\u0259nlikl\u0259rin\u0259 qat\u0131lmas\u0131, \u0259hali il\u0259 bayramla\u015fmas\u0131, Bak\u0131n\u0131n q\u0259dim meydan\u0131ndak\u0131 tonqal\u0131 alovland\u0131rmas\u0131 bayram ovqat\u0131n\u0131 daha da art\u0131rmaqla yana\u015f\u0131, xalqla iqtidar aras\u0131nda s\u0131x v\u0259hd\u0259ti d\u0259 s\u00fcbut edir. \u201cNovruz g\u0259l\u0259c\u0259y\u0259 inam hissi a\u015f\u0131lay\u0131r, k\u00f6n\u00fcll\u0259rd\u0259 \u0259n ali duy\u011fular\u0131 oyad\u0131r, insanlar\u0131 daha xeyirxah, m\u0259rh\u0259m\u0259tli v\u0259 mehriban olma\u011fa \u00e7a\u011f\u0131r\u0131r\u201d, &#8211; dey\u0259n Prezident \u0130lham \u018fliyev Novruzun insanlarda qurub-yaratmaq \u0259zmi a\u015f\u0131layan bayram oldu\u011funu qeyd etmi\u015fdir.<\/p>\n<p>Novruz bayram\u0131 b\u00fct\u00fcn d\u00fcnyada 300 milyondan art\u0131q insan t\u0259r\u0259find\u0259n yeni ilin ba\u015flan\u011f\u0131c\u0131 kimi q\u0259bul olunur. Art\u0131q 3 min ildir ki, Novruz Balkanlarda, Qara d\u0259niz h\u00f6vz\u0259si regionunda, Qafqazda, M\u0259rk\u0259zi Asiya, Yax\u0131n \u015e\u0259rq v\u0259 dig\u0259r regionlarda qeyd edilir. M\u00fcbali\u011f\u0259siz dem\u0259k olar ki, Novruz bir \u00e7ox t\u00fcrk xalqlar\u0131 il\u0259 b\u0259rab\u0259r, Az\u0259rbaycan xalq\u0131n\u0131n milli-m\u0259n\u0259vi varl\u0131\u011f\u0131n\u0131 b\u00fct\u00fcn dol\u011funlu\u011fu il\u0259 \u0259ks etdir\u0259n, \u00fcmumxalq s\u0259viyy\u0259sind\u0259 qeyd olunan, etnik t\u0259f\u0259kk\u00fcr\u00fcn ayr\u0131lmaz funksional s\u0259viyy\u0259sin\u0259 \u00e7evril\u0259n bayramd\u0131r. Novruz ictimai h\u0259yata yeni h\u0259v\u0259s g\u0259tir\u0259n, milli ad\u0259t-\u0259n\u0259n\u0259l\u0259ri ya\u015fadan el bayram\u0131d\u0131r. Dolay\u0131s\u0131 il\u0259 Novruz \u0259n\u0259n\u0259sini davam etdir\u0259n h\u0259r k\u0259s m\u0259d\u0259niyy\u0259t da\u015f\u0131y\u0131c\u0131lar\u0131 olmaqla yana\u015f\u0131, ortaq d\u0259y\u0259r kimi bu \u0259n\u0259n\u0259l\u0259ri qoruyurlar. Novruz, xalq\u0131n ortaq duy\u011fu v\u0259 d\u00fc\u015f\u00fcnc\u0259l\u0259rini dil\u0259 g\u0259tir\u0259n, t\u00fcrk m\u0259d\u0259niyy\u0259tinin qorunub ya\u015fad\u0131lmas\u0131nda \u0259h\u0259miyy\u0259tli yeri olan q\u0259dim el bayram\u0131m\u0131zd\u0131r.<\/p>\n<p><strong>M\u00fc\u015ffiq S\u0259f\u0259rov,<\/strong><\/p>\n<p><em>Yeni Az\u0259rbaycan Partiyas\u0131 Beyl\u0259qan rayon t\u0259\u015fkilat\u0131n\u0131n s\u0259dri<\/em><\/p>\n","protected":false},"excerpt":{"rendered":"<p>Novruz 1991-ci ild\u0259 m\u00fcst\u0259qillik \u0259ld\u0259 ed\u0259n Az\u0259rbaycanda r\u0259smi bayram elan edilib. Bayram g\u00fcnl\u0259ri qeyri-i\u015f g\u00fcnl\u0259ri say\u0131l\u0131r. Novruz bayram\u0131 Az\u0259rbaycanla yana\u015f\u0131, b\u00fct\u00fcn \u015e\u0259rqd\u0259, x\u00fcsusil\u0259 d\u0259 M\u0259rk\u0259zi Asiyada, \u0130randa, Pakistanda, T\u00fcrkiy\u0259d\u0259, Qazax\u0131standa, Tacikistanda, \u00d6zb\u0259kistanda, T\u00fcrkm\u0259nistanda, Q\u0131r\u011f\u0131z\u0131standa x\u00fcsusi t\u0259nt\u0259n\u0259 il\u0259 qeyd olunur. Az\u0259rbaycan\u0131n Birinci vitse-prezidenti, Heyd\u0259r \u018fliyev Fondunun prezidenti, YUNESKO v\u0259 ICESCO-nun xo\u015fm\u0259raml\u0131 s\u0259firi Mehriban xan\u0131m \u018fliyevan\u0131n b\u00f6y\u00fck s\u0259yi n\u0259tic\u0259sind\u0259 Novruz bayram\u0131 YUNESKO t\u0259r\u0259find\u0259n Qeyri-Maddi M\u0259d\u0259ni \u0130rs \u00fczr\u0259 Reprezentativ siyah\u0131s\u0131na daxil edilib. Bu q\u0259rar Novruza t\u0259kc\u0259 onu ke\u00e7ir\u0259n t\u00fcrk xalqlar\u0131n\u0131n deyil, \u00fcmumilikd\u0259 b\u0259\u015f\u0259riyy\u0259tin m\u0259n\u0259vi d\u0259y\u0259ri kimi veril\u0259n qiym\u0259t hesab edil\u0259 bil\u0259r. 23 fevral&hellip;<\/p>\n","protected":false},"author":2,"featured_media":451889,"comment_status":"closed","ping_status":"closed","sticky":false,"template":"","format":"standard","meta":{"om_disable_all_campaigns":false,"_monsterinsights_skip_tracking":false,"_monsterinsights_sitenote_active":false,"_monsterinsights_sitenote_note":"","_monsterinsights_sitenote_category":0},"categories":[2],"tags":[],"aioseo_notices":[],"gutentor_comment":0,"rttpg_featured_image_url":{"full":["https:\/\/arantv.az\/wp-content\/uploads\/2022\/03\/3de568f8164733598338565579810386943.jpg",975,540,false],"landscape":["https:\/\/arantv.az\/wp-content\/uploads\/2022\/03\/3de568f8164733598338565579810386943.jpg",975,540,false],"portraits":["https:\/\/arantv.az\/wp-content\/uploads\/2022\/03\/3de568f8164733598338565579810386943.jpg",975,540,false],"thumbnail":["https:\/\/arantv.az\/wp-content\/uploads\/2022\/03\/3de568f8164733598338565579810386943-500x280.jpg",500,280,true],"medium":["https:\/\/arantv.az\/wp-content\/uploads\/2022\/03\/3de568f8164733598338565579810386943-660x365.jpg",660,365,true],"large":["https:\/\/arantv.az\/wp-content\/uploads\/2022\/03\/3de568f8164733598338565579810386943-840x465.jpg",640,354,true],"1536x1536":["https:\/\/arantv.az\/wp-content\/uploads\/2022\/03\/3de568f8164733598338565579810386943.jpg",975,540,false],"2048x2048":["https:\/\/arantv.az\/wp-content\/uploads\/2022\/03\/3de568f8164733598338565579810386943.jpg",975,540,false],"post-thumbnail":["https:\/\/arantv.az\/wp-content\/uploads\/2022\/03\/3de568f8164733598338565579810386943-240x172.jpg",240,172,true],"advps-thumb-one":["https:\/\/arantv.az\/wp-content\/uploads\/2022\/03\/3de568f8164733598338565579810386943.jpg",975,540,false]},"rttpg_author":{"display_name":"V\u00fcsal Rafiqo\u011flu","author_link":"https:\/\/arantv.az\/?author=2"},"rttpg_comment":0,"rttpg_category":"<a href=\"https:\/\/arantv.az\/?cat=2\" rel=\"category\">Region X\u0259b\u0259rl\u0259ri<\/a>","rttpg_excerpt":"Novruz 1991-ci ild\u0259 m\u00fcst\u0259qillik \u0259ld\u0259 ed\u0259n Az\u0259rbaycanda r\u0259smi bayram elan edilib. Bayram g\u00fcnl\u0259ri qeyri-i\u015f g\u00fcnl\u0259ri say\u0131l\u0131r. Novruz bayram\u0131 Az\u0259rbaycanla yana\u015f\u0131, b\u00fct\u00fcn \u015e\u0259rqd\u0259, x\u00fcsusil\u0259 d\u0259 M\u0259rk\u0259zi Asiyada, \u0130randa, Pakistanda, T\u00fcrkiy\u0259d\u0259, Qazax\u0131standa, Tacikistanda, \u00d6zb\u0259kistanda, T\u00fcrkm\u0259nistanda, Q\u0131r\u011f\u0131z\u0131standa x\u00fcsusi t\u0259nt\u0259n\u0259 il\u0259 qeyd olunur. Az\u0259rbaycan\u0131n Birinci vitse-prezidenti, Heyd\u0259r \u018fliyev Fondunun prezidenti, YUNESKO v\u0259 ICESCO-nun xo\u015fm\u0259raml\u0131 s\u0259firi Mehriban xan\u0131m \u018fliyevan\u0131n b\u00f6y\u00fck&hellip;","_links":{"self":[{"href":"https:\/\/arantv.az\/index.php?rest_route=\/wp\/v2\/posts\/451888"}],"collection":[{"href":"https:\/\/arantv.az\/index.php?rest_route=\/wp\/v2\/posts"}],"about":[{"href":"https:\/\/arantv.az\/index.php?rest_route=\/wp\/v2\/types\/post"}],"author":[{"embeddable":true,"href":"https:\/\/arantv.az\/index.php?rest_route=\/wp\/v2\/users\/2"}],"replies":[{"embeddable":true,"href":"https:\/\/arantv.az\/index.php?rest_route=%2Fwp%2Fv2%2Fcomments&post=451888"}],"version-history":[{"count":0,"href":"https:\/\/arantv.az\/index.php?rest_route=\/wp\/v2\/posts\/451888\/revisions"}],"wp:featuredmedia":[{"embeddable":true,"href":"https:\/\/arantv.az\/index.php?rest_route=\/wp\/v2\/media\/451889"}],"wp:attachment":[{"href":"https:\/\/arantv.az\/index.php?rest_route=%2Fwp%2Fv2%2Fmedia&parent=451888"}],"wp:term":[{"taxonomy":"category","embeddable":true,"href":"https:\/\/arantv.az\/index.php?rest_route=%2Fwp%2Fv2%2Fcategories&post=451888"},{"taxonomy":"post_tag","embeddable":true,"href":"https:\/\/arantv.az\/index.php?rest_route=%2Fwp%2Fv2%2Ftags&post=451888"}],"curies":[{"name":"wp","href":"https:\/\/api.w.org\/{rel}","templated":true}]}}