{"id":451891,"date":"2022-03-15T13:46:28","date_gmt":"2022-03-15T10:46:28","guid":{"rendered":"http:\/\/arantv.az\/?p=451891"},"modified":"2022-03-15T13:46:28","modified_gmt":"2022-03-15T10:46:28","slug":"novruz-milli-birlik-h%c9%99mr%c9%99ylik-bolluq-b%c9%99r%c9%99k%c9%99t-bayramidir-%c9%99liabbas-salahzad%c9%99","status":"publish","type":"post","link":"https:\/\/arantv.az\/?p=451891","title":{"rendered":"Novruz milli birlik, h\u0259mr\u0259ylik, bolluq, b\u0259r\u0259k\u0259t bayram\u0131d\u0131r &#8211; \u018fliabbas Salahzad\u0259"},"content":{"rendered":"<p><em><strong>Az\u0259rbaycan milli birlik r\u0259mzi olan Novruz bayram\u0131n\u0131 b\u00fct\u00fcn sah\u0259l\u0259rd\u0259 qazand\u0131\u011f\u0131 m\u00f6ht\u0259\u015f\u0259m u\u011furlar\u0131 il\u0259 qeyd edir<\/strong><\/em><\/p>\n<p>Milli M\u0259clisin deputat\u0131 \u018fliabbas Salahzad\u0259 \u0259srl\u0259rin s\u0131na\u011f\u0131ndan \u00e7\u0131xm\u0131\u015f milli-m\u0259n\u0259vi d\u0259y\u0259rl\u0259rimizi, ad\u0259t-\u0259n\u0259n\u0259l\u0259rimizi \u00f6z\u00fcnd\u0259 ya\u015fadan Novruz bayram\u0131n\u0131n bu g\u00fcn xalq\u0131m\u0131zda yaratd\u0131\u011f\u0131 xo\u015f \u0259hval-ruhiyy\u0259d\u0259n, q\u00fcrur hissind\u0259n geni\u015f b\u0259hs ed\u0259r\u0259k bildirib ki, art\u0131q iki ildir Novruz tonqallar\u0131 i\u015f\u011faldan azad edilmi\u015f torpaqlar\u0131m\u0131zda alovland\u0131r\u0131l\u0131r. D\u00f6vl\u0259t ba\u015f\u00e7\u0131s\u0131, M\u00fcz\u0259ff\u0259r Ali Ba\u015f Komandan \u0130lham \u018fliyevin \u00f6t\u0259n il \u015eu\u015fada C\u0131d\u0131r d\u00fcz\u00fcnd\u0259 alovland\u0131rd\u0131\u011f\u0131 bayram tonqal\u0131 xalq\u0131m\u0131z\u0131n 30 il\u0259 yax\u0131n d\u00f6vrd\u0259\u00a0 s\u0259birsizlik\u0259 g\u00f6zl\u0259diyi g\u00fcn idi: \u201c\u00d6lk\u0259 Prezidenti C\u0131d\u0131r d\u00fcz\u00fcnd\u0259n m\u00fcraci\u0259tind\u0259 d\u0259 bu m\u0259qam\u0131 x\u00fcsusi qeyd etmi\u015fdir ki,\u00a0 2004-c\u00fc ild\u0259n ba\u015flayaraq, h\u0259r il Az\u0259rbaycan xalq\u0131n\u0131 Novruz bayram\u0131 m\u00fcnasib\u0259til\u0259 t\u0259brik ed\u0259rk\u0259n deyirdim ki, biz \u00f6z do\u011fma torpaqlar\u0131m\u0131za qay\u0131daca\u011f\u0131q, \u00f6lk\u0259mizin \u0259razi b\u00fct\u00f6vl\u00fcy\u00fcn\u00fc b\u0259rpa ed\u0259c\u0259yik,\u00a0 Novruz bayram\u0131n\u0131 torpaqlar\u0131m\u0131z i\u015f\u011faldan azad olunandan sonra Qaraba\u011fda qeyd ed\u0259c\u0259yik v\u0259 bu g\u00fcn g\u0259ldi.\u00a0 Bu g\u00fcn\u00a0 Novruz bayram\u0131n\u0131 q\u0259dim \u015f\u0259h\u0259rimizd\u0259, Az\u0259rbaycan\u0131n m\u0259d\u0259niyy\u0259t paytaxt\u0131 \u015eu\u015fada qeyd edirik. Bu, tarixi hadis\u0259, b\u00f6y\u00fck xo\u015fb\u0259xtlikdir. 28 ild\u0259n sonra \u015eu\u015faya qay\u0131td\u0131q.<\/p>\n<p>M\u00fcz\u0259ff\u0259r Ali Ba\u015f Komandan \u0130lham \u018fliyev h\u0259min m\u00fcraci\u0259tind\u0259 daha m\u00f6ht\u0259\u015f\u0259m u\u011furlara yol a\u00e7acaq h\u0259d\u0259fl\u0259ri a\u00e7\u0131qlad\u0131. Tarixi Z\u0259f\u0259rimizd\u0259n d\u0259rhal sonra i\u015f\u011faldan azad edilmi\u015f \u0259razil\u0259rimizd\u0259 b\u0259rpa v\u0259 quruculuq i\u015fl\u0259rin\u0259 start verilm\u0259si, \u00f6lk\u0259 Prezidenti \u0130lham \u018fliyevin v\u0259 birinci xan\u0131m Mehriban \u018fliyevan\u0131n bu torpaqlara tarixi s\u0259f\u0259rl\u0259ri B\u00f6y\u00fck Qay\u0131d\u0131\u015f\u0131 h\u0259r an yax\u0131nla\u015fd\u0131r\u0131r. Bu g\u00fcn h\u0259r bir az\u0259rbaycanl\u0131 q\u00fcrurludur ki, torpaqlar\u0131m\u0131z tarixi sahibind\u0259dir,\u00a0 bu \u0259razil\u0259rimiz\u0259 \u0259b\u0259di bahar g\u0259l\u0259r\u0259k c\u0259nn\u0259t m\u0259kana \u00e7evrilirl\u0259r\u201d.<\/p>\n<p>\u018f.Salahzad\u0259 m\u00fcasir m\u00fcst\u0259qil Az\u0259rbaycan d\u00f6vl\u0259tinin qurucusu, ulu \u00f6nd\u0259r Heyd\u0259r \u018fliyevin 21 mart 2000-ci il tarixind\u0259 Az\u0259rbaycan xalq\u0131n\u0131 Novruz bayram\u0131 m\u00fcnasib\u0259til\u0259 t\u0259brikind\u0259 s\u0259sl\u0259ndirdiyi \u201cNovruz bayram\u0131n\u0131n biz\u0259 b\u0259x\u015f etdiyi \u0259n g\u00f6z\u0259l nem\u0259t ondan ibar\u0259tdir ki, q\u0259dim zamanlardan bu bayramda insanlar kin-k\u00fcdur\u0259ti unudur, k\u00fcs\u00fcl\u00fcl\u0259r bar\u0131\u015f\u0131r, ziddiyy\u0259tl\u0259r aradan g\u00f6t\u00fcr\u00fcl\u00fcr. Dem\u0259k, bu, dostluq, h\u0259mr\u0259ylik, y\u00fcks\u0259k m\u0259n\u0259viyyat bayram\u0131d\u0131r\u201d fikirl\u0259ri \u00f6n\u0259 \u00e7\u0259k\u0259r\u0259k bu m\u0259qam\u0131 da x\u00fcsusi qeyd edib ki, Novruz\u00a0 insanlar\u0131 birliy\u0259, h\u0259mr\u0259yliy\u0259 \u00e7a\u011f\u0131r\u0131\u015f edir,\u00a0 dostluq,\u00a0 s\u0259mimiyy\u0259t m\u00fchitini formala\u015fd\u0131r\u0131r. 2010-cu ild\u0259 BMT-nin q\u0259rar\u0131 il\u0259 mart\u0131n 21-i Beyn\u0259lxlaq Novruz G\u00fcn\u00fc elan olunub. Bu m\u00fch\u00fcm add\u0131m\u00a0 h\u0259yat\u0131n yenid\u0259n canlanmas\u0131n\u0131n m\u00fcjd\u0259\u00e7isi olan Novruzun m\u00fcq\u0259dd\u0259sliyin\u0259 olan inam\u0131n g\u00f6st\u0259ricisidir.<\/p>\n<p>Novruz \u0259n\u0259n\u0259l\u0259rinin\u00a0 inc\u0259s\u0259n\u0259td\u0259 \u00f6z \u0259ksini tapd\u0131\u011f\u0131n\u0131 x\u00fcsusi vur\u011fulayan deputat qeyd edib ki, Novruz bayram\u0131 haqq\u0131nda mahn\u0131lar yaz\u0131lm\u0131\u015f, filml\u0259r \u00e7\u0259kilmi\u015fdir: \u201cAt\u0131lan h\u0259r bir add\u0131m milli-m\u0259n\u0259vi d\u0259y\u0259rl\u0259rimizin, ad\u0259t-\u0259n\u0259n\u0259l\u0259rimizin qorunmas\u0131na, inki\u015faf\u0131na v\u0259 g\u0259l\u0259c\u0259k n\u0259sill\u0259r\u0259 \u00e7atd\u0131r\u0131lmas\u0131na xidm\u0259t edir. Ulu \u00d6nd\u0259r Heyd\u0259r \u018fliyevin siyasi kursunu son 18 ild\u0259n art\u0131q d\u00f6vrd\u0259 u\u011furla davam etdir\u0259n Prezident \u0130lham \u018fliyevin \u0259sas \u00e7a\u011f\u0131r\u0131\u015flar\u0131ndan biri Az\u0259rbaycan g\u0259ncl\u0259rinin milli ruhda, v\u0259t\u0259np\u0259rv\u0259rlik ruhunda t\u0259rbiy\u0259 olunmas\u0131, milli-m\u0259n\u0259vi d\u0259y\u0259rl\u0259rimizi, tariximizi\u00a0 qorumalar\u0131d\u0131r. Milli-m\u0259n\u0259vi d\u0259y\u0259rl\u0259r d\u00f6vl\u0259timizin \u0259sas\u0131n\u0131 t\u0259\u015fkil edir v\u0259\u00a0 m\u00fcasir m\u00fcst\u0259qil Az\u0259rbaycan d\u00f6vl\u0259ti bu d\u0259y\u0259rl\u0259r \u00fcz\u0259rind\u0259 qurulub. \u00d6lk\u0259 Prezidenti bu \u0259minliyi ifad\u0259 edir ki,\u00a0 milli\u00a0 d\u0259y\u0259rl\u0259ri qoruyub saxlad\u0131qca, d\u00f6vl\u0259timiz daha da q\u00fcdr\u0259tli olacaq, xalq\u0131m\u0131z da \u0259b\u0259di azad, m\u00fcst\u0259qil xalq kimi ya\u015fayacaq. V\u0259t\u0259n\u0259 ba\u011fl\u0131l\u0131q, V\u0259t\u0259n\u0259 sevgi, V\u0259t\u0259n maraqlar\u0131n\u0131, d\u00f6vl\u0259t maraqlar\u0131n\u0131 h\u0259r \u015feyd\u0259n \u00fcst\u00fcn tutmaq h\u0259r bir g\u0259ncin borcudur.\u201d<\/p>\n<p>\u018f.Salahzad\u0259 bu m\u0259qam\u0131 b\u00f6y\u00fck q\u00fcrurla vur\u011fulay\u0131b ki, 44 g\u00fcnl\u00fck \u0130kinci Qaraba\u011f m\u00fcharib\u0259sind\u0259 tarixi Z\u0259f\u0259rimizi \u015f\u0259rtl\u0259ndir\u0259n \u0259sas amill\u0259r s\u0131ras\u0131nda g\u0259ncl\u0259rimizin torpaq, V\u0259t\u0259n sevgi \u0259sas yer tutur. Bu \u015fanl\u0131 Z\u0259f\u0259rimiz Az\u0259rbaycan xalq\u0131n\u0131n m\u0259\u011frurlu\u011funun, yenilm\u0259zliyinin, \u00f6z tarixin\u0259, milli-m\u0259n\u0259vi d\u0259y\u0259rl\u0259rin\u0259 sahib \u00e7\u0131xmas\u0131n\u0131n d\u00fcnyaya t\u0259qdimat\u0131 oldu.<\/p>\n<p>Deputat el bayram\u0131m\u0131z olan Novruz m\u00fcnasib\u0259til\u0259 ke\u00e7iril\u0259n t\u0259dbirl\u0259rin h\u0259r birind\u0259\u00a0 g\u0259l\u0259c\u0259yimizl\u0259 ba\u011fl\u0131 \u00e7a\u011f\u0131r\u0131\u015flar\u0131n yer ald\u0131\u011f\u0131n\u0131 bildirib: \u201cXalq\u0131 birl\u0259\u015fdir\u0259n bayram \u015f\u0259nlikl\u0259ri h\u0259m insanlarda xo\u015f ovqat, bayram \u0259hval-ruhiyy\u0259si yarad\u0131r, h\u0259m d\u0259\u00a0 ad\u0259t-\u0259n\u0259n\u0259l\u0259rimizin unudulmamas\u0131na, n\u0259sild\u0259n-n\u0259sl\u0259 \u00f6t\u00fcr\u00fclm\u0259sin\u0259 xidm\u0259t edir.\u00a0 Novruz b\u00fct\u00fcn \u00f6lk\u0259d\u0259 a\u015f\u0131qlar\u0131n, xan\u0259nd\u0259l\u0259rin, xalq m\u00fc\u011f\u0259nnil\u0259rin konsertl\u0259ri ke\u00e7iril\u0259n k\u00fctl\u0259vi bayramd\u0131r. Burada k\u0259ndirbazlar, p\u0259hl\u0259vanlar \u00f6z g\u00fccl\u0259rini n\u00fcmayi\u015f etdirir, meydanlarda kosa v\u0259 ke\u00e7\u0259lin i\u015ftirak\u0131 il\u0259\u00a0 tama\u015falar g\u00f6st\u0259rilir. Kosa q\u0131\u015f\u0131, ke\u00e7\u0259l is\u0259 yaz\u0131 simvoliz\u0259 edir.\u00a0 Bak\u0131da \u0259sas bayram t\u0259dbirl\u0259ri \u0259fsan\u0259vi Q\u0131z qalas\u0131n\u0131n \u0259traf\u0131nda ke\u00e7irilir. H\u0259min g\u00fcn\u00a0 qalan\u0131n y\u00fcks\u0259kliyini n\u0259h\u0259ng s\u0259m\u0259ni b\u0259z\u0259yir, g\u00f6z\u0259l Bahar q\u0131z\u0131 Q\u0131z qalas\u0131nda\u00a0 t\u0259bi\u0259tin oyanmas\u0131n\u0131, h\u0259yat\u0131 simvoliz\u0259 ed\u0259n m\u0259\u015f\u0259li yand\u0131r\u0131r\u201d.<\/p>\n<p>\u018f.Salahzad\u0259 Az\u0259rbaycan\u0131n\u00a0 milli birlik r\u0259mzi, bolluq, b\u0259r\u0259k\u0259t bayram\u0131 olan Novruz bayram\u0131n\u0131 b\u00fct\u00fcn sah\u0259l\u0259rd\u0259 qazand\u0131\u011f\u0131 m\u00f6ht\u0259\u015f\u0259m u\u011furlar\u0131 il\u0259 qeyd etdiyini bildirib: \u201c\u00d6lk\u0259mizin dayan\u0131ql\u0131 iqtisadi inki\u015faf\u0131 g\u00fccl\u00fc sosial siyas\u0259tl\u0259 m\u00fc\u015faiy\u0259t olunur. 2022-ci ilin ilk sosial paketind\u0259 yer alan Prezident F\u0259rman v\u0259 S\u0259r\u0259ncamlar\u0131 \u0259halinin sosial m\u00fcdafi\u0259sinin prioritetliyinin t\u0259sdiqidir. D\u00f6vl\u0259t ba\u015f\u00e7\u0131s\u0131 \u0130lham \u018fliyev daim bildirir ki, v\u0259t\u0259nda\u015f amili d\u00f6vl\u0259t siyas\u0259tinin \u0259sas\u0131n\u0131 t\u0259\u015fkil edir. Sosial-iqtisadi g\u00f6st\u0259ricil\u0259r yaln\u0131z r\u0259q\u0259ml\u0259rd\u0259 deyil, insanlar\u0131n g\u00fcnd\u0259lik h\u0259yat\u0131nda \u0259ksini tapmal\u0131d\u0131r.\u00a0 Son bir ild\u0259n art\u0131q d\u00f6vrd\u0259 i\u015f\u011faldan azad edilmi\u015f \u0259razil\u0259rimizd\u0259 geni\u015f miqyas alan b\u0259rpa v\u0259 quruculuq i\u015fl\u0259rinin \u0259sas\u0131nda da insanlar\u0131n y\u00fcks\u0259k \u015f\u0259raitd\u0259 ya\u015fay\u0131\u015f\u0131, m\u0259mnunluqlar\u0131n\u0131n t\u0259min olunmas\u0131\u00a0 dayan\u0131r. Bu g\u00fcn g\u00fccl\u00fc, q\u00fcdr\u0259tli, qalib Az\u0259rbaycan\u0131n h\u0259r bir\u00a0 b\u00f6lg\u0259sind\u0259, k\u0259nd v\u0259 q\u0259s\u0259b\u0259sind\u0259 Novruz ab-havas\u0131 ya\u015fan\u0131r, qalibiyy\u0259timiz bu sevinc\u0259 sevinc qat\u0131r\u201d.<\/p>\n","protected":false},"excerpt":{"rendered":"<p>Az\u0259rbaycan milli birlik r\u0259mzi olan Novruz bayram\u0131n\u0131 b\u00fct\u00fcn sah\u0259l\u0259rd\u0259 qazand\u0131\u011f\u0131 m\u00f6ht\u0259\u015f\u0259m u\u011furlar\u0131 il\u0259 qeyd edir Milli M\u0259clisin deputat\u0131 \u018fliabbas Salahzad\u0259 \u0259srl\u0259rin s\u0131na\u011f\u0131ndan \u00e7\u0131xm\u0131\u015f milli-m\u0259n\u0259vi d\u0259y\u0259rl\u0259rimizi, ad\u0259t-\u0259n\u0259n\u0259l\u0259rimizi \u00f6z\u00fcnd\u0259 ya\u015fadan Novruz bayram\u0131n\u0131n bu g\u00fcn xalq\u0131m\u0131zda yaratd\u0131\u011f\u0131 xo\u015f \u0259hval-ruhiyy\u0259d\u0259n, q\u00fcrur hissind\u0259n geni\u015f b\u0259hs ed\u0259r\u0259k bildirib ki, art\u0131q iki ildir Novruz tonqallar\u0131 i\u015f\u011faldan azad edilmi\u015f torpaqlar\u0131m\u0131zda alovland\u0131r\u0131l\u0131r. D\u00f6vl\u0259t ba\u015f\u00e7\u0131s\u0131, M\u00fcz\u0259ff\u0259r Ali Ba\u015f Komandan \u0130lham \u018fliyevin \u00f6t\u0259n il \u015eu\u015fada C\u0131d\u0131r d\u00fcz\u00fcnd\u0259 alovland\u0131rd\u0131\u011f\u0131 bayram tonqal\u0131 xalq\u0131m\u0131z\u0131n 30 il\u0259 yax\u0131n d\u00f6vrd\u0259\u00a0 s\u0259birsizlik\u0259 g\u00f6zl\u0259diyi g\u00fcn idi: \u201c\u00d6lk\u0259 Prezidenti C\u0131d\u0131r d\u00fcz\u00fcnd\u0259n m\u00fcraci\u0259tind\u0259 d\u0259 bu m\u0259qam\u0131 x\u00fcsusi qeyd etmi\u015fdir ki,\u00a0&hellip;<\/p>\n","protected":false},"author":2,"featured_media":451892,"comment_status":"closed","ping_status":"closed","sticky":false,"template":"","format":"standard","meta":{"om_disable_all_campaigns":false,"_monsterinsights_skip_tracking":false,"_monsterinsights_sitenote_active":false,"_monsterinsights_sitenote_note":"","_monsterinsights_sitenote_category":0},"categories":[1],"tags":[],"aioseo_notices":[],"gutentor_comment":0,"rttpg_featured_image_url":{"full":["https:\/\/arantv.az\/wp-content\/uploads\/2022\/03\/0635859916134601598082736031020935.jpg",975,540,false],"landscape":["https:\/\/arantv.az\/wp-content\/uploads\/2022\/03\/0635859916134601598082736031020935.jpg",975,540,false],"portraits":["https:\/\/arantv.az\/wp-content\/uploads\/2022\/03\/0635859916134601598082736031020935.jpg",975,540,false],"thumbnail":["https:\/\/arantv.az\/wp-content\/uploads\/2022\/03\/0635859916134601598082736031020935-500x280.jpg",500,280,true],"medium":["https:\/\/arantv.az\/wp-content\/uploads\/2022\/03\/0635859916134601598082736031020935-660x365.jpg",660,365,true],"large":["https:\/\/arantv.az\/wp-content\/uploads\/2022\/03\/0635859916134601598082736031020935-840x465.jpg",640,354,true],"1536x1536":["https:\/\/arantv.az\/wp-content\/uploads\/2022\/03\/0635859916134601598082736031020935.jpg",975,540,false],"2048x2048":["https:\/\/arantv.az\/wp-content\/uploads\/2022\/03\/0635859916134601598082736031020935.jpg",975,540,false],"post-thumbnail":["https:\/\/arantv.az\/wp-content\/uploads\/2022\/03\/0635859916134601598082736031020935-240x172.jpg",240,172,true],"advps-thumb-one":["https:\/\/arantv.az\/wp-content\/uploads\/2022\/03\/0635859916134601598082736031020935.jpg",975,540,false]},"rttpg_author":{"display_name":"V\u00fcsal Rafiqo\u011flu","author_link":"https:\/\/arantv.az\/?author=2"},"rttpg_comment":0,"rttpg_category":"<a href=\"https:\/\/arantv.az\/?cat=1\" rel=\"category\">C\u0259miyy\u0259t<\/a>","rttpg_excerpt":"Az\u0259rbaycan milli birlik r\u0259mzi olan Novruz bayram\u0131n\u0131 b\u00fct\u00fcn sah\u0259l\u0259rd\u0259 qazand\u0131\u011f\u0131 m\u00f6ht\u0259\u015f\u0259m u\u011furlar\u0131 il\u0259 qeyd edir Milli M\u0259clisin deputat\u0131 \u018fliabbas Salahzad\u0259 \u0259srl\u0259rin s\u0131na\u011f\u0131ndan \u00e7\u0131xm\u0131\u015f milli-m\u0259n\u0259vi d\u0259y\u0259rl\u0259rimizi, ad\u0259t-\u0259n\u0259n\u0259l\u0259rimizi \u00f6z\u00fcnd\u0259 ya\u015fadan Novruz bayram\u0131n\u0131n bu g\u00fcn xalq\u0131m\u0131zda yaratd\u0131\u011f\u0131 xo\u015f \u0259hval-ruhiyy\u0259d\u0259n, q\u00fcrur hissind\u0259n geni\u015f b\u0259hs ed\u0259r\u0259k bildirib ki, art\u0131q iki ildir Novruz tonqallar\u0131 i\u015f\u011faldan azad edilmi\u015f torpaqlar\u0131m\u0131zda alovland\u0131r\u0131l\u0131r. D\u00f6vl\u0259t ba\u015f\u00e7\u0131s\u0131,&hellip;","_links":{"self":[{"href":"https:\/\/arantv.az\/index.php?rest_route=\/wp\/v2\/posts\/451891"}],"collection":[{"href":"https:\/\/arantv.az\/index.php?rest_route=\/wp\/v2\/posts"}],"about":[{"href":"https:\/\/arantv.az\/index.php?rest_route=\/wp\/v2\/types\/post"}],"author":[{"embeddable":true,"href":"https:\/\/arantv.az\/index.php?rest_route=\/wp\/v2\/users\/2"}],"replies":[{"embeddable":true,"href":"https:\/\/arantv.az\/index.php?rest_route=%2Fwp%2Fv2%2Fcomments&post=451891"}],"version-history":[{"count":0,"href":"https:\/\/arantv.az\/index.php?rest_route=\/wp\/v2\/posts\/451891\/revisions"}],"wp:featuredmedia":[{"embeddable":true,"href":"https:\/\/arantv.az\/index.php?rest_route=\/wp\/v2\/media\/451892"}],"wp:attachment":[{"href":"https:\/\/arantv.az\/index.php?rest_route=%2Fwp%2Fv2%2Fmedia&parent=451891"}],"wp:term":[{"taxonomy":"category","embeddable":true,"href":"https:\/\/arantv.az\/index.php?rest_route=%2Fwp%2Fv2%2Fcategories&post=451891"},{"taxonomy":"post_tag","embeddable":true,"href":"https:\/\/arantv.az\/index.php?rest_route=%2Fwp%2Fv2%2Ftags&post=451891"}],"curies":[{"name":"wp","href":"https:\/\/api.w.org\/{rel}","templated":true}]}}